{"id":15082,"date":"2024-10-09T14:01:46","date_gmt":"2024-10-09T17:01:46","guid":{"rendered":"https:\/\/guialimeira.com.br\/2024\/10\/09\/terceiro-voo-da-fab-sai-do-libano-com-218-resgatados-a-bordo\/"},"modified":"2024-10-09T14:01:46","modified_gmt":"2024-10-09T17:01:46","slug":"terceiro-voo-da-fab-sai-do-libano-com-218-resgatados-a-bordo","status":"publish","type":"post","link":"https:\/\/guialimeira.com.br\/news\/terceiro-voo-da-fab-sai-do-libano-com-218-resgatados-a-bordo\/","title":{"rendered":"Terceiro voo da FAB sai do L\u00edbano com 218 resgatados a bordo"},"content":{"rendered":"<p> <br \/>\n<\/p>\n<div>\n<p>A aeronave KC-30, da For\u00e7a A\u00e9rea Brasileira (FAB), decolou de Beirute, no L\u00edbano, \u00e0s 13h15 (hor\u00e1rio de Bras\u00edlia) desta quarta-feira (9) com\u00a0218 resgatados e\u00a05 pets a bordo.<img data-recalc-dims=\"1\" decoding=\"async\" src=\"https:\/\/i0.wp.com\/agenciabrasil.ebc.com.br\/ebc.png?w=696&#038;ssl=1\" style=\"width:1px; height:1px; display:inline;\"\/><img data-recalc-dims=\"1\" decoding=\"async\" src=\"https:\/\/i0.wp.com\/agenciabrasil.ebc.com.br\/ebc.gif?w=696&#038;ssl=1\" style=\"width:1px; height:1px; display:inline;\"\/><\/p>\n<p>Este \u00e9 o terceiro voo da Opera\u00e7\u00e3o Ra\u00edzes do Cedro, de repatria\u00e7\u00e3o de brasileiros. A aeronave far\u00e1 uma escala em Lisboa, em Portugal, para reabastecimento, e segue para a Base A\u00e9rea de S\u00e3o Paulo, em Guarulhos (SP).\u00a0<\/p>\n<p>A Opera\u00e7\u00e3o Ra\u00edzes do Cedro, segundo o comando da Aeron\u00e1utica, ter\u00e1 car\u00e1ter cont\u00ednuo.<\/p>\n<p>No domingo (6) o <a href=\"https:\/\/agenciabrasil.ebc.com.br\/internacional\/noticia\/2024-10\/aviao-da-fab-com-brasileiros-repatriados-pousa-em-sao-paulo\" target=\"_blank\" rel=\"noopener\">primeiro voo da opera\u00e7\u00e3o<\/a> chegou na Base A\u00e9rea de S\u00e3o Paulo com 228 repatriados.\u00a0O <a href=\"https:\/\/agenciabrasil.ebc.com.br\/internacional\/noticia\/2024-10\/segundo-voo-da-operacao-raizes-do-cedro-chega-sao-paulo\" target=\"_blank\" rel=\"noopener\">segundo voo de repatria\u00e7\u00e3o<\/a> aterrissou nesta ter\u00e7a-feira, \u00e0s 6h58, com 227 passageiros.<\/p>\n<p>De acordo com o governo, aproximadamente\u00a0<a href=\"https:\/\/agenciabrasil.ebc.com.br\/internacional\/noticia\/2024-10\/cerca-de-3-mil-brasileiros-querem-sair-do-libano-diz-itamaraty\" target=\"_blank\" rel=\"noopener\">3\u00a0mil pessoas no L\u00edbano solicitaram apoio do Brasil\u00a0para deixar o pa\u00eds<\/a>.\u00a0A estimativa \u00e9 que cerca de 20 mil brasileiros vivam no L\u00edbano.<\/p>\n<p>      <!-- Relacionada --><\/p>\n<p>            <!-- Relacionada -->\n    <\/div>\n<p><br \/>\n<br \/><a href=\"https:\/\/agenciabrasil.ebc.com.br\/internacional\/noticia\/2024-10\/terceiro-voo-da-fab-sai-do-libano-com-218-resgatados-bordo\" rel=\"noopener\">Ag\u00eancia Brasil <\/a><\/p>\n","protected":false},"excerpt":{"rendered":"<p>A aeronave KC-30, da For\u00e7a A\u00e9rea Brasileira (FAB), decolou de Beirute, no L\u00edbano, \u00e0s 13h15 (hor\u00e1rio de Bras\u00edlia) desta quarta-feira (9) com\u00a0218 resgatados e\u00a05 pets a bordo. Este \u00e9 o terceiro voo da Opera\u00e7\u00e3o Ra\u00edzes do Cedro, de repatria\u00e7\u00e3o de brasileiros. A aeronave far\u00e1 uma escala em Lisboa, em Portugal, para reabastecimento, e segue para [&hellip;]<\/p>\n","protected":false},"author":1,"featured_media":15053,"comment_status":"open","ping_status":"open","sticky":false,"template":"","format":"standard","meta":{"_jetpack_newsletter_access":"","_jetpack_dont_email_post_to_subs":false,"_jetpack_newsletter_tier_id":0,"_jetpack_memberships_contains_paywalled_content":false,"_mbp_banners":[],"_jetpack_feature_clip_id":0,"_jetpack_memberships_contains_paid_content":false,"footnotes":"","jetpack_publicize_message":"","jetpack_publicize_feature_enabled":true,"jetpack_social_post_already_shared":true,"jetpack_social_options":{"image_generator_settings":{"template":"highway","default_image_id":0,"font":"","enabled":false},"version":2},"jetpack_post_was_ever_published":false},"categories":[25],"tags":[],"class_list":["post-15082","post","type-post","status-publish","format-standard","has-post-thumbnail","category-internacional"],"jetpack_publicize_connections":[],"jetpack-related-posts":[],"jetpack_shortlink":"https:\/\/wp.me\/p7Eq1F-3Vg","jetpack_sharing_enabled":true,"jetpack_featured_media_url":"https:\/\/i0.wp.com\/guialimeira.com.br\/news\/wp-content\/uploads\/2024\/10\/whatsapp_image_2024-10-06_at_11.40.09.jpg?fit=1600%2C800&ssl=1","_links":{"self":[{"href":"https:\/\/guialimeira.com.br\/news\/wp-json\/wp\/v2\/posts\/15082","targetHints":{"allow":["GET"]}}],"collection":[{"href":"https:\/\/guialimeira.com.br\/news\/wp-json\/wp\/v2\/posts"}],"about":[{"href":"https:\/\/guialimeira.com.br\/news\/wp-json\/wp\/v2\/types\/post"}],"author":[{"embeddable":true,"href":"https:\/\/guialimeira.com.br\/news\/wp-json\/wp\/v2\/users\/1"}],"replies":[{"embeddable":true,"href":"https:\/\/guialimeira.com.br\/news\/wp-json\/wp\/v2\/comments?post=15082"}],"version-history":[{"count":0,"href":"https:\/\/guialimeira.com.br\/news\/wp-json\/wp\/v2\/posts\/15082\/revisions"}],"wp:featuredmedia":[{"embeddable":true,"href":"https:\/\/guialimeira.com.br\/news\/wp-json\/wp\/v2\/media\/15053"}],"wp:attachment":[{"href":"https:\/\/guialimeira.com.br\/news\/wp-json\/wp\/v2\/media?parent=15082"}],"wp:term":[{"taxonomy":"category","embeddable":true,"href":"https:\/\/guialimeira.com.br\/news\/wp-json\/wp\/v2\/categories?post=15082"},{"taxonomy":"post_tag","embeddable":true,"href":"https:\/\/guialimeira.com.br\/news\/wp-json\/wp\/v2\/tags?post=15082"}],"curies":[{"name":"wp","href":"https:\/\/api.w.org\/{rel}","templated":true}]}}