{"id":15079,"date":"2024-10-09T11:59:46","date_gmt":"2024-10-09T14:59:46","guid":{"rendered":"https:\/\/guialimeira.com.br\/2024\/10\/09\/vieira-espera-que-conversa-entre-biden-e-netanyahu-reduza-violencia\/"},"modified":"2024-10-09T11:59:46","modified_gmt":"2024-10-09T14:59:46","slug":"vieira-espera-que-conversa-entre-biden-e-netanyahu-reduza-violencia","status":"publish","type":"post","link":"https:\/\/guialimeira.com.br\/news\/vieira-espera-que-conversa-entre-biden-e-netanyahu-reduza-violencia\/","title":{"rendered":"Vieira espera que conversa entre Biden e Netanyahu reduza viol\u00eancia"},"content":{"rendered":"<p> <br \/>\n<\/p>\n<div>\n<p>O ministro das Rela\u00e7\u00f5es Exteriores, Mauro Vieira, espera que o presidente dos Estados Unidos, Joe Biden, possa contribuir para reduzir a escalada de viol\u00eancia no L\u00edbano. Vieira participou do programa <em>Bom dia, Ministro<\/em>, do <strong>Canal Gov<\/strong>, e falou sobre o conflito no Oriente M\u00e9dio e na disposi\u00e7\u00e3o do Brasil por negociar a paz na regi\u00e3o.<img data-recalc-dims=\"1\" decoding=\"async\" src=\"https:\/\/i0.wp.com\/agenciabrasil.ebc.com.br\/ebc.png?w=696&#038;ssl=1\" style=\"width:1px; height:1px; display:inline;\"\/><img data-recalc-dims=\"1\" decoding=\"async\" src=\"https:\/\/i0.wp.com\/agenciabrasil.ebc.com.br\/ebc.gif?w=696&#038;ssl=1\" style=\"width:1px; height:1px; display:inline;\"\/><\/p>\n<p>\u201cEu espero que a conversa telef\u00f4nica do presidente Biden com o primeiro-ministro de Israel surta efeitos, da mesma forma que o governo russo possa, em suas intera\u00e7\u00f5es e conversas com o governo iraniano, conter o ataque ou outro tipo de a\u00e7\u00e3o militar. Porque disso ningu\u00e9m sai ganhando. S\u00f3 haver\u00e1 mais mortes e perdas, inclusive, de infraestrutura nos pa\u00edses\u201d, disse o chanceler.<\/p>\n<p>De acordo com a ag\u00eancia de not\u00edcias Reuters, Biden deve telefonar para o primeiro-ministro de Israel, Benjamin Netayahu, nesta quarta-feira (9), para falar sobre os planos de Israel para atacar o Ir\u00e3. Existe a expectativa de uma retalia\u00e7\u00e3o de Israel a um ataque iraniano ocorrido na \u00faltima semana. Esse ataque, por\u00e9m, n\u00e3o provocou mortes.<\/p>\n<p>Vieira refor\u00e7ou a inten\u00e7\u00e3o do Brasil de negociar a paz na regi\u00e3o. \u201cO n\u00famero de mortos no conflito na Palestina j\u00e1 passa de 41 mil. No L\u00edbano j\u00e1 h\u00e1 1,2 milh\u00e3o de deslocados, h\u00e1 mais de 2 mil mortes. \u00c9 isso que o Brasil, por sua tradi\u00e7\u00e3o diplom\u00e1tica, tenta evitar, tenta combater, critica e est\u00e1 sempre pronto a manter uma conversa com qualquer pa\u00eds que queira trabalhar por uma solu\u00e7\u00e3o pac\u00edfica e negociada de todas as diferen\u00e7as\u201d.<\/p>\n<h2>Resgate de brasileiros<\/h2>\n<p>O ministro refor\u00e7ou as estimativas do governo brasileiro em <a href=\"https:\/\/agenciabrasil.ebc.com.br\/internacional\/noticia\/2024-10\/cerca-de-3-mil-brasileiros-querem-sair-do-libano-diz-itamaraty\" target=\"_blank\" rel=\"noopener\">resgatar 3 mil brasileiros<\/a> residentes no L\u00edbano. Segundo ele, uma grande parte dos 20 mil brasileiros que vivem no pa\u00eds entraram em contato com a embaixada brasileira. \u201cEu acredito que at\u00e9 a realiza\u00e7\u00e3o dos voos alguns desistam por raz\u00f5es variadas, mas eu me arriscaria a projetar em torno de 3 mil, que precisar\u00e3o desse apoio do governo brasileiro, que ser\u00e1 dado\u201d. <a href=\"https:\/\/agenciabrasil.ebc.com.br\/internacional\/noticia\/2024-10\/aeronave-parte-de-sp-para-terceiro-voo-de-repatriacao-de-brasileiros\" target=\"_blank\" rel=\"noopener\">Um terceiro voo j\u00e1 est\u00e1 a caminho de Beirute<\/a>, onde ficar\u00e1 cerca de 3 horas para o embarque dos brasileiros e voltar\u00e1 em seguida.<\/p>\n<p>      <!-- Relacionada --><\/p>\n<p>            <!-- Relacionada -->\n    <\/div>\n<p><br \/>\n<br \/><a href=\"https:\/\/agenciabrasil.ebc.com.br\/internacional\/noticia\/2024-10\/vieira-espera-que-conversa-entre-biden-e-netanyahu-reduza-violencia\" rel=\"noopener\">Ag\u00eancia Brasil <\/a><\/p>\n","protected":false},"excerpt":{"rendered":"<p>O ministro das Rela\u00e7\u00f5es Exteriores, Mauro Vieira, espera que o presidente dos Estados Unidos, Joe Biden, possa contribuir para reduzir a escalada de viol\u00eancia no L\u00edbano. Vieira participou do programa Bom dia, Ministro, do Canal Gov, e falou sobre o conflito no Oriente M\u00e9dio e na disposi\u00e7\u00e3o do Brasil por negociar a paz na regi\u00e3o. [&hellip;]<\/p>\n","protected":false},"author":1,"featured_media":15080,"comment_status":"open","ping_status":"open","sticky":false,"template":"","format":"standard","meta":{"_jetpack_newsletter_access":"","_jetpack_dont_email_post_to_subs":false,"_jetpack_newsletter_tier_id":0,"_jetpack_memberships_contains_paywalled_content":false,"_mbp_banners":[],"_jetpack_feature_clip_id":0,"_jetpack_memberships_contains_paid_content":false,"footnotes":"","jetpack_publicize_message":"","jetpack_publicize_feature_enabled":true,"jetpack_social_post_already_shared":true,"jetpack_social_options":{"image_generator_settings":{"template":"highway","default_image_id":0,"font":"","enabled":false},"version":2},"jetpack_post_was_ever_published":false},"categories":[25],"tags":[],"class_list":["post-15079","post","type-post","status-publish","format-standard","has-post-thumbnail","category-internacional"],"jetpack_publicize_connections":[],"jetpack-related-posts":[],"jetpack_shortlink":"https:\/\/wp.me\/p7Eq1F-3Vd","jetpack_sharing_enabled":true,"jetpack_featured_media_url":"https:\/\/i0.wp.com\/guialimeira.com.br\/news\/wp-content\/uploads\/2024\/10\/mg_1729.jpg?fit=1600%2C800&ssl=1","_links":{"self":[{"href":"https:\/\/guialimeira.com.br\/news\/wp-json\/wp\/v2\/posts\/15079","targetHints":{"allow":["GET"]}}],"collection":[{"href":"https:\/\/guialimeira.com.br\/news\/wp-json\/wp\/v2\/posts"}],"about":[{"href":"https:\/\/guialimeira.com.br\/news\/wp-json\/wp\/v2\/types\/post"}],"author":[{"embeddable":true,"href":"https:\/\/guialimeira.com.br\/news\/wp-json\/wp\/v2\/users\/1"}],"replies":[{"embeddable":true,"href":"https:\/\/guialimeira.com.br\/news\/wp-json\/wp\/v2\/comments?post=15079"}],"version-history":[{"count":0,"href":"https:\/\/guialimeira.com.br\/news\/wp-json\/wp\/v2\/posts\/15079\/revisions"}],"wp:featuredmedia":[{"embeddable":true,"href":"https:\/\/guialimeira.com.br\/news\/wp-json\/wp\/v2\/media\/15080"}],"wp:attachment":[{"href":"https:\/\/guialimeira.com.br\/news\/wp-json\/wp\/v2\/media?parent=15079"}],"wp:term":[{"taxonomy":"category","embeddable":true,"href":"https:\/\/guialimeira.com.br\/news\/wp-json\/wp\/v2\/categories?post=15079"},{"taxonomy":"post_tag","embeddable":true,"href":"https:\/\/guialimeira.com.br\/news\/wp-json\/wp\/v2\/tags?post=15079"}],"curies":[{"name":"wp","href":"https:\/\/api.w.org\/{rel}","templated":true}]}}