{"id":15067,"date":"2024-10-08T13:36:39","date_gmt":"2024-10-08T16:36:39","guid":{"rendered":"https:\/\/guialimeira.com.br\/2024\/10\/08\/aeronave-parte-de-sp-para-terceiro-voo-de-repatriacao-de-brasileiros\/"},"modified":"2024-10-08T13:36:39","modified_gmt":"2024-10-08T16:36:39","slug":"aeronave-parte-de-sp-para-terceiro-voo-de-repatriacao-de-brasileiros","status":"publish","type":"post","link":"https:\/\/guialimeira.com.br\/news\/aeronave-parte-de-sp-para-terceiro-voo-de-repatriacao-de-brasileiros\/","title":{"rendered":"Aeronave parte de SP para terceiro voo de repatria\u00e7\u00e3o de brasileiros"},"content":{"rendered":"<p> <br \/>\n<\/p>\n<div>\n<p>A aeronave KC-30, da For\u00e7a A\u00e9rea Brasileira (FAB),\u00a0decolou da Base A\u00e9rea de S\u00e3o Paulo, em Guarulhos (SP), \u00e0s 12h25 (hor\u00e1rio de Bras\u00edlia) nesta ter\u00e7a-feira (8), com destino ao L\u00edbano. Esse \u00e9 o terceiro voo da Opera\u00e7\u00e3o Ra\u00edzes do Cedro\u00a0para repatria\u00e7\u00e3o de brasileiros.<img data-recalc-dims=\"1\" decoding=\"async\" src=\"https:\/\/i0.wp.com\/agenciabrasil.ebc.com.br\/ebc.png?w=696&#038;ssl=1\" style=\"width:1px; height:1px; display:inline;\"\/><img data-recalc-dims=\"1\" decoding=\"async\" src=\"https:\/\/i0.wp.com\/agenciabrasil.ebc.com.br\/ebc.gif?w=696&#038;ssl=1\" style=\"width:1px; height:1px; display:inline;\"\/><\/p>\n<p>A aeronave far\u00e1 um escala em Lisboa, em Portugal, para reabastecimento e segue para Beirute. O voo at\u00e9 Portugal\u00a0tem dura\u00e7\u00e3o prevista de 9 horas e 20 minutos.<\/p>\n<h2>Primeiras fases<\/h2>\n<p>No domingo (6) chegou ao Brasil\u00a0o\u00a0<a href=\"https:\/\/agenciabrasil.ebc.com.br\/internacional\/noticia\/2024-10\/aviao-da-fab-com-brasileiros-repatriados-pousa-em-sao-paulo\" target=\"_blank\" rel=\"noopener\">primeiro voo da opera\u00e7\u00e3o, com 228 brasileiros<\/a>. Eles foram recebidos pela presidente Luiz In\u00e1cio Lula da Silva que\u00a0fez um r\u00e1pido discurso para os repatriados criticando o posicionamento de Israel de &#8220;matar inocentes, mulheres e crian\u00e7as, sem nenhum respeito pela vida humana&#8221;.\u00a0<\/p>\n<p>&#8220;O Brasil \u00e9\u00a0um pa\u00eds generoso e n\u00e3o tem contencioso com nenhum pa\u00eds do mundo porque a gente n\u00e3o deseja guerra. A guerra s\u00f3 destr\u00f3i. O que constr\u00f3i \u00e9 a paz&#8221;, disse o presidente.\u00a0<\/p>\n<p>Nesta ter\u00e7a (8), o <a href=\"https:\/\/agenciabrasil.ebc.com.br\/internacional\/noticia\/2024-10\/segundo-voo-da-operacao-cedro-chega-sao-paulo\" target=\"_blank\" rel=\"noopener\">segundo voo com 227 brasileiros<\/a>\u00a0&#8211; incluindo 49 crian\u00e7as (7 de colo) &#8211; e 3 pets a bordo pousou em Guarulhos\u00a0\u00e0s 6h58.<\/p>\n<h2>Veja imagens da chegada dos brasileiros nesta ter\u00e7a-feira:<\/h2>\n<h2>\u00a0<\/h2>\n<p>\u00a0<\/p>\n<p>      <!-- Relacionada --><\/p>\n<p>            <!-- Relacionada -->\n    <\/div>\n<p><br \/>\n<br \/><a href=\"https:\/\/agenciabrasil.ebc.com.br\/internacional\/noticia\/2024-10\/aeronave-parte-de-sp-para-terceiro-voo-de-repatriacao-de-brasileiros\" rel=\"noopener\">Ag\u00eancia Brasil <\/a><\/p>\n","protected":false},"excerpt":{"rendered":"<p>A aeronave KC-30, da For\u00e7a A\u00e9rea Brasileira (FAB),\u00a0decolou da Base A\u00e9rea de S\u00e3o Paulo, em Guarulhos (SP), \u00e0s 12h25 (hor\u00e1rio de Bras\u00edlia) nesta ter\u00e7a-feira (8), com destino ao L\u00edbano. Esse \u00e9 o terceiro voo da Opera\u00e7\u00e3o Ra\u00edzes do Cedro\u00a0para repatria\u00e7\u00e3o de brasileiros. A aeronave far\u00e1 um escala em Lisboa, em Portugal, para reabastecimento e segue [&hellip;]<\/p>\n","protected":false},"author":1,"featured_media":15068,"comment_status":"open","ping_status":"open","sticky":false,"template":"","format":"standard","meta":{"_jetpack_newsletter_access":"","_jetpack_dont_email_post_to_subs":false,"_jetpack_newsletter_tier_id":0,"_jetpack_memberships_contains_paywalled_content":false,"_mbp_banners":[],"_jetpack_feature_clip_id":0,"_jetpack_memberships_contains_paid_content":false,"footnotes":"","jetpack_publicize_message":"","jetpack_publicize_feature_enabled":true,"jetpack_social_post_already_shared":true,"jetpack_social_options":{"image_generator_settings":{"template":"highway","default_image_id":0,"font":"","enabled":false},"version":2},"jetpack_post_was_ever_published":false},"categories":[25],"tags":[],"class_list":["post-15067","post","type-post","status-publish","format-standard","has-post-thumbnail","category-internacional"],"jetpack_publicize_connections":[],"jetpack-related-posts":[],"jetpack_shortlink":"https:\/\/wp.me\/p7Eq1F-3V1","jetpack_sharing_enabled":true,"jetpack_featured_media_url":"https:\/\/i0.wp.com\/guialimeira.com.br\/news\/wp-content\/uploads\/2024\/10\/libaneses_guarulhos_27.jpg?fit=1600%2C800&ssl=1","_links":{"self":[{"href":"https:\/\/guialimeira.com.br\/news\/wp-json\/wp\/v2\/posts\/15067","targetHints":{"allow":["GET"]}}],"collection":[{"href":"https:\/\/guialimeira.com.br\/news\/wp-json\/wp\/v2\/posts"}],"about":[{"href":"https:\/\/guialimeira.com.br\/news\/wp-json\/wp\/v2\/types\/post"}],"author":[{"embeddable":true,"href":"https:\/\/guialimeira.com.br\/news\/wp-json\/wp\/v2\/users\/1"}],"replies":[{"embeddable":true,"href":"https:\/\/guialimeira.com.br\/news\/wp-json\/wp\/v2\/comments?post=15067"}],"version-history":[{"count":0,"href":"https:\/\/guialimeira.com.br\/news\/wp-json\/wp\/v2\/posts\/15067\/revisions"}],"wp:featuredmedia":[{"embeddable":true,"href":"https:\/\/guialimeira.com.br\/news\/wp-json\/wp\/v2\/media\/15068"}],"wp:attachment":[{"href":"https:\/\/guialimeira.com.br\/news\/wp-json\/wp\/v2\/media?parent=15067"}],"wp:term":[{"taxonomy":"category","embeddable":true,"href":"https:\/\/guialimeira.com.br\/news\/wp-json\/wp\/v2\/categories?post=15067"},{"taxonomy":"post_tag","embeddable":true,"href":"https:\/\/guialimeira.com.br\/news\/wp-json\/wp\/v2\/tags?post=15067"}],"curies":[{"name":"wp","href":"https:\/\/api.w.org\/{rel}","templated":true}]}}