{"id":15064,"date":"2024-10-07T20:19:44","date_gmt":"2024-10-07T23:19:44","guid":{"rendered":"https:\/\/guialimeira.com.br\/2024\/10\/07\/ataque-do-hamas-contra-israel-completa-um-ano-gaza-vive-pesadelo\/"},"modified":"2024-10-07T20:19:44","modified_gmt":"2024-10-07T23:19:44","slug":"ataque-do-hamas-contra-israel-completa-um-ano-gaza-vive-pesadelo","status":"publish","type":"post","link":"https:\/\/guialimeira.com.br\/news\/ataque-do-hamas-contra-israel-completa-um-ano-gaza-vive-pesadelo\/","title":{"rendered":"Ataque do Hamas contra Israel completa um ano; Gaza vive pesadelo"},"content":{"rendered":"<p> <br \/>\n<\/p>\n<div>\n<p>Uma multid\u00e3o se reuniu em frente \u00e0 casa do primeiro-ministro israelense Benjamin Netanyahu, em Jerusal\u00e9m, e escutou em sil\u00eancio o som da sirene, que tocou \u00e0s 6h29. Esse \u00e9 o hor\u00e1rio exato do in\u00edcio do ataque do Hamas contra Israel h\u00e1 um ano.<img data-recalc-dims=\"1\" decoding=\"async\" src=\"https:\/\/i0.wp.com\/agenciabrasil.ebc.com.br\/ebc.png?w=696&#038;ssl=1\" style=\"width:1px; height:1px; display:inline;\"\/><img data-recalc-dims=\"1\" decoding=\"async\" src=\"https:\/\/i0.wp.com\/agenciabrasil.ebc.com.br\/ebc.gif?w=696&#038;ssl=1\" style=\"width:1px; height:1px; display:inline;\"\/><\/p>\n<p>No total, 1.200 israelenses morreram naquele dia. O grupo organizou o ato tamb\u00e9m para lembrar ao governo que est\u00e1 insatisfeito com os rumos da guerra, uma vez que, at\u00e9 hoje, mais de 100 ref\u00e9ns continuam em Gaza, sob o poder dos militantes do Hamas.<\/p>\n<p>Em Tel Aviv, familiares e amigos de v\u00edtimas do ataque tamb\u00e9m protestaram na Pra\u00e7a dos Ref\u00e9ns. Comunidades judaicas ao redor do mundo lembraram aqueles que perderam a vida no conflito.<\/p>\n<p>Na Cisjord\u00e2nia, as homenagens foram direcionadas aos mais de 42 mil palestinos mortos na ofensiva israelense contra o Hamas. Em v\u00e1rias cidades europeias, multid\u00f5es pediram o fim da guerra e do que chamam de genoc\u00eddio contra o povo palestino.<\/p>\n<p>A guerra entre Israel e o Hamas devastou a Faixa de Gaza. Al\u00e9m dos mais de 42 mil mortos, a maioria civis, o conflito tamb\u00e9m obrigou quase toda a popula\u00e7\u00e3o do territ\u00f3rio a se deslocar. S\u00e3o 2,3 mi pessoas vivendo em tendas improvisadas, sem \u00e1gua pot\u00e1vel, sem comida suficiente e com um sistema de sa\u00fade praticamente inexistente. Israel \u00e9 acusado de violar leis humanit\u00e1rias e foi denunciado ao Tribunal Penal Internacional.<\/p>\n<p>Apesar dos apelos internacionais, o conflito n\u00e3o parece estar perto do fim. Pelo contr\u00e1rio. Nesta segunda-feira (7), Israel informou que uma salva de m\u00edsseis lan\u00e7ados pelo Hamas atingiu a capital do pa\u00eds, Tel Aviv. E um bombardeio a\u00e9reo israelense contra Jabalya, o maior campo de refugiados de Gaza, causou a morte de 52 pessoas.<\/p>\n<p>O primeiro-ministro israelense Benjamin Netanyahu, que est\u00e1 nos Estados Unidos, n\u00e3o mencionou paz neste 7 de outubro. Ele afirmou que o povo judeu sofreu o maior ataque de sua hist\u00f3ria desde o Holocausto e que est\u00e1 lutando como \u201cle\u00f5es\u201d contra os inimigos.<\/p>\n<p>A guerra tamb\u00e9m se expandiu para outros pa\u00edses do Oriente M\u00e9dio. No L\u00edbano, bombardeios israelenses no sul do pa\u00eds e na capital, Beirute, j\u00e1 mataram mais de 2 mil pessoas e obrigaram mais de um milh\u00e3o a fugir de suas casas. Al\u00e9m disso, h\u00e1 ataques m\u00fatuos entre Israel e grupos no I\u00eamen e no Ir\u00e3, uma escalada que torna ainda mais tensa as j\u00e1 complexas rela\u00e7\u00f5es entre as na\u00e7\u00f5es da regi\u00e3o.<\/p>\n<p><em>*Com informa\u00e7\u00f5es da Reuters. Este conte\u00fado (texto e foto) n\u00e3o pode ser reproduzido.<\/em><\/p>\n<p>      <!-- Relacionada --><\/p>\n<p>            <!-- Relacionada -->\n    <\/div>\n<p><br \/>\n<br \/><a href=\"https:\/\/agenciabrasil.ebc.com.br\/internacional\/noticia\/2024-10\/ataque-do-hamas-contra-israel-completa-um-ano-gaza-vive-pesadelo\" rel=\"noopener\">Ag\u00eancia Brasil <\/a><\/p>\n","protected":false},"excerpt":{"rendered":"<p>Uma multid\u00e3o se reuniu em frente \u00e0 casa do primeiro-ministro israelense Benjamin Netanyahu, em Jerusal\u00e9m, e escutou em sil\u00eancio o som da sirene, que tocou \u00e0s 6h29. Esse \u00e9 o hor\u00e1rio exato do in\u00edcio do ataque do Hamas contra Israel h\u00e1 um ano. No total, 1.200 israelenses morreram naquele dia. O grupo organizou o ato [&hellip;]<\/p>\n","protected":false},"author":1,"featured_media":15065,"comment_status":"open","ping_status":"open","sticky":false,"template":"","format":"standard","meta":{"_jetpack_newsletter_access":"","_jetpack_dont_email_post_to_subs":false,"_jetpack_newsletter_tier_id":0,"_jetpack_memberships_contains_paywalled_content":false,"_mbp_banners":[],"_jetpack_feature_clip_id":0,"_jetpack_memberships_contains_paid_content":false,"footnotes":"","jetpack_publicize_message":"","jetpack_publicize_feature_enabled":true,"jetpack_social_post_already_shared":true,"jetpack_social_options":{"image_generator_settings":{"template":"highway","default_image_id":0,"font":"","enabled":false},"version":2},"jetpack_post_was_ever_published":false},"categories":[25],"tags":[],"class_list":["post-15064","post","type-post","status-publish","format-standard","has-post-thumbnail","category-internacional"],"jetpack_publicize_connections":[],"jetpack-related-posts":[],"jetpack_shortlink":"https:\/\/wp.me\/p7Eq1F-3UY","jetpack_sharing_enabled":true,"jetpack_featured_media_url":"https:\/\/i0.wp.com\/guialimeira.com.br\/news\/wp-content\/uploads\/2024\/10\/2024-10-07t202037z_416776349_rc2rfaan4vn4_rtrmadp_3_israel-palestinians-anniversary-protest.jpg?fit=1600%2C800&ssl=1","_links":{"self":[{"href":"https:\/\/guialimeira.com.br\/news\/wp-json\/wp\/v2\/posts\/15064","targetHints":{"allow":["GET"]}}],"collection":[{"href":"https:\/\/guialimeira.com.br\/news\/wp-json\/wp\/v2\/posts"}],"about":[{"href":"https:\/\/guialimeira.com.br\/news\/wp-json\/wp\/v2\/types\/post"}],"author":[{"embeddable":true,"href":"https:\/\/guialimeira.com.br\/news\/wp-json\/wp\/v2\/users\/1"}],"replies":[{"embeddable":true,"href":"https:\/\/guialimeira.com.br\/news\/wp-json\/wp\/v2\/comments?post=15064"}],"version-history":[{"count":0,"href":"https:\/\/guialimeira.com.br\/news\/wp-json\/wp\/v2\/posts\/15064\/revisions"}],"wp:featuredmedia":[{"embeddable":true,"href":"https:\/\/guialimeira.com.br\/news\/wp-json\/wp\/v2\/media\/15065"}],"wp:attachment":[{"href":"https:\/\/guialimeira.com.br\/news\/wp-json\/wp\/v2\/media?parent=15064"}],"wp:term":[{"taxonomy":"category","embeddable":true,"href":"https:\/\/guialimeira.com.br\/news\/wp-json\/wp\/v2\/categories?post=15064"},{"taxonomy":"post_tag","embeddable":true,"href":"https:\/\/guialimeira.com.br\/news\/wp-json\/wp\/v2\/tags?post=15064"}],"curies":[{"name":"wp","href":"https:\/\/api.w.org\/{rel}","templated":true}]}}