{"id":15062,"date":"2024-10-07T13:11:40","date_gmt":"2024-10-07T16:11:40","guid":{"rendered":"https:\/\/guialimeira.com.br\/2024\/10\/07\/com-227-resgatados-voo-da-fab-deixa-o-libano-rumo-a-sao-paulo\/"},"modified":"2024-10-07T13:11:40","modified_gmt":"2024-10-07T16:11:40","slug":"com-227-resgatados-voo-da-fab-deixa-o-libano-rumo-a-sao-paulo","status":"publish","type":"post","link":"https:\/\/guialimeira.com.br\/news\/com-227-resgatados-voo-da-fab-deixa-o-libano-rumo-a-sao-paulo\/","title":{"rendered":"Com 227 resgatados, voo da FAB deixa o L\u00edbano rumo a S\u00e3o Paulo"},"content":{"rendered":"<p> <br \/>\n<\/p>\n<div>\n<p>A aeronave KC-30, da For\u00e7a A\u00e9rea Brasileira (FAB), decolou de Beirute, no L\u00edbano, \u00e0s 18h30 (hor\u00e1rio local) &#8211; (12h30 no hor\u00e1rio de Bras\u00edlia) desta segunda-feira (7) com 227 resgatados &#8211; incluindo 49 crian\u00e7as (7 de colo) &#8211; e 3 pets a bordo.<img data-recalc-dims=\"1\" decoding=\"async\" src=\"https:\/\/i0.wp.com\/agenciabrasil.ebc.com.br\/ebc.png?w=696&#038;ssl=1\" style=\"width:1px; height:1px; display:inline;\"\/><img data-recalc-dims=\"1\" decoding=\"async\" src=\"https:\/\/i0.wp.com\/agenciabrasil.ebc.com.br\/ebc.gif?w=696&#038;ssl=1\" style=\"width:1px; height:1px; display:inline;\"\/><\/p>\n<p>O avi\u00e3o far\u00e1 uma escala em Lisboa, em Portugal, para reabastecimento, e seguir\u00e1 para a Base A\u00e9rea de S\u00e3o Paulo, em Guarulhos (SP).\u00a0A expectativa \u00e9 que o novo grupo de\u00a0repatriados chegue ao Brasil na ter\u00e7a-feira (8), por volta das 10h.<\/p>\n<p>De acordo com o comandante da Aeron\u00e1utica, tenente-brigadeiro do ar Marcelo Kanitz Damasceno, a Opera\u00e7\u00e3o Ra\u00edzes do Cedro ter\u00e1 car\u00e1ter continuado com o intuito de repatriar, por semana, cerca de 500 brasileiros.<\/p>\n<p>Estima-se que 20 mil brasileiros morem em territ\u00f3rio liban\u00eas.\u00a0O Minist\u00e9rio das Rela\u00e7\u00f5es Exteriores (MRE) contabiliza\u00a0cerca de\u00a0<a href=\"https:\/\/agenciabrasil.ebc.com.br\/internacional\/noticia\/2024-10\/cerca-de-3-mil-brasileiros-querem-sair-do-libano-diz-itamaraty\" target=\"_blank\" rel=\"noopener\">3 mil brasileiros que desejam\u00a0deixar o pa\u00eds<\/a>, em meio \u00e0 escalada das opera\u00e7\u00f5es militares das For\u00e7as Armadas de Israel.<\/p>\n<h2>Primeira fase\u00a0<\/h2>\n<p>Os primeiros\u00a0<a href=\"https:\/\/agenciabrasil.ebc.com.br\/internacional\/noticia\/2024-10\/aviao-da-fab-com-brasileiros-repatriados-pousa-em-sao-paulo\" target=\"_blank\" rel=\"noopener\">229 brasileiros repatriados\u00a0chegaram na manh\u00e3 de\u00a0domingo (6)<\/a>\u00a0na Base A\u00e9rea de S\u00e3o Paulo.\u00a0<\/p>\n<p>O presidente\u00a0Luiz In\u00e1cio Lula da Silva\u00a0recepcionou\u00a0o grupo. Logo ap\u00f3s o desembarque, ele fez um r\u00e1pido discurso\u00a0criticando o posicionamento de Israel\u00a0de &#8220;matar inocentes, mulheres e crian\u00e7as, sem nenhum respeito pela vida humana&#8221;.\u00a0<\/p>\n<p>&#8220;O Brasil \u00e9\u00a0um pa\u00eds generoso e n\u00e3o tem contencioso com nenhum pa\u00eds do mundo porque a gente n\u00e3o deseja guerra. A guerra s\u00f3 destr\u00f3i. O que constr\u00f3i \u00e9 a paz&#8221;, disse o presidente.\u00a0<\/p>\n<h2>Veja imagens da chegada dos brasileiros<\/h2>\n<h2>\u00a0<\/h2>\n<p>      <!-- Relacionada --><br \/>\n            <!-- Relacionada -->\n    <\/div>\n<p><br \/>\n<br \/><a href=\"https:\/\/agenciabrasil.ebc.com.br\/internacional\/noticia\/2024-10\/com-227-resgatados-voo-da-fab-deixa-o-libano-rumo-sao-paulo\" rel=\"noopener\">Ag\u00eancia Brasil <\/a><\/p>\n","protected":false},"excerpt":{"rendered":"<p>A aeronave KC-30, da For\u00e7a A\u00e9rea Brasileira (FAB), decolou de Beirute, no L\u00edbano, \u00e0s 18h30 (hor\u00e1rio local) &#8211; (12h30 no hor\u00e1rio de Bras\u00edlia) desta segunda-feira (7) com 227 resgatados &#8211; incluindo 49 crian\u00e7as (7 de colo) &#8211; e 3 pets a bordo. O avi\u00e3o far\u00e1 uma escala em Lisboa, em Portugal, para reabastecimento, e seguir\u00e1 [&hellip;]<\/p>\n","protected":false},"author":1,"featured_media":15063,"comment_status":"open","ping_status":"open","sticky":false,"template":"","format":"standard","meta":{"_jetpack_newsletter_access":"","_jetpack_dont_email_post_to_subs":false,"_jetpack_newsletter_tier_id":0,"_jetpack_memberships_contains_paywalled_content":false,"_mbp_banners":[],"_jetpack_feature_clip_id":0,"_jetpack_memberships_contains_paid_content":false,"footnotes":"","jetpack_publicize_message":"","jetpack_publicize_feature_enabled":true,"jetpack_social_post_already_shared":true,"jetpack_social_options":{"image_generator_settings":{"template":"highway","default_image_id":0,"font":"","enabled":false},"version":2},"jetpack_post_was_ever_published":false},"categories":[25],"tags":[],"class_list":["post-15062","post","type-post","status-publish","format-standard","has-post-thumbnail","category-internacional"],"jetpack_publicize_connections":[],"jetpack-related-posts":[],"jetpack_shortlink":"https:\/\/wp.me\/p7Eq1F-3UW","jetpack_sharing_enabled":true,"jetpack_featured_media_url":"https:\/\/i0.wp.com\/guialimeira.com.br\/news\/wp-content\/uploads\/2024\/10\/brasileiros_beirute.jpg?fit=1600%2C800&ssl=1","_links":{"self":[{"href":"https:\/\/guialimeira.com.br\/news\/wp-json\/wp\/v2\/posts\/15062","targetHints":{"allow":["GET"]}}],"collection":[{"href":"https:\/\/guialimeira.com.br\/news\/wp-json\/wp\/v2\/posts"}],"about":[{"href":"https:\/\/guialimeira.com.br\/news\/wp-json\/wp\/v2\/types\/post"}],"author":[{"embeddable":true,"href":"https:\/\/guialimeira.com.br\/news\/wp-json\/wp\/v2\/users\/1"}],"replies":[{"embeddable":true,"href":"https:\/\/guialimeira.com.br\/news\/wp-json\/wp\/v2\/comments?post=15062"}],"version-history":[{"count":0,"href":"https:\/\/guialimeira.com.br\/news\/wp-json\/wp\/v2\/posts\/15062\/revisions"}],"wp:featuredmedia":[{"embeddable":true,"href":"https:\/\/guialimeira.com.br\/news\/wp-json\/wp\/v2\/media\/15063"}],"wp:attachment":[{"href":"https:\/\/guialimeira.com.br\/news\/wp-json\/wp\/v2\/media?parent=15062"}],"wp:term":[{"taxonomy":"category","embeddable":true,"href":"https:\/\/guialimeira.com.br\/news\/wp-json\/wp\/v2\/categories?post=15062"},{"taxonomy":"post_tag","embeddable":true,"href":"https:\/\/guialimeira.com.br\/news\/wp-json\/wp\/v2\/tags?post=15062"}],"curies":[{"name":"wp","href":"https:\/\/api.w.org\/{rel}","templated":true}]}}