{"id":15061,"date":"2024-10-07T12:10:41","date_gmt":"2024-10-07T15:10:41","guid":{"rendered":"https:\/\/guialimeira.com.br\/2024\/10\/07\/aeronave-pousa-em-beirute-para-2o-voo-de-repatriacao-de-brasileiros\/"},"modified":"2024-10-07T12:10:41","modified_gmt":"2024-10-07T15:10:41","slug":"aeronave-pousa-em-beirute-para-2o-voo-de-repatriacao-de-brasileiros","status":"publish","type":"post","link":"https:\/\/guialimeira.com.br\/news\/aeronave-pousa-em-beirute-para-2o-voo-de-repatriacao-de-brasileiros\/","title":{"rendered":"Aeronave pousa em Beirute para 2\u00ba voo de repatria\u00e7\u00e3o de brasileiros"},"content":{"rendered":"<p> <br \/>\n<\/p>\n<div>\n<p>A aeronave KC-30, da For\u00e7a A\u00e9rea Brasileira (FAB),\u00a0pousou em Beirute, no L\u00edbano, \u00e0s 10h40 (hor\u00e1rio de Bras\u00edlia) desta segunda-feira (7).\u00a0<img data-recalc-dims=\"1\" decoding=\"async\" src=\"https:\/\/i0.wp.com\/agenciabrasil.ebc.com.br\/ebc.png?w=696&#038;ssl=1\" style=\"width:1px; height:1px; display:inline;\"\/><img data-recalc-dims=\"1\" decoding=\"async\" src=\"https:\/\/i0.wp.com\/agenciabrasil.ebc.com.br\/ebc.gif?w=696&#038;ssl=1\" style=\"width:1px; height:1px; display:inline;\"\/><\/p>\n<p>Al\u00e9m do\u00a0resgate de brasileiros como parte da Opera\u00e7\u00e3o Ra\u00edzes do Cedro, a aeronave tamb\u00e9m foi empregada para levar <a href=\"https:\/\/agenciabrasil.ebc.com.br\/saude\/noticia\/2024-10\/governo-brasileiro-doa-24-mil-insumos-de-saude-ao-libano\" target=\"_blank\" rel=\"noopener\">doa\u00e7\u00f5es de insumos de sa\u00fade<\/a>\u00a0do governo brasileiro ao L\u00edbano: 20 mil seringas com agulhas e 4 mil agulhas individuais.\u00a0<\/p>\n<p>A FAB ainda n\u00e3o divulgou o n\u00famero de brasileiros que estar\u00e3o no segundo voo de repatria\u00e7\u00e3o.<\/p>\n<p>De acordo com o comandante da Aeron\u00e1utica, tenente-brigadeiro do ar Marcelo Kanitz Damasceno, a Opera\u00e7\u00e3o Ra\u00edzes do Cedro ter\u00e1 car\u00e1ter continuado com o intuito de repatriar, por semana, cerca de 500 brasileiros. A expectativa \u00e9 que o novo grupo de\u00a0repatriados chegue ao Brasil na ter\u00e7a-feira (8), por volta das 10h.<\/p>\n<p>Estima-se que 20 mil brasileiros morem em territ\u00f3rio liban\u00eas.\u00a0O Minist\u00e9rio das Rela\u00e7\u00f5es Exteriores (MRE) contabiliza\u00a0cerca de\u00a0<a href=\"https:\/\/agenciabrasil.ebc.com.br\/internacional\/noticia\/2024-10\/cerca-de-3-mil-brasileiros-querem-sair-do-libano-diz-itamaraty\" target=\"_blank\" rel=\"noopener\">3 mil brasileiros que desejam\u00a0deixar o pa\u00eds<\/a>, em meio \u00e0 escalada das opera\u00e7\u00f5es militares das For\u00e7as Armadas de Israel.<\/p>\n<h2>Primeira fase\u00a0<\/h2>\n<p>Os primeiros <a href=\"https:\/\/agenciabrasil.ebc.com.br\/internacional\/noticia\/2024-10\/aviao-da-fab-com-brasileiros-repatriados-pousa-em-sao-paulo\" target=\"_blank\" rel=\"noopener\">229 brasileiros repatriados\u00a0chegaram na manh\u00e3 de\u00a0domingo (6)<\/a> na Base A\u00e9rea de S\u00e3o Paulo.\u00a0<\/p>\n<p>O presidente\u00a0Luiz In\u00e1cio Lula da Silva\u00a0recepcionou\u00a0o grupo. Logo ap\u00f3s o desembarque, ele fez um r\u00e1pido discurso\u00a0criticando o posicionamento de Israel\u00a0de &#8220;matar inocentes, mulheres e crian\u00e7as, sem nenhum respeito pela vida humana&#8221;.\u00a0<\/p>\n<p>&#8220;O Brasil \u00e9\u00a0um pa\u00eds generoso e n\u00e3o tem contencioso com nenhum pa\u00eds do mundo porque a gente n\u00e3o deseja guerra. A guerra s\u00f3 destr\u00f3i. O que constr\u00f3i \u00e9 a paz&#8221;, disse o presidente.\u00a0<\/p>\n<h2>Veja\u00a0fotos da chegada dos brasileiros<br \/>\u00a0<\/h2>\n<p>\u00a0<\/p>\n<p>\u00a0<\/p>\n<p>      <!-- Relacionada --><\/p>\n<p>            <!-- Relacionada -->\n    <\/div>\n<p><br \/>\n<br \/><a href=\"https:\/\/agenciabrasil.ebc.com.br\/internacional\/noticia\/2024-10\/aeronave-pousa-em-beirute-para-2o-voo-de-repatriacao-de-brasileiros\" rel=\"noopener\">Ag\u00eancia Brasil <\/a><\/p>\n","protected":false},"excerpt":{"rendered":"<p>A aeronave KC-30, da For\u00e7a A\u00e9rea Brasileira (FAB),\u00a0pousou em Beirute, no L\u00edbano, \u00e0s 10h40 (hor\u00e1rio de Bras\u00edlia) desta segunda-feira (7).\u00a0 Al\u00e9m do\u00a0resgate de brasileiros como parte da Opera\u00e7\u00e3o Ra\u00edzes do Cedro, a aeronave tamb\u00e9m foi empregada para levar doa\u00e7\u00f5es de insumos de sa\u00fade\u00a0do governo brasileiro ao L\u00edbano: 20 mil seringas com agulhas e 4 mil [&hellip;]<\/p>\n","protected":false},"author":1,"featured_media":15053,"comment_status":"open","ping_status":"open","sticky":false,"template":"","format":"standard","meta":{"_jetpack_newsletter_access":"","_jetpack_dont_email_post_to_subs":false,"_jetpack_newsletter_tier_id":0,"_jetpack_memberships_contains_paywalled_content":false,"_mbp_banners":[],"_jetpack_feature_clip_id":0,"_jetpack_memberships_contains_paid_content":false,"footnotes":"","jetpack_publicize_message":"","jetpack_publicize_feature_enabled":true,"jetpack_social_post_already_shared":true,"jetpack_social_options":{"image_generator_settings":{"template":"highway","default_image_id":0,"font":"","enabled":false},"version":2},"jetpack_post_was_ever_published":false},"categories":[25],"tags":[],"class_list":["post-15061","post","type-post","status-publish","format-standard","has-post-thumbnail","category-internacional"],"jetpack_publicize_connections":[],"jetpack-related-posts":[],"jetpack_shortlink":"https:\/\/wp.me\/p7Eq1F-3UV","jetpack_sharing_enabled":true,"jetpack_featured_media_url":"https:\/\/i0.wp.com\/guialimeira.com.br\/news\/wp-content\/uploads\/2024\/10\/whatsapp_image_2024-10-06_at_11.40.09.jpg?fit=1600%2C800&ssl=1","_links":{"self":[{"href":"https:\/\/guialimeira.com.br\/news\/wp-json\/wp\/v2\/posts\/15061","targetHints":{"allow":["GET"]}}],"collection":[{"href":"https:\/\/guialimeira.com.br\/news\/wp-json\/wp\/v2\/posts"}],"about":[{"href":"https:\/\/guialimeira.com.br\/news\/wp-json\/wp\/v2\/types\/post"}],"author":[{"embeddable":true,"href":"https:\/\/guialimeira.com.br\/news\/wp-json\/wp\/v2\/users\/1"}],"replies":[{"embeddable":true,"href":"https:\/\/guialimeira.com.br\/news\/wp-json\/wp\/v2\/comments?post=15061"}],"version-history":[{"count":0,"href":"https:\/\/guialimeira.com.br\/news\/wp-json\/wp\/v2\/posts\/15061\/revisions"}],"wp:featuredmedia":[{"embeddable":true,"href":"https:\/\/guialimeira.com.br\/news\/wp-json\/wp\/v2\/media\/15053"}],"wp:attachment":[{"href":"https:\/\/guialimeira.com.br\/news\/wp-json\/wp\/v2\/media?parent=15061"}],"wp:term":[{"taxonomy":"category","embeddable":true,"href":"https:\/\/guialimeira.com.br\/news\/wp-json\/wp\/v2\/categories?post=15061"},{"taxonomy":"post_tag","embeddable":true,"href":"https:\/\/guialimeira.com.br\/news\/wp-json\/wp\/v2\/tags?post=15061"}],"curies":[{"name":"wp","href":"https:\/\/api.w.org\/{rel}","templated":true}]}}