{"id":15052,"date":"2024-10-06T14:42:40","date_gmt":"2024-10-06T17:42:40","guid":{"rendered":"https:\/\/guialimeira.com.br\/2024\/10\/06\/governo-brasileiro-doa-24-mil-insumos-de-saude-ao-libano\/"},"modified":"2024-10-06T14:42:40","modified_gmt":"2024-10-06T17:42:40","slug":"governo-brasileiro-doa-24-mil-insumos-de-saude-ao-libano","status":"publish","type":"post","link":"https:\/\/guialimeira.com.br\/news\/governo-brasileiro-doa-24-mil-insumos-de-saude-ao-libano\/","title":{"rendered":"Governo brasileiro doa 24 mil insumos de sa\u00fade ao L\u00edbano"},"content":{"rendered":"<p> <br \/>\n<\/p>\n<div>\n<p>O governo brasileiro vai doar ao L\u00edbano\u00a020 mil seringas com agulhas e 4 mil agulhas individuais. A doa\u00e7\u00e3o de\u00a0insumos estrat\u00e9gicos em sa\u00fade, em raz\u00e3o da emerg\u00eancia vivida pela popula\u00e7\u00e3o daquele pa\u00eds,\u00a0est\u00e1 prevista para sair do Brasil neste domingo (6), da Base A\u00e9rea de S\u00e3o Paulo, em Guarulhos, com destino a Beirute.<img data-recalc-dims=\"1\" decoding=\"async\" src=\"https:\/\/i0.wp.com\/agenciabrasil.ebc.com.br\/ebc.png?w=696&#038;ssl=1\" style=\"width:1px; height:1px; display:inline;\"\/><img data-recalc-dims=\"1\" decoding=\"async\" src=\"https:\/\/i0.wp.com\/agenciabrasil.ebc.com.br\/ebc.gif?w=696&#038;ssl=1\" style=\"width:1px; height:1px; display:inline;\"\/><\/p>\n<p>A carga pesa aproximadamente 115 quilos,\u00a0n\u00e3o tem necessidade de refrigera\u00e7\u00e3o e ser\u00e1 transportada em avi\u00e3o da For\u00e7a A\u00e9rea Brasileira (FAB). A\u00a0opera\u00e7\u00e3o foi coordenada pelo Minist\u00e9rio da Sa\u00fade em parceria com a Ag\u00eancia Brasileira de Coopera\u00e7\u00e3o (ABC), do Minist\u00e9rio das Rela\u00e7\u00f5es Exteriores. Outros bens emergenciais devem ser doados nos pr\u00f3ximos dias.<\/p>\n<p>A mesma aeronave trar\u00e1 um novo grupo de brasileiros repatriados do L\u00edbano nos pr\u00f3ximos dias.<\/p>\n<p>A doa\u00e7\u00e3o atende a demanda apresentada pela Embaixada do L\u00edbano em Bras\u00edlia, no dia 23 de setembro. A coopera\u00e7\u00e3o humanit\u00e1ria internacional do Brasil \u00e9 feita\u00a0com base nos estoques do\u00a0Sistema \u00danico de Sa\u00fade (SUS). As doa\u00e7\u00f5es s\u00f3 s\u00e3o realizadas ap\u00f3s an\u00e1lise t\u00e9cnica que assegure\u00a0n\u00e3o haver risco de comprometimento do abastecimento nacional no \u00e2mbito do SUS.<\/p>\n<p>Em 2023, o\u00a0Brasil fez doa\u00e7\u00f5es humanit\u00e1rias de medicamentos, imunizantes e insumos de sa\u00fade a diversos pa\u00edses, entre eles,\u00a0Bol\u00edvia, Cabo Verde,\u00a0Cuba, L\u00edbia, Haiti, Palestina,\u00a0Suriname e\u00a0Turquia. Em 2024, Granada, Guiana, Honduras, Paraguai, S\u00e3o Vicente e Granadinas e Uruguai tamb\u00e9m receberam doa\u00e7\u00f5es brasileiras na \u00e1rea de sa\u00fade.<\/p>\n<h2>Opera\u00e7\u00e3o Ra\u00edzes do Cedro<\/h2>\n<p>O primeiro voo de resgate de brasileiros na zona de conflito no Oriente M\u00e9dio, na opera\u00e7\u00e3o batizada de Ra\u00edzes do Cedro, <a href=\"https:\/\/agenciabrasil.ebc.com.br\/internacional\/noticia\/2024-10\/aviao-da-fab-com-brasileiros-repatriados-pousa-em-sao-paulo\" target=\"_blank\" rel=\"noopener\">chegou \u00e0s 10h25 deste domingo (6)<\/a>, na Base A\u00e9rea\u00a0com 229\u00a0passageiros, entre brasileiros e familiares, e tr\u00eas animais dom\u00e9sticos repatriados do L\u00edbano.\u00a0<\/p>\n<p>De acordo com o comandante da Aeron\u00e1utica, tenente-brigadeiro do ar Marcelo Kanitz Damasceno, a opera\u00e7\u00e3o ter\u00e1 car\u00e1ter continuado com o intuito de repatriar, por semana, cerca de 500 brasileiros. O novo grupo de\u00a0repatriados deve chegar ao Brasil na ter\u00e7a-feira (8), por volta das 10h.<\/p>\n<p>      <!-- Relacionada --><\/p>\n<p>            <!-- Relacionada -->\n    <\/div>\n<p><br \/>\n<br \/><a href=\"https:\/\/agenciabrasil.ebc.com.br\/saude\/noticia\/2024-10\/governo-brasileiro-doa-24-mil-insumos-de-saude-ao-libano\" rel=\"noopener\">Ag\u00eancia Brasil <\/a><\/p>\n","protected":false},"excerpt":{"rendered":"<p>O governo brasileiro vai doar ao L\u00edbano\u00a020 mil seringas com agulhas e 4 mil agulhas individuais. A doa\u00e7\u00e3o de\u00a0insumos estrat\u00e9gicos em sa\u00fade, em raz\u00e3o da emerg\u00eancia vivida pela popula\u00e7\u00e3o daquele pa\u00eds,\u00a0est\u00e1 prevista para sair do Brasil neste domingo (6), da Base A\u00e9rea de S\u00e3o Paulo, em Guarulhos, com destino a Beirute. A carga pesa aproximadamente [&hellip;]<\/p>\n","protected":false},"author":1,"featured_media":15053,"comment_status":"open","ping_status":"open","sticky":false,"template":"","format":"standard","meta":{"_jetpack_newsletter_access":"","_jetpack_dont_email_post_to_subs":false,"_jetpack_newsletter_tier_id":0,"_jetpack_memberships_contains_paywalled_content":false,"_mbp_banners":[],"_jetpack_feature_clip_id":0,"_jetpack_memberships_contains_paid_content":false,"footnotes":"","jetpack_publicize_message":"","jetpack_publicize_feature_enabled":true,"jetpack_social_post_already_shared":true,"jetpack_social_options":{"image_generator_settings":{"template":"highway","default_image_id":0,"font":"","enabled":false},"version":2},"jetpack_post_was_ever_published":false},"categories":[15],"tags":[],"class_list":["post-15052","post","type-post","status-publish","format-standard","has-post-thumbnail","category-saude"],"jetpack_publicize_connections":[],"jetpack-related-posts":[],"jetpack_shortlink":"https:\/\/wp.me\/p7Eq1F-3UM","jetpack_sharing_enabled":true,"jetpack_featured_media_url":"https:\/\/i0.wp.com\/guialimeira.com.br\/news\/wp-content\/uploads\/2024\/10\/whatsapp_image_2024-10-06_at_11.40.09.jpg?fit=1600%2C800&ssl=1","_links":{"self":[{"href":"https:\/\/guialimeira.com.br\/news\/wp-json\/wp\/v2\/posts\/15052","targetHints":{"allow":["GET"]}}],"collection":[{"href":"https:\/\/guialimeira.com.br\/news\/wp-json\/wp\/v2\/posts"}],"about":[{"href":"https:\/\/guialimeira.com.br\/news\/wp-json\/wp\/v2\/types\/post"}],"author":[{"embeddable":true,"href":"https:\/\/guialimeira.com.br\/news\/wp-json\/wp\/v2\/users\/1"}],"replies":[{"embeddable":true,"href":"https:\/\/guialimeira.com.br\/news\/wp-json\/wp\/v2\/comments?post=15052"}],"version-history":[{"count":0,"href":"https:\/\/guialimeira.com.br\/news\/wp-json\/wp\/v2\/posts\/15052\/revisions"}],"wp:featuredmedia":[{"embeddable":true,"href":"https:\/\/guialimeira.com.br\/news\/wp-json\/wp\/v2\/media\/15053"}],"wp:attachment":[{"href":"https:\/\/guialimeira.com.br\/news\/wp-json\/wp\/v2\/media?parent=15052"}],"wp:term":[{"taxonomy":"category","embeddable":true,"href":"https:\/\/guialimeira.com.br\/news\/wp-json\/wp\/v2\/categories?post=15052"},{"taxonomy":"post_tag","embeddable":true,"href":"https:\/\/guialimeira.com.br\/news\/wp-json\/wp\/v2\/tags?post=15052"}],"curies":[{"name":"wp","href":"https:\/\/api.w.org\/{rel}","templated":true}]}}