{"id":15051,"date":"2024-10-06T11:46:08","date_gmt":"2024-10-06T14:46:08","guid":{"rendered":"https:\/\/guialimeira.com.br\/2024\/10\/06\/aviao-da-fab-com-brasileiros-repatriados-pousa-em-sao-paulo\/"},"modified":"2024-10-06T11:46:08","modified_gmt":"2024-10-06T14:46:08","slug":"aviao-da-fab-com-brasileiros-repatriados-pousa-em-sao-paulo","status":"publish","type":"post","link":"https:\/\/guialimeira.com.br\/news\/aviao-da-fab-com-brasileiros-repatriados-pousa-em-sao-paulo\/","title":{"rendered":"Avi\u00e3o da FAB com brasileiros repatriados pousa em S\u00e3o Paulo"},"content":{"rendered":"<p> <br \/>\n<\/p>\n<div>\n<p>A aeronave KC-30 da\u00a0For\u00e7a A\u00e9rea Brasileira\u00a0(FAB) pousou na Base A\u00e9rea de S\u00e3o Paulo, em Guarulhos, \u00e0s 10h25 deste domingo (6) com 229 brasileiros\u00a0e 3 pets a bordo.<img data-recalc-dims=\"1\" decoding=\"async\" src=\"https:\/\/i0.wp.com\/agenciabrasil.ebc.com.br\/ebc.png?w=696&#038;ssl=1\" style=\"width:1px; height:1px; display:inline;\"\/><img data-recalc-dims=\"1\" decoding=\"async\" src=\"https:\/\/i0.wp.com\/agenciabrasil.ebc.com.br\/ebc.gif?w=696&#038;ssl=1\" style=\"width:1px; height:1px; display:inline;\"\/><\/p>\n<p>O presidente\u00a0Luiz In\u00e1cio Lula da Silva\u00a0ir\u00e1 recepcionar o grupo.<\/p>\n<p>A <a href=\"https:\/\/agenciabrasil.ebc.com.br\/internacional\/noticia\/2024-10\/voo-da-fab-com-229-brasileiros-deixa-beirute-rumo-ao-brasil\" target=\"_blank\" rel=\"noopener\">aeronave saiu neste s\u00e1bado (5), \u00e0s 13h18 (hor\u00e1rio de Bras\u00edlia), do L\u00edbano<\/a> e fez uma parada em Portugal\u00a0para abastecimento. Depois, voltou a decolar \u00e0s 23h56 de Lisboa rumo ao Brasil.<\/p>\n<p>O voo faz parte da primeira fase da Opera\u00e7\u00e3o Ra\u00edzes do Cedro, do governo federal, de repatria\u00e7\u00e3o de brasileiros.\u00a0<\/p>\n<p>Estima-se que 20 mil brasileiros morem em territ\u00f3rio liban\u00eas.\u00a0O Minist\u00e9rio das Rela\u00e7\u00f5es Exteriores (MRE) contabiliza\u00a0<a href=\"https:\/\/agenciabrasil.ebc.com.br\/internacional\/noticia\/2024-10\/cerca-de-3-mil-brasileiros-querem-sair-do-libano-diz-itamaraty\" target=\"_blank\" rel=\"noopener\">cerca de\u00a03 mil brasileiros que desejam\u00a0deixar o pa\u00eds<\/a>, em meio \u00e0 escalada das opera\u00e7\u00f5es militares das For\u00e7as Armadas de Israel.<\/p>\n<p>      <!-- Relacionada --><\/p>\n<p>            <!-- Relacionada -->\n    <\/div>\n<p><br \/>\n<br \/><a href=\"https:\/\/agenciabrasil.ebc.com.br\/internacional\/noticia\/2024-10\/aviao-da-fab-com-brasileiros-repatriados-pousa-em-sao-paulo\" rel=\"noopener\">Ag\u00eancia Brasil <\/a><\/p>\n","protected":false},"excerpt":{"rendered":"<p>A aeronave KC-30 da\u00a0For\u00e7a A\u00e9rea Brasileira\u00a0(FAB) pousou na Base A\u00e9rea de S\u00e3o Paulo, em Guarulhos, \u00e0s 10h25 deste domingo (6) com 229 brasileiros\u00a0e 3 pets a bordo. O presidente\u00a0Luiz In\u00e1cio Lula da Silva\u00a0ir\u00e1 recepcionar o grupo. A aeronave saiu neste s\u00e1bado (5), \u00e0s 13h18 (hor\u00e1rio de Bras\u00edlia), do L\u00edbano e fez uma parada em Portugal\u00a0para [&hellip;]<\/p>\n","protected":false},"author":1,"featured_media":269,"comment_status":"open","ping_status":"open","sticky":false,"template":"","format":"standard","meta":{"_jetpack_newsletter_access":"","_jetpack_dont_email_post_to_subs":false,"_jetpack_newsletter_tier_id":0,"_jetpack_memberships_contains_paywalled_content":false,"_mbp_banners":[],"_jetpack_feature_clip_id":0,"_jetpack_memberships_contains_paid_content":false,"footnotes":"","jetpack_publicize_message":"","jetpack_publicize_feature_enabled":true,"jetpack_social_post_already_shared":true,"jetpack_social_options":{"image_generator_settings":{"template":"highway","default_image_id":0,"font":"","enabled":false},"version":2},"jetpack_post_was_ever_published":false},"categories":[25],"tags":[],"class_list":["post-15051","post","type-post","status-publish","format-standard","has-post-thumbnail","category-internacional"],"jetpack_publicize_connections":[],"jetpack-related-posts":[],"jetpack_shortlink":"https:\/\/wp.me\/p7Eq1F-3UL","jetpack_sharing_enabled":true,"jetpack_featured_media_url":"https:\/\/i0.wp.com\/guialimeira.com.br\/news\/wp-content\/uploads\/2024\/03\/thumb_1200x600_agbrasil.png?fit=1200%2C600&ssl=1","_links":{"self":[{"href":"https:\/\/guialimeira.com.br\/news\/wp-json\/wp\/v2\/posts\/15051","targetHints":{"allow":["GET"]}}],"collection":[{"href":"https:\/\/guialimeira.com.br\/news\/wp-json\/wp\/v2\/posts"}],"about":[{"href":"https:\/\/guialimeira.com.br\/news\/wp-json\/wp\/v2\/types\/post"}],"author":[{"embeddable":true,"href":"https:\/\/guialimeira.com.br\/news\/wp-json\/wp\/v2\/users\/1"}],"replies":[{"embeddable":true,"href":"https:\/\/guialimeira.com.br\/news\/wp-json\/wp\/v2\/comments?post=15051"}],"version-history":[{"count":0,"href":"https:\/\/guialimeira.com.br\/news\/wp-json\/wp\/v2\/posts\/15051\/revisions"}],"wp:featuredmedia":[{"embeddable":true,"href":"https:\/\/guialimeira.com.br\/news\/wp-json\/wp\/v2\/media\/269"}],"wp:attachment":[{"href":"https:\/\/guialimeira.com.br\/news\/wp-json\/wp\/v2\/media?parent=15051"}],"wp:term":[{"taxonomy":"category","embeddable":true,"href":"https:\/\/guialimeira.com.br\/news\/wp-json\/wp\/v2\/categories?post=15051"},{"taxonomy":"post_tag","embeddable":true,"href":"https:\/\/guialimeira.com.br\/news\/wp-json\/wp\/v2\/tags?post=15051"}],"curies":[{"name":"wp","href":"https:\/\/api.w.org\/{rel}","templated":true}]}}