{"id":15047,"date":"2024-10-05T10:19:41","date_gmt":"2024-10-05T13:19:41","guid":{"rendered":"https:\/\/guialimeira.com.br\/2024\/10\/05\/voo-da-fab-para-repatriacao-de-brasileiros-decola-de-lisboa\/"},"modified":"2024-10-05T10:19:41","modified_gmt":"2024-10-05T13:19:41","slug":"voo-da-fab-para-repatriacao-de-brasileiros-decola-de-lisboa","status":"publish","type":"post","link":"https:\/\/guialimeira.com.br\/news\/voo-da-fab-para-repatriacao-de-brasileiros-decola-de-lisboa\/","title":{"rendered":"Voo da FAB para repatria\u00e7\u00e3o de brasileiros decola de Lisboa"},"content":{"rendered":"<p> <br \/>\n<\/p>\n<div>\n<p>O avi\u00e3o KC-30 da\u00a0For\u00e7a A\u00e9rea Brasileira\u00a0(FAB) que far\u00e1 a\u00a0repatria\u00e7\u00e3o de brasileiros no L\u00edbano\u00a0decolou neste s\u00e1bado (5) de Lisboa, em Portugal, com destino a Beirute.<img data-recalc-dims=\"1\" decoding=\"async\" src=\"https:\/\/i0.wp.com\/agenciabrasil.ebc.com.br\/ebc.png?w=696&#038;ssl=1\" style=\"width:1px; height:1px; display:inline;\"\/><img data-recalc-dims=\"1\" decoding=\"async\" src=\"https:\/\/i0.wp.com\/agenciabrasil.ebc.com.br\/ebc.gif?w=696&#038;ssl=1\" style=\"width:1px; height:1px; display:inline;\"\/><\/p>\n<p>De acordo com a FAB, a aeronave decolou\u00a0\u00e0s 6h55 e tem\u00a0pouso previsto na capital libanesa \u00e0s 11h (hor\u00e1rio de Bras\u00edlia).\u00a0<\/p>\n<p>A expectativa da primeira fase da Opera\u00e7\u00e3o Ra\u00edzes de Cedro \u00e9\u00a0<a href=\"https:\/\/agenciabrasil.ebc.com.br\/internacional\/noticia\/2024-10\/primeiro-voo-de-repatriacao-deve-trazer-220-brasileiros-de-beirute\" target=\"_blank\" rel=\"noopener\">repatriar 220 brasileiros<\/a> que est\u00e3o no L\u00edbano. O objetivo da opera\u00e7\u00e3o \u00e9 trazer ao pa\u00eds\u00a0at\u00e9 500 pessoas por semana.<\/p>\n<p>Estima-se que 20 mil brasileiros morem em territ\u00f3rio liban\u00eas.\u00a0O Minist\u00e9rio das Rela\u00e7\u00f5es Exteriores (MRE) contabiliza cerca de <a href=\"https:\/\/agenciabrasil.ebc.com.br\/internacional\/noticia\/2024-10\/cerca-de-3-mil-brasileiros-querem-sair-do-libano-diz-itamaraty\" target=\"_blank\" rel=\"noopener\">3 mil brasileiros que desejam\u00a0deixar o pa\u00eds<\/a>, em meio \u00e0 escalada das opera\u00e7\u00f5es militares das For\u00e7as Armadas de Israel.<\/p>\n<p>A repatria\u00e7\u00e3o estava prevista para esta sexta-feira (4), mas\u00a0<a href=\"https:\/\/agenciabrasil.ebc.com.br\/internacional\/noticia\/2024-10\/operacao-para-repatriar-brasileiros-do-libano-e-adiada\" target=\"_blank\" rel=\"noopener\">foi adiada<\/a> para an\u00e1lise das condi\u00e7\u00f5es de seguran\u00e7a. Na noite de quinta, os bombardeios israelenses em dire\u00e7\u00e3o ao L\u00edbano foram intensificados. At\u00e9 mesmo \u00e1reas pr\u00f3ximas do aeroporto de Beirute chegaram a ser atingidas.<\/p>\n<p>      <!-- Relacionada --><\/p>\n<p>            <!-- Relacionada -->\n    <\/div>\n<p><br \/>\n<br \/><a href=\"https:\/\/agenciabrasil.ebc.com.br\/internacional\/noticia\/2024-10\/voo-da-fab-para-repatriacao-de-brasileiros-decola-de-lisboa\" rel=\"noopener\">Ag\u00eancia Brasil <\/a><\/p>\n","protected":false},"excerpt":{"rendered":"<p>O avi\u00e3o KC-30 da\u00a0For\u00e7a A\u00e9rea Brasileira\u00a0(FAB) que far\u00e1 a\u00a0repatria\u00e7\u00e3o de brasileiros no L\u00edbano\u00a0decolou neste s\u00e1bado (5) de Lisboa, em Portugal, com destino a Beirute. De acordo com a FAB, a aeronave decolou\u00a0\u00e0s 6h55 e tem\u00a0pouso previsto na capital libanesa \u00e0s 11h (hor\u00e1rio de Bras\u00edlia).\u00a0 A expectativa da primeira fase da Opera\u00e7\u00e3o Ra\u00edzes de Cedro \u00e9\u00a0repatriar [&hellip;]<\/p>\n","protected":false},"author":1,"featured_media":14995,"comment_status":"open","ping_status":"open","sticky":false,"template":"","format":"standard","meta":{"_jetpack_newsletter_access":"","_jetpack_dont_email_post_to_subs":false,"_jetpack_newsletter_tier_id":0,"_jetpack_memberships_contains_paywalled_content":false,"_mbp_banners":[],"_jetpack_feature_clip_id":0,"_jetpack_memberships_contains_paid_content":false,"footnotes":"","jetpack_publicize_message":"","jetpack_publicize_feature_enabled":true,"jetpack_social_post_already_shared":true,"jetpack_social_options":{"image_generator_settings":{"template":"highway","default_image_id":0,"font":"","enabled":false},"version":2},"jetpack_post_was_ever_published":false},"categories":[25],"tags":[],"class_list":["post-15047","post","type-post","status-publish","format-standard","has-post-thumbnail","category-internacional"],"jetpack_publicize_connections":[],"jetpack-related-posts":[],"jetpack_shortlink":"https:\/\/wp.me\/p7Eq1F-3UH","jetpack_sharing_enabled":true,"jetpack_featured_media_url":"https:\/\/i0.wp.com\/guialimeira.com.br\/news\/wp-content\/uploads\/2024\/10\/whatsapp_image_2024-10-02_at_06.52.47.jpeg?fit=1600%2C800&ssl=1","_links":{"self":[{"href":"https:\/\/guialimeira.com.br\/news\/wp-json\/wp\/v2\/posts\/15047","targetHints":{"allow":["GET"]}}],"collection":[{"href":"https:\/\/guialimeira.com.br\/news\/wp-json\/wp\/v2\/posts"}],"about":[{"href":"https:\/\/guialimeira.com.br\/news\/wp-json\/wp\/v2\/types\/post"}],"author":[{"embeddable":true,"href":"https:\/\/guialimeira.com.br\/news\/wp-json\/wp\/v2\/users\/1"}],"replies":[{"embeddable":true,"href":"https:\/\/guialimeira.com.br\/news\/wp-json\/wp\/v2\/comments?post=15047"}],"version-history":[{"count":0,"href":"https:\/\/guialimeira.com.br\/news\/wp-json\/wp\/v2\/posts\/15047\/revisions"}],"wp:featuredmedia":[{"embeddable":true,"href":"https:\/\/guialimeira.com.br\/news\/wp-json\/wp\/v2\/media\/14995"}],"wp:attachment":[{"href":"https:\/\/guialimeira.com.br\/news\/wp-json\/wp\/v2\/media?parent=15047"}],"wp:term":[{"taxonomy":"category","embeddable":true,"href":"https:\/\/guialimeira.com.br\/news\/wp-json\/wp\/v2\/categories?post=15047"},{"taxonomy":"post_tag","embeddable":true,"href":"https:\/\/guialimeira.com.br\/news\/wp-json\/wp\/v2\/tags?post=15047"}],"curies":[{"name":"wp","href":"https:\/\/api.w.org\/{rel}","templated":true}]}}