{"id":15044,"date":"2024-10-04T18:58:45","date_gmt":"2024-10-04T21:58:45","guid":{"rendered":"https:\/\/guialimeira.com.br\/2024\/10\/04\/governo-envia-kits-para-cidades-do-amazonas-que-enfrentam-seca-severa\/"},"modified":"2024-10-04T18:58:45","modified_gmt":"2024-10-04T21:58:45","slug":"governo-envia-kits-para-cidades-do-amazonas-que-enfrentam-seca-severa","status":"publish","type":"post","link":"https:\/\/guialimeira.com.br\/news\/governo-envia-kits-para-cidades-do-amazonas-que-enfrentam-seca-severa\/","title":{"rendered":"Governo envia kits para cidades do Amazonas que enfrentam seca severa"},"content":{"rendered":"<p> <br \/>\n<\/p>\n<div>\n<p>O governo federal enviou, na madrugada desta sexta-feira (4), kits de medicamentos e insumos para cidades do Amazonas que enfrentam uma das mais severas secas na regi\u00e3o.<img data-recalc-dims=\"1\" decoding=\"async\" src=\"https:\/\/i0.wp.com\/agenciabrasil.ebc.com.br\/ebc.png?w=696&#038;ssl=1\" style=\"width:1px; height:1px; display:inline;\"\/><img data-recalc-dims=\"1\" decoding=\"async\" src=\"https:\/\/i0.wp.com\/agenciabrasil.ebc.com.br\/ebc.gif?w=696&#038;ssl=1\" style=\"width:1px; height:1px; display:inline;\"\/><\/p>\n<p>Os 54 kits v\u00e3o permitir atendimento a 81 mil pessoas (cada kit pode atender 1,5 mil pessoas) por um per\u00edodo de 30 dias nos munic\u00edpios mais impactados.<\/p>\n<p>De acordo com o Minist\u00e9rio da Sa\u00fade, na semana passada a titular da pasta, N\u00edsia Trindade, se reuniu com os secret\u00e1rios de sa\u00fade da regi\u00e3o Norte do pa\u00eds para ampliar o di\u00e1logo sobre as necessidades de cada estado.<\/p>\n<p>Na mesma data, o minist\u00e9rio iniciou a campanha <em><a href=\"https:\/\/www.gov.br\/saude\/pt-br\/campanhas-da-saude\/2024\/queimadas\" target=\"_blank\" rel=\"noopener\">Se tem fuma\u00e7a, tem que ter cuidado<\/a><\/em>, para alertar a popula\u00e7\u00e3o e gestores de sa\u00fade sobre os riscos que a polui\u00e7\u00e3o do ar representa para a sa\u00fade p\u00fablica.<\/p>\n<p>A pasta tamb\u00e9m disponibilizou uma <a href=\"https:\/\/www.gov.br\/saude\/pt-br\/assuntos\/saude-de-a-a-z\/q\/queimadas\" target=\"_blank\" rel=\"noopener\">p\u00e1gina dedicada ao tema<\/a>, em que a popula\u00e7\u00e3o pode encontrar orienta\u00e7\u00f5es sobre os cuidados com a sa\u00fade e como se proteger durante o per\u00edodo de queimadas.<\/p>\n<p>A ideia \u00e9 mobilizar a sociedade para adotar medidas preventivas e reduzir os impactos \u00e0 sa\u00fade provocados pela exposi\u00e7\u00e3o \u00e0 fuma\u00e7a.<\/p>\n<p><em>*Com informa\u00e7\u00f5es do Minist\u00e9rio da Sa\u00fade<\/em><\/p>\n<p>      <!-- Relacionada --><\/p>\n<p>            <!-- Relacionada -->\n    <\/div>\n<p><br \/>\n<br \/><a href=\"https:\/\/agenciabrasil.ebc.com.br\/saude\/noticia\/2024-10\/governo-envia-kits-para-cidades-do-amazonas-que-enfrentam-seca-severa\" rel=\"noopener\">Ag\u00eancia Brasil <\/a><\/p>\n","protected":false},"excerpt":{"rendered":"<p>O governo federal enviou, na madrugada desta sexta-feira (4), kits de medicamentos e insumos para cidades do Amazonas que enfrentam uma das mais severas secas na regi\u00e3o. Os 54 kits v\u00e3o permitir atendimento a 81 mil pessoas (cada kit pode atender 1,5 mil pessoas) por um per\u00edodo de 30 dias nos munic\u00edpios mais impactados. De [&hellip;]<\/p>\n","protected":false},"author":1,"featured_media":15045,"comment_status":"open","ping_status":"open","sticky":false,"template":"","format":"standard","meta":{"_jetpack_newsletter_access":"","_jetpack_dont_email_post_to_subs":false,"_jetpack_newsletter_tier_id":0,"_jetpack_memberships_contains_paywalled_content":false,"_mbp_banners":[],"_jetpack_feature_clip_id":0,"_jetpack_memberships_contains_paid_content":false,"footnotes":"","jetpack_publicize_message":"","jetpack_publicize_feature_enabled":true,"jetpack_social_post_already_shared":true,"jetpack_social_options":{"image_generator_settings":{"template":"highway","default_image_id":0,"font":"","enabled":false},"version":2},"jetpack_post_was_ever_published":false},"categories":[15],"tags":[],"class_list":["post-15044","post","type-post","status-publish","format-standard","has-post-thumbnail","category-saude"],"jetpack_publicize_connections":[],"jetpack-related-posts":[],"jetpack_shortlink":"https:\/\/wp.me\/p7Eq1F-3UE","jetpack_sharing_enabled":true,"jetpack_featured_media_url":"https:\/\/i0.wp.com\/guialimeira.com.br\/news\/wp-content\/uploads\/2024\/10\/5943a25f-ca09-42a5-a4a8-787f2f623033.jpeg?fit=1600%2C800&ssl=1","_links":{"self":[{"href":"https:\/\/guialimeira.com.br\/news\/wp-json\/wp\/v2\/posts\/15044","targetHints":{"allow":["GET"]}}],"collection":[{"href":"https:\/\/guialimeira.com.br\/news\/wp-json\/wp\/v2\/posts"}],"about":[{"href":"https:\/\/guialimeira.com.br\/news\/wp-json\/wp\/v2\/types\/post"}],"author":[{"embeddable":true,"href":"https:\/\/guialimeira.com.br\/news\/wp-json\/wp\/v2\/users\/1"}],"replies":[{"embeddable":true,"href":"https:\/\/guialimeira.com.br\/news\/wp-json\/wp\/v2\/comments?post=15044"}],"version-history":[{"count":0,"href":"https:\/\/guialimeira.com.br\/news\/wp-json\/wp\/v2\/posts\/15044\/revisions"}],"wp:featuredmedia":[{"embeddable":true,"href":"https:\/\/guialimeira.com.br\/news\/wp-json\/wp\/v2\/media\/15045"}],"wp:attachment":[{"href":"https:\/\/guialimeira.com.br\/news\/wp-json\/wp\/v2\/media?parent=15044"}],"wp:term":[{"taxonomy":"category","embeddable":true,"href":"https:\/\/guialimeira.com.br\/news\/wp-json\/wp\/v2\/categories?post=15044"},{"taxonomy":"post_tag","embeddable":true,"href":"https:\/\/guialimeira.com.br\/news\/wp-json\/wp\/v2\/tags?post=15044"}],"curies":[{"name":"wp","href":"https:\/\/api.w.org\/{rel}","templated":true}]}}