{"id":1504,"date":"2024-04-12T09:19:45","date_gmt":"2024-04-12T12:19:45","guid":{"rendered":"https:\/\/guialimeira.com.br\/2024\/04\/12\/medico-frances-que-agrediu-porteiro-e-condenado-a-pagar-indenizacao\/"},"modified":"2024-04-12T09:19:45","modified_gmt":"2024-04-12T12:19:45","slug":"medico-frances-que-agrediu-porteiro-e-condenado-a-pagar-indenizacao","status":"publish","type":"post","link":"https:\/\/guialimeira.com.br\/news\/medico-frances-que-agrediu-porteiro-e-condenado-a-pagar-indenizacao\/","title":{"rendered":"M\u00e9dico franc\u00eas que agrediu porteiro \u00e9 condenado a pagar indeniza\u00e7\u00e3o"},"content":{"rendered":"<p> <br \/>\n<\/p>\n<div>\n<p>A Justi\u00e7a do Rio condenou o m\u00e9dico franc\u00eas Gilles David Teboul a pagar indeniza\u00e7\u00e3o, por danos morais, no valor de R$ 50 mil, ao porteiro Reginaldo Silva de Lima. A condena\u00e7\u00e3o \u00e9 por agress\u00e3o f\u00edsica e ofensas raciais que Gilles praticou, em junho de 2022, contra o porteiro, no pr\u00e9dio onde residia \u00e0 \u00e9poca, em Copacabana. O m\u00e9dico havia sido condenado, em\u00a0primeira inst\u00e2ncia, a pagar R$ 10 mil, por\u00e9m\u00a0o porteiro recorreu contra o valor estipulado.<img data-recalc-dims=\"1\" decoding=\"async\" src=\"https:\/\/i0.wp.com\/agenciabrasil.ebc.com.br\/ebc.png?w=696&#038;ssl=1\" style=\"width:1px; height:1px; display:inline;\"\/><img data-recalc-dims=\"1\" decoding=\"async\" src=\"https:\/\/i0.wp.com\/agenciabrasil.ebc.com.br\/ebc.gif?w=696&#038;ssl=1\" style=\"width:1px; height:1px; display:inline;\"\/><\/p>\n<p>Na sess\u00e3o de julgamento, os magistrados da 6\u00aa\u00a0C\u00e2mara de Direito Privado acompanharam, por unanimidade, o voto do relator, desembargador Juarez Fernandes, \u00a0que acolheu, em parte, o recurso do porteiro para majorar o valor da indeniza\u00e7\u00e3o.<\/p>\n<h2>O caso<\/h2>\n<p>No dia 22 de junho de 2022, irritado, ap\u00f3s constatar que o elevador do edif\u00edcio onde residia \u00e0 \u00e9poca, em Copacabana, estava com defeito, o m\u00e9dico passou a ofender o porteiro, dizendo que ele n\u00e3o tinha capacidade para trabalhar na fun\u00e7\u00e3o, que ele era \u201cum negro, macaco\u201d. Reginaldo ainda foi agredido a socos por Gilles David.<\/p>\n<p>Em seu voto, o relator negou o requerimento do porteiro para condena\u00e7\u00e3o do m\u00e9dico ao pagamento de R$ 6 mil, a t\u00edtulo de danos materiais. Ele diz que os gastos apontados no processo, referentes a despesas com combust\u00edvel, faturas de cart\u00e3o de cr\u00e9dito e carn\u00eas inadimplidos, n\u00e3o evidenciam o necess\u00e1rio nexo de causalidade com as agress\u00f5es perpetradas pelo r\u00e9u.<\/p>\n<\/p><\/div>\n<p><br \/>\n<br \/><a href=\"https:\/\/agenciabrasil.ebc.com.br\/justica\/noticia\/2024-04\/medico-frances-que-agrediu-porteiro-e-condenado-pagar-indenizacao\" rel=\"noopener\">Ag\u00eancia Brasil<\/a><\/p>\n","protected":false},"excerpt":{"rendered":"<p>A Justi\u00e7a do Rio condenou o m\u00e9dico franc\u00eas Gilles David Teboul a pagar indeniza\u00e7\u00e3o, por danos morais, no valor de R$ 50 mil, ao porteiro Reginaldo Silva de Lima. A condena\u00e7\u00e3o \u00e9 por agress\u00e3o f\u00edsica e ofensas raciais que Gilles praticou, em junho de 2022, contra o porteiro, no pr\u00e9dio onde residia \u00e0 \u00e9poca, em [&hellip;]<\/p>\n","protected":false},"author":1,"featured_media":269,"comment_status":"open","ping_status":"open","sticky":false,"template":"","format":"standard","meta":{"_jetpack_newsletter_access":"","_jetpack_dont_email_post_to_subs":false,"_jetpack_newsletter_tier_id":0,"_jetpack_memberships_contains_paywalled_content":false,"_mbp_banners":[],"_jetpack_feature_clip_id":0,"_jetpack_memberships_contains_paid_content":false,"footnotes":"","jetpack_publicize_message":"","jetpack_publicize_feature_enabled":true,"jetpack_social_post_already_shared":true,"jetpack_social_options":{"image_generator_settings":{"template":"highway","default_image_id":0,"font":"","enabled":false},"version":2},"jetpack_post_was_ever_published":false},"categories":[22],"tags":[],"class_list":["post-1504","post","type-post","status-publish","format-standard","has-post-thumbnail","category-nacional"],"jetpack_publicize_connections":[],"jetpack-related-posts":[],"jetpack_shortlink":"https:\/\/wp.me\/p7Eq1F-og","jetpack_sharing_enabled":true,"jetpack_featured_media_url":"https:\/\/i0.wp.com\/guialimeira.com.br\/news\/wp-content\/uploads\/2024\/03\/thumb_1200x600_agbrasil.png?fit=1200%2C600&ssl=1","_links":{"self":[{"href":"https:\/\/guialimeira.com.br\/news\/wp-json\/wp\/v2\/posts\/1504","targetHints":{"allow":["GET"]}}],"collection":[{"href":"https:\/\/guialimeira.com.br\/news\/wp-json\/wp\/v2\/posts"}],"about":[{"href":"https:\/\/guialimeira.com.br\/news\/wp-json\/wp\/v2\/types\/post"}],"author":[{"embeddable":true,"href":"https:\/\/guialimeira.com.br\/news\/wp-json\/wp\/v2\/users\/1"}],"replies":[{"embeddable":true,"href":"https:\/\/guialimeira.com.br\/news\/wp-json\/wp\/v2\/comments?post=1504"}],"version-history":[{"count":0,"href":"https:\/\/guialimeira.com.br\/news\/wp-json\/wp\/v2\/posts\/1504\/revisions"}],"wp:featuredmedia":[{"embeddable":true,"href":"https:\/\/guialimeira.com.br\/news\/wp-json\/wp\/v2\/media\/269"}],"wp:attachment":[{"href":"https:\/\/guialimeira.com.br\/news\/wp-json\/wp\/v2\/media?parent=1504"}],"wp:term":[{"taxonomy":"category","embeddable":true,"href":"https:\/\/guialimeira.com.br\/news\/wp-json\/wp\/v2\/categories?post=1504"},{"taxonomy":"post_tag","embeddable":true,"href":"https:\/\/guialimeira.com.br\/news\/wp-json\/wp\/v2\/tags?post=1504"}],"curies":[{"name":"wp","href":"https:\/\/api.w.org\/{rel}","templated":true}]}}