{"id":15032,"date":"2024-10-04T08:54:40","date_gmt":"2024-10-04T11:54:40","guid":{"rendered":"https:\/\/guialimeira.com.br\/2024\/10\/04\/operacao-para-repatriar-brasileiros-do-libano-e-adiada\/"},"modified":"2024-10-04T08:54:40","modified_gmt":"2024-10-04T11:54:40","slug":"operacao-para-repatriar-brasileiros-do-libano-e-adiada","status":"publish","type":"post","link":"https:\/\/guialimeira.com.br\/news\/operacao-para-repatriar-brasileiros-do-libano-e-adiada\/","title":{"rendered":"Opera\u00e7\u00e3o para repatriar brasileiros do L\u00edbano \u00e9 adiada"},"content":{"rendered":"<p> <br \/>\n<\/p>\n<div>\n<p>A Opera\u00e7\u00e3o Ra\u00edzes de Cedro, que vai repatriar brasileiros que est\u00e3o no L\u00edbano, ser\u00e1 adiada. Inicialmente, a volta de 220 cidad\u00e3os come\u00e7aria nesta sexta-feira (4), mas por falta de seguran\u00e7a para transportar essas pessoas at\u00e9 o aeroporto, a opera\u00e7\u00e3o n\u00e3o ocorrer\u00e1.<img data-recalc-dims=\"1\" decoding=\"async\" src=\"https:\/\/i0.wp.com\/agenciabrasil.ebc.com.br\/ebc.png?w=696&#038;ssl=1\" style=\"width:1px; height:1px; display:inline;\"\/><img data-recalc-dims=\"1\" decoding=\"async\" src=\"https:\/\/i0.wp.com\/agenciabrasil.ebc.com.br\/ebc.gif?w=696&#038;ssl=1\" style=\"width:1px; height:1px; display:inline;\"\/><\/p>\n<p>&#8220;Em consequ\u00eancia da necessidade de medidas adicionais de seguran\u00e7a para os comboios terrestres que se dirigir\u00e3o ao aeroporto da capital libanesa, a opera\u00e7\u00e3o do primeiro voo brasileiro de repatria\u00e7\u00e3o n\u00e3o ocorrer\u00e1 no dia de hoje. Novas informa\u00e7\u00f5es sobre o voo ser\u00e3o prestadas ao longo do dia&#8221;, informou <a href=\"https:\/\/www.gov.br\/mre\/pt-br\/canais_atendimento\/imprensa\/aviso-as-redacoes\/aviso-as-redacoes-5\" target=\"_blank\" rel=\"noopener\">nota do Minist\u00e9rio das Rela\u00e7\u00f5es<\/a> Exteriores do Brasil.<\/p>\n<p>Na madrugada de hoje, pelo menos um ataque israelense atingiu as proximidades do per\u00edmetro do aeroporto internacional de Beirute, de acordo com uma fonte do Minist\u00e9rio dos Transportes e Obras P\u00fablicas do L\u00edbano.<\/p>\n<p>O <a href=\"https:\/\/agenciabrasil.ebc.com.br\/internacional\/noticia\/2024-10\/primeiro-voo-de-repatriacao-deve-trazer-220-brasileiros-de-beirute\" target=\"_blank\" rel=\"noopener\">objetivo do governo brasileiro \u00e9 repatriar<\/a> cerca de 500 pessoas por semana, com prioridade de embarque para idosos, mulheres, crian\u00e7as e pessoas com necessidades m\u00e9dicas.<\/p>\n<p>Ao todo, cerca de 21 mil brasileiros residem no L\u00edbano. Na ter\u00e7a-feira (1\u00b0), o governo brasileiro informou que <a href=\"https:\/\/agenciabrasil.ebc.com.br\/internacional\/noticia\/2024-10\/cerca-de-3-mil-brasileiros-querem-sair-do-libano-diz-itamaraty\" target=\"_blank\" rel=\"noopener\">pelo menos 3 mil procuraram a Embaixada<\/a> em Beirute com pedido de repatria\u00e7\u00e3o.<\/p>\n<p>Conflito<\/p>\n<p>que se tornou alvo de ataques israelenses nos \u00faltimos dias, com o agravamento dos conflitos no Oriente M\u00e9dio. Israel alega que combate integrantes do Hezbollah no territ\u00f3rio liban\u00eas.<\/p>\n<p><em>Ampliada \u00e0s 8h45<\/em><\/p>\n<p>      <!-- Relacionada --><\/p>\n<p>            <!-- Relacionada -->\n    <\/div>\n<p><br \/>\n<br \/><a href=\"https:\/\/agenciabrasil.ebc.com.br\/internacional\/noticia\/2024-10\/operacao-para-repatriar-brasileiros-do-libano-e-adiada\" rel=\"noopener\">Ag\u00eancia Brasil <\/a><\/p>\n","protected":false},"excerpt":{"rendered":"<p>A Opera\u00e7\u00e3o Ra\u00edzes de Cedro, que vai repatriar brasileiros que est\u00e3o no L\u00edbano, ser\u00e1 adiada. Inicialmente, a volta de 220 cidad\u00e3os come\u00e7aria nesta sexta-feira (4), mas por falta de seguran\u00e7a para transportar essas pessoas at\u00e9 o aeroporto, a opera\u00e7\u00e3o n\u00e3o ocorrer\u00e1. &#8220;Em consequ\u00eancia da necessidade de medidas adicionais de seguran\u00e7a para os comboios terrestres que [&hellip;]<\/p>\n","protected":false},"author":1,"featured_media":14995,"comment_status":"open","ping_status":"open","sticky":false,"template":"","format":"standard","meta":{"_jetpack_newsletter_access":"","_jetpack_dont_email_post_to_subs":false,"_jetpack_newsletter_tier_id":0,"_jetpack_memberships_contains_paywalled_content":false,"_mbp_banners":[],"_jetpack_feature_clip_id":0,"_jetpack_memberships_contains_paid_content":false,"footnotes":"","jetpack_publicize_message":"","jetpack_publicize_feature_enabled":true,"jetpack_social_post_already_shared":true,"jetpack_social_options":{"image_generator_settings":{"template":"highway","default_image_id":0,"font":"","enabled":false},"version":2},"jetpack_post_was_ever_published":false},"categories":[25],"tags":[],"class_list":["post-15032","post","type-post","status-publish","format-standard","has-post-thumbnail","category-internacional"],"jetpack_publicize_connections":[],"jetpack-related-posts":[],"jetpack_shortlink":"https:\/\/wp.me\/p7Eq1F-3Us","jetpack_sharing_enabled":true,"jetpack_featured_media_url":"https:\/\/i0.wp.com\/guialimeira.com.br\/news\/wp-content\/uploads\/2024\/10\/whatsapp_image_2024-10-02_at_06.52.47.jpeg?fit=1600%2C800&ssl=1","_links":{"self":[{"href":"https:\/\/guialimeira.com.br\/news\/wp-json\/wp\/v2\/posts\/15032","targetHints":{"allow":["GET"]}}],"collection":[{"href":"https:\/\/guialimeira.com.br\/news\/wp-json\/wp\/v2\/posts"}],"about":[{"href":"https:\/\/guialimeira.com.br\/news\/wp-json\/wp\/v2\/types\/post"}],"author":[{"embeddable":true,"href":"https:\/\/guialimeira.com.br\/news\/wp-json\/wp\/v2\/users\/1"}],"replies":[{"embeddable":true,"href":"https:\/\/guialimeira.com.br\/news\/wp-json\/wp\/v2\/comments?post=15032"}],"version-history":[{"count":0,"href":"https:\/\/guialimeira.com.br\/news\/wp-json\/wp\/v2\/posts\/15032\/revisions"}],"wp:featuredmedia":[{"embeddable":true,"href":"https:\/\/guialimeira.com.br\/news\/wp-json\/wp\/v2\/media\/14995"}],"wp:attachment":[{"href":"https:\/\/guialimeira.com.br\/news\/wp-json\/wp\/v2\/media?parent=15032"}],"wp:term":[{"taxonomy":"category","embeddable":true,"href":"https:\/\/guialimeira.com.br\/news\/wp-json\/wp\/v2\/categories?post=15032"},{"taxonomy":"post_tag","embeddable":true,"href":"https:\/\/guialimeira.com.br\/news\/wp-json\/wp\/v2\/tags?post=15032"}],"curies":[{"name":"wp","href":"https:\/\/api.w.org\/{rel}","templated":true}]}}