{"id":1503,"date":"2024-04-12T08:18:48","date_gmt":"2024-04-12T11:18:48","guid":{"rendered":"https:\/\/guialimeira.com.br\/2024\/04\/12\/petrobras-entrara-com-recurso-contra-suspensao-de-conselheiro\/"},"modified":"2024-04-12T08:18:48","modified_gmt":"2024-04-12T11:18:48","slug":"petrobras-entrara-com-recurso-contra-suspensao-de-conselheiro","status":"publish","type":"post","link":"https:\/\/guialimeira.com.br\/news\/petrobras-entrara-com-recurso-contra-suspensao-de-conselheiro\/","title":{"rendered":"Petrobras entrar\u00e1 com recurso contra suspens\u00e3o de conselheiro"},"content":{"rendered":"<p> <br \/>\n<\/p>\n<div>\n<p>A Petrobras informou, em nota divulgada nessa quinta-feira (11) \u00e0 noite, que entrar\u00e1 com recurso contra a suspens\u00e3o do conselheiro Pietro Adamo Sampaio Mendes, presidente do Conselho de Administra\u00e7\u00e3o da\u00a0empresa. A <a href=\"http:\/\/\u00a0https:\/\/agenciabrasil.ebc.com.br\/justica\/noticia\/2024-04\/justica-afasta-presidente-do-conselho-da-petrobras-do-cargo\" target=\"_blank\" rel=\"noopener\">decis\u00e3o de suspender Mendes<\/a>, conselheiro nomeado pelo governo federal, foi tomada pelo ju\u00edzo da 21\u00aa Vara C\u00edvel Federal de S\u00e3o Paulo.<img data-recalc-dims=\"1\" decoding=\"async\" src=\"https:\/\/i0.wp.com\/agenciabrasil.ebc.com.br\/ebc.png?w=696&#038;ssl=1\" style=\"width:1px; height:1px; display:inline;\"\/><img data-recalc-dims=\"1\" decoding=\"async\" src=\"https:\/\/i0.wp.com\/agenciabrasil.ebc.com.br\/ebc.gif?w=696&#038;ssl=1\" style=\"width:1px; height:1px; display:inline;\"\/><\/p>\n<p>\u201cA decis\u00e3o \u00e9 baseada em alegada inobserv\u00e2ncia de requisitos do Estatuto Social da Companhia no processo de indica\u00e7\u00e3o do conselheiro. A Petrobras buscar\u00e1 a reforma da referida decis\u00e3o por meio do recurso cab\u00edvel, de forma a defender a higidez de seus procedimentos de governan\u00e7a interna, como tem atuado em outras a\u00e7\u00f5es em curso na mesma Vara questionando indica\u00e7\u00f5es ao Conselho\u201d, diz\u00a0a nota da Petrobras.<\/p>\n<p>A a\u00e7\u00e3o que pede a suspens\u00e3o do conselheiro foi movida pelo deputado estadual Leonardo Siqueira (Novo-SP), que questiona a legalidade da presen\u00e7a de Mendes no conselho.<\/p>\n<p>O texto argumenta\u00a0que h\u00e1 conflito de interesses na ocupa\u00e7\u00e3o do cargo de conselheiro por Mendes, uma vez que ele tamb\u00e9m \u00e9 secret\u00e1rio de Petr\u00f3leo, G\u00e1s Natural e Biocombust\u00edveis do Minist\u00e9rio de Minas e Energia.<\/p>\n<p>O autor da a\u00e7\u00e3o tamb\u00e9m cita a n\u00e3o observ\u00e2ncia da Lei das Estatais, aus\u00eancia de elabora\u00e7\u00e3o de lista tr\u00edplice para o cargo e a n\u00e3o utiliza\u00e7\u00e3o de empresa especializada para a sele\u00e7\u00e3o.<\/p>\n<p>A Justi\u00e7a j\u00e1 havia afastado, na semana passada, outro conselheiro: Sergio Machado Rezende, tamb\u00e9m nomeado pelo governo federal.<\/p>\n<\/p><\/div>\n<p><br \/>\n<br \/><a href=\"https:\/\/agenciabrasil.ebc.com.br\/justica\/noticia\/2024-04\/petrobras-entrara-com-recurso-contra-suspensao-de-conselheiro\" rel=\"noopener\">Ag\u00eancia Brasil<\/a><\/p>\n","protected":false},"excerpt":{"rendered":"<p>A Petrobras informou, em nota divulgada nessa quinta-feira (11) \u00e0 noite, que entrar\u00e1 com recurso contra a suspens\u00e3o do conselheiro Pietro Adamo Sampaio Mendes, presidente do Conselho de Administra\u00e7\u00e3o da\u00a0empresa. A decis\u00e3o de suspender Mendes, conselheiro nomeado pelo governo federal, foi tomada pelo ju\u00edzo da 21\u00aa Vara C\u00edvel Federal de S\u00e3o Paulo. \u201cA decis\u00e3o \u00e9 [&hellip;]<\/p>\n","protected":false},"author":1,"featured_media":1320,"comment_status":"open","ping_status":"open","sticky":false,"template":"","format":"standard","meta":{"_jetpack_newsletter_access":"","_jetpack_dont_email_post_to_subs":false,"_jetpack_newsletter_tier_id":0,"_jetpack_memberships_contains_paywalled_content":false,"_mbp_banners":[],"_jetpack_feature_clip_id":0,"_jetpack_memberships_contains_paid_content":false,"footnotes":"","jetpack_publicize_message":"","jetpack_publicize_feature_enabled":true,"jetpack_social_post_already_shared":true,"jetpack_social_options":{"image_generator_settings":{"template":"highway","default_image_id":0,"font":"","enabled":false},"version":2},"jetpack_post_was_ever_published":false},"categories":[22],"tags":[],"class_list":["post-1503","post","type-post","status-publish","format-standard","has-post-thumbnail","category-nacional"],"jetpack_publicize_connections":[],"jetpack-related-posts":[],"jetpack_shortlink":"https:\/\/wp.me\/p7Eq1F-of","jetpack_sharing_enabled":true,"jetpack_featured_media_url":"https:\/\/i0.wp.com\/guialimeira.com.br\/news\/wp-content\/uploads\/2024\/04\/mg_1605.jpg?fit=1600%2C800&ssl=1","_links":{"self":[{"href":"https:\/\/guialimeira.com.br\/news\/wp-json\/wp\/v2\/posts\/1503","targetHints":{"allow":["GET"]}}],"collection":[{"href":"https:\/\/guialimeira.com.br\/news\/wp-json\/wp\/v2\/posts"}],"about":[{"href":"https:\/\/guialimeira.com.br\/news\/wp-json\/wp\/v2\/types\/post"}],"author":[{"embeddable":true,"href":"https:\/\/guialimeira.com.br\/news\/wp-json\/wp\/v2\/users\/1"}],"replies":[{"embeddable":true,"href":"https:\/\/guialimeira.com.br\/news\/wp-json\/wp\/v2\/comments?post=1503"}],"version-history":[{"count":0,"href":"https:\/\/guialimeira.com.br\/news\/wp-json\/wp\/v2\/posts\/1503\/revisions"}],"wp:featuredmedia":[{"embeddable":true,"href":"https:\/\/guialimeira.com.br\/news\/wp-json\/wp\/v2\/media\/1320"}],"wp:attachment":[{"href":"https:\/\/guialimeira.com.br\/news\/wp-json\/wp\/v2\/media?parent=1503"}],"wp:term":[{"taxonomy":"category","embeddable":true,"href":"https:\/\/guialimeira.com.br\/news\/wp-json\/wp\/v2\/categories?post=1503"},{"taxonomy":"post_tag","embeddable":true,"href":"https:\/\/guialimeira.com.br\/news\/wp-json\/wp\/v2\/tags?post=1503"}],"curies":[{"name":"wp","href":"https:\/\/api.w.org\/{rel}","templated":true}]}}