{"id":15028,"date":"2024-10-03T18:40:39","date_gmt":"2024-10-03T21:40:39","guid":{"rendered":"https:\/\/guialimeira.com.br\/2024\/10\/03\/primeiro-voo-de-repatriacao-deve-trazer-220-brasileiros-de-beirute\/"},"modified":"2024-10-03T18:40:39","modified_gmt":"2024-10-03T21:40:39","slug":"primeiro-voo-de-repatriacao-deve-trazer-220-brasileiros-de-beirute","status":"publish","type":"post","link":"https:\/\/guialimeira.com.br\/news\/primeiro-voo-de-repatriacao-deve-trazer-220-brasileiros-de-beirute\/","title":{"rendered":"Primeiro voo de repatria\u00e7\u00e3o deve trazer 220 brasileiros de Beirute"},"content":{"rendered":"<p> <br \/>\n<\/p>\n<div>\n<p>O ministro das Rela\u00e7\u00f5es Exteriores, Mauro Vieira, o ministro da Defesa, Jos\u00e9 M\u00facio, e o comandante da Aeron\u00e1utica, Marcelo Kanitz Damasceno, concederam entrevista coletiva na tarde desta quinta-feira (3) para detalhar a opera\u00e7\u00e3o que deve trazer os primeiros brasileiros do L\u00edbano para o Brasil.<img data-recalc-dims=\"1\" decoding=\"async\" src=\"https:\/\/i0.wp.com\/agenciabrasil.ebc.com.br\/ebc.png?w=696&#038;ssl=1\" style=\"width:1px; height:1px; display:inline;\"\/><img data-recalc-dims=\"1\" decoding=\"async\" src=\"https:\/\/i0.wp.com\/agenciabrasil.ebc.com.br\/ebc.gif?w=696&#038;ssl=1\" style=\"width:1px; height:1px; display:inline;\"\/><\/p>\n<p>O primeiro voo de resgate parte nesta sexta-feira (4) de Lisboa, em Portugal, para a capital libanesa. O avi\u00e3o da For\u00e7a A\u00e9rea Brasileira, um KC-30, deve chegar a Beirute por volta de 10h, hor\u00e1rio de Bras\u00edlia, 16h, hor\u00e1rio local, retornando em seguida para a capital portuguesa. De Lisboa, ele seguir\u00e1 para S\u00e3o Paulo, onde o desembarque est\u00e1 previsto para \u00e0s 8h de s\u00e1bado (5).<\/p>\n<p>O Itamaraty estima em 220 o n\u00famero de passageiros nessa primeira repatria\u00e7\u00e3o. O objetivo do governo brasileiro \u00e9 repatriar cerca de 500 pessoas por semana. Ter\u00e3o prioridade de embarque idosos, mulheres, crian\u00e7as e pessoas com necessidades m\u00e9dicas.<\/p>\n<p>Ao todo, cerca de 20 mil brasileiros residem no L\u00edbano. O pa\u00eds se tornou alvo de ataques israelenses nos \u00faltimos dias. Israel afirma que integrantes do Hezbollah est\u00e3o em territ\u00f3rio liban\u00eas.<\/p>\n<p>At\u00e9 o momento, s\u00f3 pousaram no L\u00edbano, para repatria\u00e7\u00e3o, aeronaves de quatro pa\u00edses. Estima-se que o Brasil ser\u00e1 o s\u00e9timo pa\u00eds a ter uma aeronave de resgate com pouso autorizado.<\/p>\n<p>      <!-- Relacionada --><\/p>\n<p>            <!-- Relacionada -->\n    <\/div>\n<p><br \/>\n<br \/><a href=\"https:\/\/agenciabrasil.ebc.com.br\/internacional\/noticia\/2024-10\/primeiro-voo-de-repatriacao-deve-trazer-220-brasileiros-de-beirute\" rel=\"noopener\">Ag\u00eancia Brasil <\/a><\/p>\n","protected":false},"excerpt":{"rendered":"<p>O ministro das Rela\u00e7\u00f5es Exteriores, Mauro Vieira, o ministro da Defesa, Jos\u00e9 M\u00facio, e o comandante da Aeron\u00e1utica, Marcelo Kanitz Damasceno, concederam entrevista coletiva na tarde desta quinta-feira (3) para detalhar a opera\u00e7\u00e3o que deve trazer os primeiros brasileiros do L\u00edbano para o Brasil. O primeiro voo de resgate parte nesta sexta-feira (4) de Lisboa, [&hellip;]<\/p>\n","protected":false},"author":1,"featured_media":15029,"comment_status":"open","ping_status":"open","sticky":false,"template":"","format":"standard","meta":{"_jetpack_newsletter_access":"","_jetpack_dont_email_post_to_subs":false,"_jetpack_newsletter_tier_id":0,"_jetpack_memberships_contains_paywalled_content":false,"_mbp_banners":[],"_jetpack_feature_clip_id":0,"_jetpack_memberships_contains_paid_content":false,"footnotes":"","jetpack_publicize_message":"","jetpack_publicize_feature_enabled":true,"jetpack_social_post_already_shared":true,"jetpack_social_options":{"image_generator_settings":{"template":"highway","default_image_id":0,"font":"","enabled":false},"version":2},"jetpack_post_was_ever_published":false},"categories":[25],"tags":[],"class_list":["post-15028","post","type-post","status-publish","format-standard","has-post-thumbnail","category-internacional"],"jetpack_publicize_connections":[],"jetpack-related-posts":[],"jetpack_shortlink":"https:\/\/wp.me\/p7Eq1F-3Uo","jetpack_sharing_enabled":true,"jetpack_featured_media_url":"https:\/\/i0.wp.com\/guialimeira.com.br\/news\/wp-content\/uploads\/2024\/10\/0d7a1554.jpg?fit=1600%2C800&ssl=1","_links":{"self":[{"href":"https:\/\/guialimeira.com.br\/news\/wp-json\/wp\/v2\/posts\/15028","targetHints":{"allow":["GET"]}}],"collection":[{"href":"https:\/\/guialimeira.com.br\/news\/wp-json\/wp\/v2\/posts"}],"about":[{"href":"https:\/\/guialimeira.com.br\/news\/wp-json\/wp\/v2\/types\/post"}],"author":[{"embeddable":true,"href":"https:\/\/guialimeira.com.br\/news\/wp-json\/wp\/v2\/users\/1"}],"replies":[{"embeddable":true,"href":"https:\/\/guialimeira.com.br\/news\/wp-json\/wp\/v2\/comments?post=15028"}],"version-history":[{"count":0,"href":"https:\/\/guialimeira.com.br\/news\/wp-json\/wp\/v2\/posts\/15028\/revisions"}],"wp:featuredmedia":[{"embeddable":true,"href":"https:\/\/guialimeira.com.br\/news\/wp-json\/wp\/v2\/media\/15029"}],"wp:attachment":[{"href":"https:\/\/guialimeira.com.br\/news\/wp-json\/wp\/v2\/media?parent=15028"}],"wp:term":[{"taxonomy":"category","embeddable":true,"href":"https:\/\/guialimeira.com.br\/news\/wp-json\/wp\/v2\/categories?post=15028"},{"taxonomy":"post_tag","embeddable":true,"href":"https:\/\/guialimeira.com.br\/news\/wp-json\/wp\/v2\/tags?post=15028"}],"curies":[{"name":"wp","href":"https:\/\/api.w.org\/{rel}","templated":true}]}}