{"id":15025,"date":"2024-10-03T15:37:41","date_gmt":"2024-10-03T18:37:41","guid":{"rendered":"https:\/\/guialimeira.com.br\/2024\/10\/03\/brasil-condena-escalada-do-conflito-no-oriente-medio\/"},"modified":"2024-10-03T15:37:41","modified_gmt":"2024-10-03T18:37:41","slug":"brasil-condena-escalada-do-conflito-no-oriente-medio","status":"publish","type":"post","link":"https:\/\/guialimeira.com.br\/news\/brasil-condena-escalada-do-conflito-no-oriente-medio\/","title":{"rendered":"Brasil condena escalada do conflito no Oriente M\u00e9dio"},"content":{"rendered":"<p> <br \/>\n<\/p>\n<div>\n<p>O governo brasileiro se posicionou, nesta quarta-feira (2), sobre o lan\u00e7amento de cerca de 200 m\u00edsseis bal\u00edsticos pelo Ir\u00e3 contra o territ\u00f3rio de Israel, ocorrido\u00a0no dia anterior. Em nota, o Pal\u00e1cio Itamaraty condenou &#8220;a escalada do conflito&#8221; e fez &#8220;um apelo a todas as partes envolvidas para que exer\u00e7am m\u00e1xima conten\u00e7\u00e3o&#8221;.<img data-recalc-dims=\"1\" decoding=\"async\" src=\"https:\/\/i0.wp.com\/agenciabrasil.ebc.com.br\/ebc.png?w=696&#038;ssl=1\" style=\"width:1px; height:1px; display:inline;\"\/><img data-recalc-dims=\"1\" decoding=\"async\" src=\"https:\/\/i0.wp.com\/agenciabrasil.ebc.com.br\/ebc.gif?w=696&#038;ssl=1\" style=\"width:1px; height:1px; display:inline;\"\/><\/p>\n<p>Ontem (1\u00ba), a Guarda Revolucion\u00e1ria do Ir\u00e3 informou que <a href=\"https:\/\/agenciabrasil.ebc.com.br\/internacional\/noticia\/2024-10\/ira-lanca-misseis-contra-israel-que-confirma-ataque\" target=\"_blank\" rel=\"noopener\">lan\u00e7ou os m\u00edsseis em dire\u00e7\u00e3o a Israel<\/a> e alertou que, se houver retalia\u00e7\u00e3o, a resposta de Teer\u00e3 ser\u00e1 &#8220;mais esmagadora e ruinosa&#8221;, segundo a TV estatal iraniana.<\/p>\n<p>J\u00e1 o primeiro-ministro israelense, Benjamin Netanyahu, prometeu que o arquirrival Ir\u00e3 <a href=\"https:\/\/agenciabrasil.ebc.com.br\/internacional\/noticia\/2024-10\/israel-promete-resposta-ataque-de-misseis-do-ira\" target=\"_blank\" rel=\"noopener\">ir\u00e1 pagar pela a\u00e7\u00e3o militar<\/a>.<\/p>\n<p>Ainda segundo o Itamaraty, o Brasil refor\u00e7a a &#8220;convic\u00e7\u00e3o acerca de necessidade de amplo cessar-fogo em todo o Oriente M\u00e9dio e conclama a comunidade internacional para que utilize todos os instrumentos diplom\u00e1ticos \u00e0 disposi\u00e7\u00e3o a fim de conter o aprofundamento do conflito&#8221;.<\/p>\n<p>Em outra manifesta\u00e7\u00e3o, o governo brasileiro condenou o ataque terrorista reivindicado pelo Hamas na cidade israelense de Jafa, que provocou a morte de sete\u00a0pessoas e ferimentos a outras 16.<\/p>\n<p>De acordo com o Itamaraty, a Embaixada em Tel Aviv continua a monitorar a situa\u00e7\u00e3o dos brasileiros em Israel, em contato permanente, prestando orienta\u00e7\u00f5es e assist\u00eancia consular.<\/p>\n<p>Na madrugada de quinta-feira, hor\u00e1rio local, um <a href=\"https:\/\/agenciabrasil.ebc.com.br\/internacional\/noticia\/2024-10\/ataque-israelense-atinge-centro-de-beirute-diz-fonte-de-seguranca\" target=\"_blank\" rel=\"noopener\">ataque israelense\u00a0atingiu o centro\u00a0de Beirute<\/a>, capital do L\u00edbano.\u00a0Testemunhas relataram ter ouvido uma explos\u00e3o, informou a ag\u00eancia Reuters.\u00a0<\/p>\n<h2>Entenda<\/h2>\n<p>Desde o \u00faltimo dia 23 de setembro, Israel tem realizado bombardeios massivos contra cidades libaneses. Estima-se que, em pouco mais de uma semana, mais de 1 mil pessoas morreram e 1 milh\u00e3o precisaram abandonar suas casas, segundo ag\u00eancias das Na\u00e7\u00f5es Unidas (ONU).<\/p>\n<p>Israel alega que os <a href=\"https:\/\/agenciabrasil.ebc.com.br\/geral\/noticia\/2024-09\/entenda-por-que-gaza-motivou-os-bombardeios-de-israel-contra-o-libano\" target=\"_blank\" rel=\"noopener\">ataques contra o L\u00edbano<\/a> visam destruir a infraestrutura e as lideran\u00e7as do Hezbollah, grupo pol\u00edtico e militar que tem realizado ataques contra o norte de Israel em solidariedade aos palestinos na Faixa de Gaza. O grupo promete manter os ataques enquanto continuar a ocupa\u00e7\u00e3o de Gaza pelas for\u00e7as israelenses.<\/p>\n<p>Um <a href=\"https:\/\/agenciabrasil.ebc.com.br\/internacional\/noticia\/2024-10\/aviao-que-vai-repatriar-brasileiros-no-libano-parte-para-beirute\" target=\"_blank\" rel=\"noopener\">avi\u00e3o da For\u00e7a A\u00e9rea Brasileira (FAB) decolou do Rio de Janeiro<\/a> nesta quarta com destino a Beirute. De acordo com o Minist\u00e9rio das Rela\u00e7\u00f5es Exteriores (MRE), cerca de 3 mil brasileiros desejam deixar o L\u00edbano.<\/p>\n<p>Este \u00e9 o n\u00famero de pessoas que procuraram a Embaixada do Brasil em Beirute com pedido de repatria\u00e7\u00e3o. A maior comunidade de brasileiros no Oriente M\u00e9dio atualmente est\u00e1 justamente no L\u00edbano. Ao todo, 21 mil brasileiros vivem no pa\u00eds.<\/p>\n<p>      <!-- Relacionada --><\/p>\n<p>            <!-- Relacionada -->\n    <\/div>\n<p><br \/>\n<br \/><a href=\"https:\/\/agenciabrasil.ebc.com.br\/internacional\/noticia\/2024-10\/brasil-condena-escalada-do-conflito-no-oriente-medio\" rel=\"noopener\">Ag\u00eancia Brasil <\/a><\/p>\n","protected":false},"excerpt":{"rendered":"<p>O governo brasileiro se posicionou, nesta quarta-feira (2), sobre o lan\u00e7amento de cerca de 200 m\u00edsseis bal\u00edsticos pelo Ir\u00e3 contra o territ\u00f3rio de Israel, ocorrido\u00a0no dia anterior. Em nota, o Pal\u00e1cio Itamaraty condenou &#8220;a escalada do conflito&#8221; e fez &#8220;um apelo a todas as partes envolvidas para que exer\u00e7am m\u00e1xima conten\u00e7\u00e3o&#8221;. Ontem (1\u00ba), a Guarda [&hellip;]<\/p>\n","protected":false},"author":1,"featured_media":15019,"comment_status":"open","ping_status":"open","sticky":false,"template":"","format":"standard","meta":{"_jetpack_newsletter_access":"","_jetpack_dont_email_post_to_subs":false,"_jetpack_newsletter_tier_id":0,"_jetpack_memberships_contains_paywalled_content":false,"_mbp_banners":[],"_jetpack_feature_clip_id":0,"_jetpack_memberships_contains_paid_content":false,"footnotes":"","jetpack_publicize_message":"","jetpack_publicize_feature_enabled":true,"jetpack_social_post_already_shared":true,"jetpack_social_options":{"image_generator_settings":{"template":"highway","default_image_id":0,"font":"","enabled":false},"version":2},"jetpack_post_was_ever_published":false},"categories":[25],"tags":[],"class_list":["post-15025","post","type-post","status-publish","format-standard","has-post-thumbnail","category-internacional"],"jetpack_publicize_connections":[],"jetpack-related-posts":[],"jetpack_shortlink":"https:\/\/wp.me\/p7Eq1F-3Ul","jetpack_sharing_enabled":true,"jetpack_featured_media_url":"https:\/\/i0.wp.com\/guialimeira.com.br\/news\/wp-content\/uploads\/2024\/10\/2024-10-01t171612z_1853211522_rc2sbaa3hm96_rtrmadp_3_israel-palestinians-lebanon.jpg?fit=1600%2C800&ssl=1","_links":{"self":[{"href":"https:\/\/guialimeira.com.br\/news\/wp-json\/wp\/v2\/posts\/15025","targetHints":{"allow":["GET"]}}],"collection":[{"href":"https:\/\/guialimeira.com.br\/news\/wp-json\/wp\/v2\/posts"}],"about":[{"href":"https:\/\/guialimeira.com.br\/news\/wp-json\/wp\/v2\/types\/post"}],"author":[{"embeddable":true,"href":"https:\/\/guialimeira.com.br\/news\/wp-json\/wp\/v2\/users\/1"}],"replies":[{"embeddable":true,"href":"https:\/\/guialimeira.com.br\/news\/wp-json\/wp\/v2\/comments?post=15025"}],"version-history":[{"count":0,"href":"https:\/\/guialimeira.com.br\/news\/wp-json\/wp\/v2\/posts\/15025\/revisions"}],"wp:featuredmedia":[{"embeddable":true,"href":"https:\/\/guialimeira.com.br\/news\/wp-json\/wp\/v2\/media\/15019"}],"wp:attachment":[{"href":"https:\/\/guialimeira.com.br\/news\/wp-json\/wp\/v2\/media?parent=15025"}],"wp:term":[{"taxonomy":"category","embeddable":true,"href":"https:\/\/guialimeira.com.br\/news\/wp-json\/wp\/v2\/categories?post=15025"},{"taxonomy":"post_tag","embeddable":true,"href":"https:\/\/guialimeira.com.br\/news\/wp-json\/wp\/v2\/tags?post=15025"}],"curies":[{"name":"wp","href":"https:\/\/api.w.org\/{rel}","templated":true}]}}