{"id":15024,"date":"2024-10-03T14:36:42","date_gmt":"2024-10-03T17:36:42","guid":{"rendered":"https:\/\/guialimeira.com.br\/2024\/10\/03\/brasil-condena-ato-de-israel-que-considerou-guterres-persona-non-grata\/"},"modified":"2024-10-03T14:36:42","modified_gmt":"2024-10-03T17:36:42","slug":"brasil-condena-ato-de-israel-que-considerou-guterres-persona-non-grata","status":"publish","type":"post","link":"https:\/\/guialimeira.com.br\/news\/brasil-condena-ato-de-israel-que-considerou-guterres-persona-non-grata\/","title":{"rendered":"Brasil condena ato de Israel que considerou Guterres persona non grata"},"content":{"rendered":"<p> <br \/>\n<\/p>\n<div>\n<p>O governo brasileiro lamentou e condenou a decis\u00e3o do governo de Israel, de declarar o secret\u00e1rio-Geral das Na\u00e7\u00f5es Unidas, Ant\u00f3nio Guterres, como <em>persona non grata<\/em>.<img data-recalc-dims=\"1\" decoding=\"async\" src=\"https:\/\/i0.wp.com\/agenciabrasil.ebc.com.br\/ebc.png?w=696&#038;ssl=1\" style=\"width:1px; height:1px; display:inline;\"\/><img data-recalc-dims=\"1\" decoding=\"async\" src=\"https:\/\/i0.wp.com\/agenciabrasil.ebc.com.br\/ebc.gif?w=696&#038;ssl=1\" style=\"width:1px; height:1px; display:inline;\"\/><\/p>\n<p>Segundo nota divulgada nesta quinta-feira (4) pelo Minist\u00e9rio das Rela\u00e7\u00f5es Exteriores brasileiro, o ato &#8220;prejudica fortemente os esfor\u00e7os da Organiza\u00e7\u00e3o das Na\u00e7\u00f5es Unidas em favor de um cessar-fogo imediato no Oriente M\u00e9dio, da liberta\u00e7\u00e3o imediata e incondicional de todos os ref\u00e9ns e de um processo que permita a concretiza\u00e7\u00e3o da solu\u00e7\u00e3o de dois Estados, com um Estado da Palestina independente e vi\u00e1vel convivendo lado a lado com Israel, em paz e seguran\u00e7a&#8221;.<\/p>\n<p>Ontem (2), o ministro israelense\u00a0dos Neg\u00f3cios Estrangeiros, Israel Katz, anunciou que, al\u00e9m de <em>persona non grata, <\/em><a href=\"https:\/\/agenciabrasil.ebc.com.br\/internacional\/noticia\/2024-10\/secretario-geral-da-onu-e-proibido-de-entrar-em-israel\" target=\"_blank\" rel=\"noopener\">Guterres n\u00e3o pode entrar em Israel<\/a>. Segundo Katz, o secret\u00e1rio-geral da ONU ser\u00e1 lembrado \u201ccomo uma mancha na hist\u00f3ria da ONU\u201d.<\/p>\n<p>&#8220;O ataque do governo de Israel a uma organiza\u00e7\u00e3o que foi constitu\u00edda para salvar a humanidade do flagelo e atrocidades da II Guerra Mundial e para proteger os direitos humanos fundamentais e a dignidade da pessoa humana n\u00e3o contribui para a paz e o bem-estar das popula\u00e7\u00f5es israelense e palestina e afasta a regi\u00e3o de uma solu\u00e7\u00e3o pac\u00edfica&#8221;, diz a nota do Itamaraty.<\/p>\n<p>&#8220;O Brasil reafirma a import\u00e2ncia das Na\u00e7\u00f5es Unidas, notadamente de sua Assembleia Geral e de seu Conselho de Seguran\u00e7a, nos esfor\u00e7os pelo cessar-fogo e por uma solu\u00e7\u00e3o de dois Estados&#8221;, conclui a publica\u00e7\u00e3o.<\/p>\n<p>      <!-- Relacionada --><\/p>\n<p>            <!-- Relacionada -->\n    <\/div>\n<p><br \/>\n<br \/><a href=\"https:\/\/agenciabrasil.ebc.com.br\/internacional\/noticia\/2024-10\/brasil-condena-ato-de-israel-que-considerou-guterres-persona-non-grata\" rel=\"noopener\">Ag\u00eancia Brasil <\/a><\/p>\n","protected":false},"excerpt":{"rendered":"<p>O governo brasileiro lamentou e condenou a decis\u00e3o do governo de Israel, de declarar o secret\u00e1rio-Geral das Na\u00e7\u00f5es Unidas, Ant\u00f3nio Guterres, como persona non grata. Segundo nota divulgada nesta quinta-feira (4) pelo Minist\u00e9rio das Rela\u00e7\u00f5es Exteriores brasileiro, o ato &#8220;prejudica fortemente os esfor\u00e7os da Organiza\u00e7\u00e3o das Na\u00e7\u00f5es Unidas em favor de um cessar-fogo imediato no [&hellip;]<\/p>\n","protected":false},"author":1,"featured_media":572,"comment_status":"open","ping_status":"open","sticky":false,"template":"","format":"standard","meta":{"_jetpack_newsletter_access":"","_jetpack_dont_email_post_to_subs":false,"_jetpack_newsletter_tier_id":0,"_jetpack_memberships_contains_paywalled_content":false,"_mbp_banners":[],"_jetpack_feature_clip_id":0,"_jetpack_memberships_contains_paid_content":false,"footnotes":"","jetpack_publicize_message":"","jetpack_publicize_feature_enabled":true,"jetpack_social_post_already_shared":true,"jetpack_social_options":{"image_generator_settings":{"template":"highway","default_image_id":0,"font":"","enabled":false},"version":2},"jetpack_post_was_ever_published":false},"categories":[25],"tags":[],"class_list":["post-15024","post","type-post","status-publish","format-standard","has-post-thumbnail","category-internacional"],"jetpack_publicize_connections":[],"jetpack-related-posts":[],"jetpack_shortlink":"https:\/\/wp.me\/p7Eq1F-3Uk","jetpack_sharing_enabled":true,"jetpack_featured_media_url":"https:\/\/i0.wp.com\/guialimeira.com.br\/news\/wp-content\/uploads\/2024\/03\/pzzb1932.jpg?fit=1600%2C800&ssl=1","_links":{"self":[{"href":"https:\/\/guialimeira.com.br\/news\/wp-json\/wp\/v2\/posts\/15024","targetHints":{"allow":["GET"]}}],"collection":[{"href":"https:\/\/guialimeira.com.br\/news\/wp-json\/wp\/v2\/posts"}],"about":[{"href":"https:\/\/guialimeira.com.br\/news\/wp-json\/wp\/v2\/types\/post"}],"author":[{"embeddable":true,"href":"https:\/\/guialimeira.com.br\/news\/wp-json\/wp\/v2\/users\/1"}],"replies":[{"embeddable":true,"href":"https:\/\/guialimeira.com.br\/news\/wp-json\/wp\/v2\/comments?post=15024"}],"version-history":[{"count":0,"href":"https:\/\/guialimeira.com.br\/news\/wp-json\/wp\/v2\/posts\/15024\/revisions"}],"wp:featuredmedia":[{"embeddable":true,"href":"https:\/\/guialimeira.com.br\/news\/wp-json\/wp\/v2\/media\/572"}],"wp:attachment":[{"href":"https:\/\/guialimeira.com.br\/news\/wp-json\/wp\/v2\/media?parent=15024"}],"wp:term":[{"taxonomy":"category","embeddable":true,"href":"https:\/\/guialimeira.com.br\/news\/wp-json\/wp\/v2\/categories?post=15024"},{"taxonomy":"post_tag","embeddable":true,"href":"https:\/\/guialimeira.com.br\/news\/wp-json\/wp\/v2\/tags?post=15024"}],"curies":[{"name":"wp","href":"https:\/\/api.w.org\/{rel}","templated":true}]}}