{"id":14994,"date":"2024-10-02T09:07:42","date_gmt":"2024-10-02T12:07:42","guid":{"rendered":"https:\/\/guialimeira.com.br\/2024\/10\/02\/aviao-que-vai-repatriar-brasileiros-no-libano-segue-para-beirute\/"},"modified":"2024-10-02T09:07:42","modified_gmt":"2024-10-02T12:07:42","slug":"aviao-que-vai-repatriar-brasileiros-no-libano-segue-para-beirute","status":"publish","type":"post","link":"https:\/\/guialimeira.com.br\/news\/aviao-que-vai-repatriar-brasileiros-no-libano-segue-para-beirute\/","title":{"rendered":"Avi\u00e3o que vai repatriar brasileiros no L\u00edbano segue para Beirute"},"content":{"rendered":"<p> <br \/>\n<\/p>\n<div>\n<p>O avi\u00e3o da For\u00e7a A\u00e9rea Brasileira (FAB) cedida para a Opera\u00e7\u00e3o Ra\u00edzes do Cedro decolou da Base A\u00e9rea do Gale\u00e3o (BAGL), no Rio de Janeiro (RJ), no in\u00edcio desta quarta-feira (02\/10), com destino a Beirute, no L\u00edbano.<img data-recalc-dims=\"1\" decoding=\"async\" src=\"https:\/\/i0.wp.com\/agenciabrasil.ebc.com.br\/ebc.png?w=696&#038;ssl=1\" style=\"width:1px; height:1px; display:inline;\"\/><img data-recalc-dims=\"1\" decoding=\"async\" src=\"https:\/\/i0.wp.com\/agenciabrasil.ebc.com.br\/ebc.gif?w=696&#038;ssl=1\" style=\"width:1px; height:1px; display:inline;\"\/><\/p>\n<p>A aeronave KC-30 far\u00e1 um escala em Lisboa, Portugal. O voo, do Brasil at\u00e9 Portugal, ter\u00e1 dura\u00e7\u00e3o prevista de 9h20. A maior comunidade de brasileiros no Oriente M\u00e9dio atualmente est\u00e1 justamente no L\u00edbano. Ao todo, 21 mil brasileiros vivem no pa\u00eds. \u00a0<\/p>\n<p>De acordo com o Minist\u00e9rio das Rela\u00e7\u00f5es Exteriores (MRE), cerca de 3 mil brasileiros desejam deixar o L\u00edbano, em meio \u00e0 escalada das opera\u00e7\u00f5es militares das For\u00e7as Armadas de Israel. Este \u00e9 o n\u00famero de pessoas que procuraram a Embaixada do Brasil em Beirute com pedido de repatria\u00e7\u00e3o.<\/p>\n<p>Os ataques a\u00e9reos israelenses a v\u00e1rias regi\u00f5es do L\u00edbano provocaram, desde o \u00faltimo dia 17, a morte de mais de 1 mil pessoas, incluindo dois adolescentes brasileiros e seus pais, assim como um saldo de milhares de feridos. A situa\u00e7\u00e3o em Beirute, a capital do pa\u00eds, \u00e9 descrita como &#8220;tensa e terr\u00edvel&#8221; por brasileiros que est\u00e3o na regi\u00e3o, com risco de guerra total.<\/p>\n<p>Nesta primeira opera\u00e7\u00e3o de repatria\u00e7\u00e3o, a previs\u00e3o inicial \u00e9 de repatriar 220 brasileiros que est\u00e3o em solo liban\u00eas, a partir do aeroporto de Beirute, que ainda permanece aberto. O voo far\u00e1 escala para reabastecimento em Lisboa, tanto na ida quanto na volta. Outros voos ainda n\u00e3o foram confirmados, mas devem ocorrer ao longo dos pr\u00f3ximos dias.<\/p>\n<p>      <!-- Relacionada --><\/p>\n<p>            <!-- Relacionada -->\n    <\/div>\n<p><br \/>\n<br \/><a href=\"https:\/\/agenciabrasil.ebc.com.br\/internacional\/noticia\/2024-10\/aviao-que-vai-repatriar-brasileiros-no-libano-parte-para-beirute\" rel=\"noopener\">Ag\u00eancia Brasil <\/a><\/p>\n","protected":false},"excerpt":{"rendered":"<p>O avi\u00e3o da For\u00e7a A\u00e9rea Brasileira (FAB) cedida para a Opera\u00e7\u00e3o Ra\u00edzes do Cedro decolou da Base A\u00e9rea do Gale\u00e3o (BAGL), no Rio de Janeiro (RJ), no in\u00edcio desta quarta-feira (02\/10), com destino a Beirute, no L\u00edbano. A aeronave KC-30 far\u00e1 um escala em Lisboa, Portugal. O voo, do Brasil at\u00e9 Portugal, ter\u00e1 dura\u00e7\u00e3o prevista [&hellip;]<\/p>\n","protected":false},"author":1,"featured_media":14995,"comment_status":"open","ping_status":"open","sticky":false,"template":"","format":"standard","meta":{"_jetpack_newsletter_access":"","_jetpack_dont_email_post_to_subs":false,"_jetpack_newsletter_tier_id":0,"_jetpack_memberships_contains_paywalled_content":false,"_mbp_banners":[],"_jetpack_feature_clip_id":0,"_jetpack_memberships_contains_paid_content":false,"footnotes":"","jetpack_publicize_message":"","jetpack_publicize_feature_enabled":true,"jetpack_social_post_already_shared":true,"jetpack_social_options":{"image_generator_settings":{"template":"highway","default_image_id":0,"font":"","enabled":false},"version":2},"jetpack_post_was_ever_published":false},"categories":[25],"tags":[],"class_list":["post-14994","post","type-post","status-publish","format-standard","has-post-thumbnail","category-internacional"],"jetpack_publicize_connections":[],"jetpack-related-posts":[],"jetpack_shortlink":"https:\/\/wp.me\/p7Eq1F-3TQ","jetpack_sharing_enabled":true,"jetpack_featured_media_url":"https:\/\/i0.wp.com\/guialimeira.com.br\/news\/wp-content\/uploads\/2024\/10\/whatsapp_image_2024-10-02_at_06.52.47.jpeg?fit=1600%2C800&ssl=1","_links":{"self":[{"href":"https:\/\/guialimeira.com.br\/news\/wp-json\/wp\/v2\/posts\/14994","targetHints":{"allow":["GET"]}}],"collection":[{"href":"https:\/\/guialimeira.com.br\/news\/wp-json\/wp\/v2\/posts"}],"about":[{"href":"https:\/\/guialimeira.com.br\/news\/wp-json\/wp\/v2\/types\/post"}],"author":[{"embeddable":true,"href":"https:\/\/guialimeira.com.br\/news\/wp-json\/wp\/v2\/users\/1"}],"replies":[{"embeddable":true,"href":"https:\/\/guialimeira.com.br\/news\/wp-json\/wp\/v2\/comments?post=14994"}],"version-history":[{"count":0,"href":"https:\/\/guialimeira.com.br\/news\/wp-json\/wp\/v2\/posts\/14994\/revisions"}],"wp:featuredmedia":[{"embeddable":true,"href":"https:\/\/guialimeira.com.br\/news\/wp-json\/wp\/v2\/media\/14995"}],"wp:attachment":[{"href":"https:\/\/guialimeira.com.br\/news\/wp-json\/wp\/v2\/media?parent=14994"}],"wp:term":[{"taxonomy":"category","embeddable":true,"href":"https:\/\/guialimeira.com.br\/news\/wp-json\/wp\/v2\/categories?post=14994"},{"taxonomy":"post_tag","embeddable":true,"href":"https:\/\/guialimeira.com.br\/news\/wp-json\/wp\/v2\/tags?post=14994"}],"curies":[{"name":"wp","href":"https:\/\/api.w.org\/{rel}","templated":true}]}}