{"id":14987,"date":"2024-10-01T22:57:38","date_gmt":"2024-10-02T01:57:38","guid":{"rendered":"https:\/\/guialimeira.com.br\/2024\/10\/01\/cerca-de-3-mil-brasileiros-querem-sair-do-libano-diz-itamaraty\/"},"modified":"2024-10-01T22:57:38","modified_gmt":"2024-10-02T01:57:38","slug":"cerca-de-3-mil-brasileiros-querem-sair-do-libano-diz-itamaraty","status":"publish","type":"post","link":"https:\/\/guialimeira.com.br\/news\/cerca-de-3-mil-brasileiros-querem-sair-do-libano-diz-itamaraty\/","title":{"rendered":"Cerca de 3 mil brasileiros querem sair do L\u00edbano, diz Itamaraty"},"content":{"rendered":"<p> <br \/>\n<\/p>\n<div>\n<p>O Minist\u00e9rio das Rela\u00e7\u00f5es Exteriores (MRE) contabiliza cerca de 3 mil brasileiros que desejam\u00a0deixar o L\u00edbano, em meio \u00e0 escalada das opera\u00e7\u00f5es militares das For\u00e7as Armadas de Israel. \u00c9 o n\u00famero de pessoas que procuraram a Embaixada em Beirute com pedido de repatria\u00e7\u00e3o. A maior comunidade de brasileiros no Oriente M\u00e9dio atualmente est\u00e1 justamente no L\u00edbano. Ao todo, 21 mil brasileiros vivem no pa\u00eds. \u00a0<img data-recalc-dims=\"1\" decoding=\"async\" src=\"https:\/\/i0.wp.com\/agenciabrasil.ebc.com.br\/ebc.png?w=696&#038;ssl=1\" style=\"width:1px; height:1px; display:inline;\"\/><img data-recalc-dims=\"1\" decoding=\"async\" src=\"https:\/\/i0.wp.com\/agenciabrasil.ebc.com.br\/ebc.gif?w=696&#038;ssl=1\" style=\"width:1px; height:1px; display:inline;\"\/><\/p>\n<p>Os ataques a\u00e9reos israelenses a v\u00e1rias regi\u00f5es do L\u00edbano provocaram, desde o \u00faltimo dia 17, a morte de mais de 1 mil pessoas, incluindo dois adolescentes brasileiros e seus pais, assim como um saldo de milhares de feridos. A situa\u00e7\u00e3o em Beirute, a capital do pa\u00eds, \u00e9 descrita como &#8220;tensa e terr\u00edvel&#8221; por <a href=\"https:\/\/agenciabrasil.ebc.com.br\/internacional\/noticia\/2024-10\/libano-brasileiro-diz-que-situacao-e-terrivel-e-espera-guerra-total\" target=\"_blank\" rel=\"noopener\">brasileiros que est\u00e3o na regi\u00e3o<\/a>, com risco de guerra total.<\/p>\n<p>O <a href=\"https:\/\/agenciabrasil.ebc.com.br\/internacional\/noticia\/2024-10\/voo-para-repatriacao-de-brasileiros-no-libano-parte-nesta-quarta-feira\" target=\"_blank\" rel=\"noopener\">processo de repatria\u00e7\u00e3o dos brasileiros <\/a>come\u00e7ar\u00e1 nesta quarta-feira (2). Na a\u00e7\u00e3o batizada de Opera\u00e7\u00e3o Ra\u00edzes do Cedro, a For\u00e7a A\u00e9rea Brasileira (FAB) utilizar\u00e1 uma aeronave KC-30, com a previs\u00e3o inicial de repatriar 220 brasileiros que est\u00e3o em solo liban\u00eas, a partir do aeroporto de Beirute, que ainda permanece aberto. O voo far\u00e1 escala para reabastecimento em Lisboa, tanto na ida quanto na volta. Outros voos ainda n\u00e3o foram confirmados, mas devem ocorrer ao longo dos pr\u00f3ximos dias.<\/p>\n<p>A<a href=\"https:\/\/agenciabrasil.ebc.com.br\/politica\/noticia\/2024-10\/lula-diz-que-vai-repatriar-brasileiros-em-todo-lugar-que-preciso\" target=\"_blank\" rel=\"noopener\"> autoriza\u00e7\u00e3o para a opera\u00e7\u00e3o<\/a> foi dada pelo presidente Luiz In\u00e1cio Lula da Silva. Segundo ele, o Brasil far\u00e1 a repatria\u00e7\u00e3o de brasileiros do exterior \u201cem todo lugar que for preciso\u201d e lamentou o comportamento do governo de Israel ao atacar o L\u00edbano.<\/p>\n<p>      <!-- Relacionada --><\/p>\n<p>            <!-- Relacionada -->\n    <\/div>\n<p><br \/>\n<br \/><a href=\"https:\/\/agenciabrasil.ebc.com.br\/internacional\/noticia\/2024-10\/cerca-de-3-mil-brasileiros-querem-sair-do-libano-diz-itamaraty\" rel=\"noopener\">Ag\u00eancia Brasil <\/a><\/p>\n","protected":false},"excerpt":{"rendered":"<p>O Minist\u00e9rio das Rela\u00e7\u00f5es Exteriores (MRE) contabiliza cerca de 3 mil brasileiros que desejam\u00a0deixar o L\u00edbano, em meio \u00e0 escalada das opera\u00e7\u00f5es militares das For\u00e7as Armadas de Israel. \u00c9 o n\u00famero de pessoas que procuraram a Embaixada em Beirute com pedido de repatria\u00e7\u00e3o. A maior comunidade de brasileiros no Oriente M\u00e9dio atualmente est\u00e1 justamente no [&hellip;]<\/p>\n","protected":false},"author":1,"featured_media":14988,"comment_status":"open","ping_status":"open","sticky":false,"template":"","format":"standard","meta":{"_jetpack_newsletter_access":"","_jetpack_dont_email_post_to_subs":false,"_jetpack_newsletter_tier_id":0,"_jetpack_memberships_contains_paywalled_content":false,"_mbp_banners":[],"_jetpack_feature_clip_id":0,"_jetpack_memberships_contains_paid_content":false,"footnotes":"","jetpack_publicize_message":"","jetpack_publicize_feature_enabled":true,"jetpack_social_post_already_shared":true,"jetpack_social_options":{"image_generator_settings":{"template":"highway","default_image_id":0,"font":"","enabled":false},"version":2},"jetpack_post_was_ever_published":false},"categories":[25],"tags":[],"class_list":["post-14987","post","type-post","status-publish","format-standard","has-post-thumbnail","category-internacional"],"jetpack_publicize_connections":[],"jetpack-related-posts":[],"jetpack_shortlink":"https:\/\/wp.me\/p7Eq1F-3TJ","jetpack_sharing_enabled":true,"jetpack_featured_media_url":"https:\/\/i0.wp.com\/guialimeira.com.br\/news\/wp-content\/uploads\/2024\/10\/2024-09-30t235552z_1_lynxmpek8t0uo_rtroptp_4_israel-palestinians-lebanon.jpg?fit=1600%2C800&ssl=1","_links":{"self":[{"href":"https:\/\/guialimeira.com.br\/news\/wp-json\/wp\/v2\/posts\/14987","targetHints":{"allow":["GET"]}}],"collection":[{"href":"https:\/\/guialimeira.com.br\/news\/wp-json\/wp\/v2\/posts"}],"about":[{"href":"https:\/\/guialimeira.com.br\/news\/wp-json\/wp\/v2\/types\/post"}],"author":[{"embeddable":true,"href":"https:\/\/guialimeira.com.br\/news\/wp-json\/wp\/v2\/users\/1"}],"replies":[{"embeddable":true,"href":"https:\/\/guialimeira.com.br\/news\/wp-json\/wp\/v2\/comments?post=14987"}],"version-history":[{"count":0,"href":"https:\/\/guialimeira.com.br\/news\/wp-json\/wp\/v2\/posts\/14987\/revisions"}],"wp:featuredmedia":[{"embeddable":true,"href":"https:\/\/guialimeira.com.br\/news\/wp-json\/wp\/v2\/media\/14988"}],"wp:attachment":[{"href":"https:\/\/guialimeira.com.br\/news\/wp-json\/wp\/v2\/media?parent=14987"}],"wp:term":[{"taxonomy":"category","embeddable":true,"href":"https:\/\/guialimeira.com.br\/news\/wp-json\/wp\/v2\/categories?post=14987"},{"taxonomy":"post_tag","embeddable":true,"href":"https:\/\/guialimeira.com.br\/news\/wp-json\/wp\/v2\/tags?post=14987"}],"curies":[{"name":"wp","href":"https:\/\/api.w.org\/{rel}","templated":true}]}}