{"id":14979,"date":"2024-10-01T20:48:46","date_gmt":"2024-10-01T23:48:46","guid":{"rendered":"https:\/\/guialimeira.com.br\/2024\/10\/01\/panorama-covid-19-mostra-queda-do-numero-de-casos-no-rio-de-janeiro\/"},"modified":"2024-10-01T20:48:46","modified_gmt":"2024-10-01T23:48:46","slug":"panorama-covid-19-mostra-queda-do-numero-de-casos-no-rio-de-janeiro","status":"publish","type":"post","link":"https:\/\/guialimeira.com.br\/news\/panorama-covid-19-mostra-queda-do-numero-de-casos-no-rio-de-janeiro\/","title":{"rendered":"Panorama Covid-19 mostra queda do n\u00famero de casos no Rio de Janeiro"},"content":{"rendered":"<p> <br \/>\n<\/p>\n<div>\n<p>A nova edi\u00e7\u00e3o do Panorama Covid-19, divulgada nesta ter\u00e7a-feira (1\u00ba), apresenta diminui\u00e7\u00e3o de seis do total de sete indicadores da doen\u00e7a, ap\u00f3s nove semanas com tend\u00eancia de alta.<img data-recalc-dims=\"1\" decoding=\"async\" src=\"https:\/\/i0.wp.com\/agenciabrasil.ebc.com.br\/ebc.png?w=696&#038;ssl=1\" style=\"width:1px; height:1px; display:inline;\"\/><img data-recalc-dims=\"1\" decoding=\"async\" src=\"https:\/\/i0.wp.com\/agenciabrasil.ebc.com.br\/ebc.gif?w=696&#038;ssl=1\" style=\"width:1px; height:1px; display:inline;\"\/><\/p>\n<p>De acordo com a Secretaria de Estado de Sa\u00fade, o \u00fanico indicador que manteve a tend\u00eancia de alta foi a taxa de positividade do teste r\u00e1pido de ant\u00edgeno em amostras coletadas em unidades de sa\u00fade da rede p\u00fablica. Aumentou de 8% na Semana Epidemiol\u00f3gica (SE) 34 para 11% na SE 38, uma varia\u00e7\u00e3o de 39%. J\u00e1 os testes r\u00e1pidos da Dasa (amostras coletadas em laborat\u00f3rios da rede privada) tiveram redu\u00e7\u00e3o de 39%: de 18% na semana 34 para 11% na 38.<\/p>\n<p>A redu\u00e7\u00e3o das taxas de positividade, registradas pelos testes RT-PCR, tamb\u00e9m foi acentuada. Nas amostras coletadas pelo Laborat\u00f3rio Central de Sa\u00fade P\u00fablica Noel Nutels (Lacen), na rede p\u00fablica, houve varia\u00e7\u00e3o negativa de 41%, caindo de 12% na SE 34 para 7% na SE 38. Nos laborat\u00f3rios da rede particular Dasa, a redu\u00e7\u00e3o foi de 32%, caindo de 13% para 9%.<\/p>\n<p>Os atendimentos nas unidades de pronto atendimento 24h (UPAs) do estado do Rio tamb\u00e9m mostraram a tend\u00eancia de redu\u00e7\u00e3o,\u00a0com diminui\u00e7\u00e3o de 7% para adultos e crian\u00e7as. O boletim registra\u00a0 uma tend\u00eancia geral de estabiliza\u00e7\u00e3o dos atendimentos com sintomatologia de s\u00edndrome gripal compat\u00edvel com a Covid-19, com leves varia\u00e7\u00f5es aleat\u00f3rias.<\/p>\n<p>      <!-- Relacionada --><\/p>\n<p>            <!-- Relacionada -->\n    <\/div>\n<p><br \/>\n<br \/><a href=\"https:\/\/agenciabrasil.ebc.com.br\/saude\/noticia\/2024-10\/panorama-covid-19-mostra-queda-do-numero-de-casos-no-rio-de-janeiro-0\" rel=\"noopener\">Ag\u00eancia Brasil <\/a><\/p>\n","protected":false},"excerpt":{"rendered":"<p>A nova edi\u00e7\u00e3o do Panorama Covid-19, divulgada nesta ter\u00e7a-feira (1\u00ba), apresenta diminui\u00e7\u00e3o de seis do total de sete indicadores da doen\u00e7a, ap\u00f3s nove semanas com tend\u00eancia de alta. De acordo com a Secretaria de Estado de Sa\u00fade, o \u00fanico indicador que manteve a tend\u00eancia de alta foi a taxa de positividade do teste r\u00e1pido de [&hellip;]<\/p>\n","protected":false},"author":1,"featured_media":14980,"comment_status":"open","ping_status":"open","sticky":false,"template":"","format":"standard","meta":{"_jetpack_newsletter_access":"","_jetpack_dont_email_post_to_subs":false,"_jetpack_newsletter_tier_id":0,"_jetpack_memberships_contains_paywalled_content":false,"_mbp_banners":[],"_jetpack_feature_clip_id":0,"_jetpack_memberships_contains_paid_content":false,"footnotes":"","jetpack_publicize_message":"","jetpack_publicize_feature_enabled":true,"jetpack_social_post_already_shared":true,"jetpack_social_options":{"image_generator_settings":{"template":"highway","default_image_id":0,"font":"","enabled":false},"version":2},"jetpack_post_was_ever_published":false},"categories":[15],"tags":[],"class_list":["post-14979","post","type-post","status-publish","format-standard","has-post-thumbnail","category-saude"],"jetpack_publicize_connections":[],"jetpack-related-posts":[],"jetpack_shortlink":"https:\/\/wp.me\/p7Eq1F-3TB","jetpack_sharing_enabled":true,"jetpack_featured_media_url":"https:\/\/i0.wp.com\/guialimeira.com.br\/news\/wp-content\/uploads\/2024\/10\/vacinacao_covid-19_cristo_redentor_ffraz_1801213859_0.jpg?fit=1600%2C800&ssl=1","_links":{"self":[{"href":"https:\/\/guialimeira.com.br\/news\/wp-json\/wp\/v2\/posts\/14979","targetHints":{"allow":["GET"]}}],"collection":[{"href":"https:\/\/guialimeira.com.br\/news\/wp-json\/wp\/v2\/posts"}],"about":[{"href":"https:\/\/guialimeira.com.br\/news\/wp-json\/wp\/v2\/types\/post"}],"author":[{"embeddable":true,"href":"https:\/\/guialimeira.com.br\/news\/wp-json\/wp\/v2\/users\/1"}],"replies":[{"embeddable":true,"href":"https:\/\/guialimeira.com.br\/news\/wp-json\/wp\/v2\/comments?post=14979"}],"version-history":[{"count":0,"href":"https:\/\/guialimeira.com.br\/news\/wp-json\/wp\/v2\/posts\/14979\/revisions"}],"wp:featuredmedia":[{"embeddable":true,"href":"https:\/\/guialimeira.com.br\/news\/wp-json\/wp\/v2\/media\/14980"}],"wp:attachment":[{"href":"https:\/\/guialimeira.com.br\/news\/wp-json\/wp\/v2\/media?parent=14979"}],"wp:term":[{"taxonomy":"category","embeddable":true,"href":"https:\/\/guialimeira.com.br\/news\/wp-json\/wp\/v2\/categories?post=14979"},{"taxonomy":"post_tag","embeddable":true,"href":"https:\/\/guialimeira.com.br\/news\/wp-json\/wp\/v2\/tags?post=14979"}],"curies":[{"name":"wp","href":"https:\/\/api.w.org\/{rel}","templated":true}]}}