{"id":14975,"date":"2024-10-01T18:53:51","date_gmt":"2024-10-01T21:53:51","guid":{"rendered":"https:\/\/guialimeira.com.br\/2024\/10\/01\/itamaraty-cita-violacao-a-carta-da-onu-e-pede-cessar-fogo-no-libano\/"},"modified":"2024-10-01T18:53:51","modified_gmt":"2024-10-01T21:53:51","slug":"itamaraty-cita-violacao-a-carta-da-onu-e-pede-cessar-fogo-no-libano","status":"publish","type":"post","link":"https:\/\/guialimeira.com.br\/news\/itamaraty-cita-violacao-a-carta-da-onu-e-pede-cessar-fogo-no-libano\/","title":{"rendered":"Itamaraty cita viola\u00e7\u00e3o \u00e0 Carta da ONU e pede cessar-fogo no L\u00edbano"},"content":{"rendered":"<p> <br \/>\n<\/p>\n<div>\n<p>O governo brasileiro manifestou &#8220;grave preocupa\u00e7\u00e3o&#8221; com as opera\u00e7\u00f5es militares terrestres das For\u00e7as Armadas de Israel em territ\u00f3rio do L\u00edbano. Em nota oficial, o Pal\u00e1cio Itamaraty citou a viola\u00e7\u00e3o ao direito internacional, \u00e0 Carta da Organiza\u00e7\u00e3o das Na\u00e7\u00f5es Unidas (ONU) e a resolu\u00e7\u00f5es do Conselho de Seguran\u00e7a da entidade.<img data-recalc-dims=\"1\" decoding=\"async\" src=\"https:\/\/i0.wp.com\/agenciabrasil.ebc.com.br\/ebc.png?w=696&#038;ssl=1\" style=\"width:1px; height:1px; display:inline;\"\/><img data-recalc-dims=\"1\" decoding=\"async\" src=\"https:\/\/i0.wp.com\/agenciabrasil.ebc.com.br\/ebc.gif?w=696&#038;ssl=1\" style=\"width:1px; height:1px; display:inline;\"\/><\/p>\n<p>&#8220;Ao reafirmar a defesa do pleno respeito \u00e0 soberania e \u00e0 integridade territorial do L\u00edbano, o Brasil insta Israel a interromper imediatamente as incurs\u00f5es terrestres e os ataques a\u00e9reos a zonas civis densamente povoadas naquele pa\u00eds. O governo brasileiro renova, ainda, apelo a todas as partes envolvidas para que exer\u00e7am m\u00e1xima conten\u00e7\u00e3o e para que alcancem, com a m\u00e1xima urg\u00eancia, cessar-fogo permanente e abrangente&#8221;, informou a pasta.<\/p>\n<p>Os ataques a\u00e9reos israelenses a v\u00e1rias regi\u00f5es do L\u00edbano provocaram, desde o \u00faltimo dia 17, a morte de mais de 1 mil\u00a0pessoas, incluindo dois adolescentes brasileiros e seus pais, assim como um saldo de milhares de feridos. A situa\u00e7\u00e3o em Beirute, a capital do pa\u00eds, \u00e9 descrita como &#8220;tensa e terr\u00edvel&#8221; por brasileiros que est\u00e3o na regi\u00e3o, com <a href=\"https:\/\/agenciabrasil.ebc.com.br\/internacional\/noticia\/2024-10\/libano-brasileiro-diz-que-situacao-e-terrivel-e-espera-guerra-total\" target=\"_blank\" rel=\"noopener\">risco de guerra total<\/a>.<\/p>\n<p>Ainda segundo o Itamaraty, a Embaixada em Beirute continua a monitorar a situa\u00e7\u00e3o dos brasileiros, em contato permanente, com presta\u00e7\u00e3o de assist\u00eancia consular emergencial. &#8220;O governo brasileiro reitera o alerta para que todos deixem as \u00e1reas conflagradas, sigam as orienta\u00e7\u00f5es de seguran\u00e7a das autoridades locais e, para os que disponham de recursos para tanto, procurem deixar o territ\u00f3rio liban\u00eas por meios pr\u00f3prios. O aeroporto de Beirute continua em opera\u00e7\u00e3o para voos comerciais&#8221;, acrescentou o governo federal. O n\u00famero de plant\u00e3o consular do Itamaraty segue \u00e0 disposi\u00e7\u00e3o, em caso de necessidade: +55 (61) 98260-0610 (com WhatsApp)&#8221;.<\/p>\n<p>Mais cedo, foi anunciado que um voo da For\u00e7a A\u00e9rea Brasileira (FAB) vai decolar da Base A\u00e9rea do Aeroporto do Gale\u00e3o, no Rio de Janeiro, rumo ao L\u00edbano, nesta quarta-feira (2), <a href=\"https:\/\/agenciabrasil.ebc.com.br\/internacional\/noticia\/2024-10\/voo-para-repatriacao-de-brasileiros-no-libano-parte-nesta-quarta-feira\" target=\"_blank\" rel=\"noopener\">para repatriar um primeiro grupo de brasileiros<\/a> presos\u00a0no pa\u00eds em decorr\u00eancia da escalada de viol\u00eancia do governo de Israel no pa\u00eds. A autoriza\u00e7\u00e3o para a opera\u00e7\u00e3o foi dada pelo presidente Luiz In\u00e1cio Lula da Silva.\u00a0Segundo ele, o Brasil <a href=\"https:\/\/agenciabrasil.ebc.com.br\/politica\/noticia\/2024-10\/lula-diz-que-vai-repatriar-brasileiros-em-todo-lugar-que-preciso\" target=\"_blank\" rel=\"noopener\">far\u00e1 a repatria\u00e7\u00e3o de brasileiros<\/a> do exterior \u201cem todo lugar que for preciso\u201d\u00a0e lamentou o comportamento do governo de Israel ao atacar o L\u00edbano.<\/p>\n<p>Na a\u00e7\u00e3o batizada de Opera\u00e7\u00e3o Ra\u00edzes do Cedro, a FAB utilizar\u00e1 uma aeronave KC-30, com a previs\u00e3o inicial de repatriar 220 brasileiros que est\u00e3o em solo liban\u00eas, a partir do aeroporto de Beirute, capital do pa\u00eds do Oriente M\u00e9dio. O voo far\u00e1 escala para reabastecimento em Lisboa, tanto na ida quanto na volta. Outros voos ainda n\u00e3o foram confirmados, mas devem ocorrer ao longo dos pr\u00f3ximos dias. A maior comunidade de brasileiros no Oriente M\u00e9dio atualmente est\u00e1 no L\u00edbano. Ao todo, 21 mil brasileiros vivem no pa\u00eds.<\/p>\n<p>      <!-- Relacionada --><\/p>\n<p>            <!-- Relacionada -->\n    <\/div>\n<p><br \/>\n<br \/><a href=\"https:\/\/agenciabrasil.ebc.com.br\/internacional\/noticia\/2024-10\/itamaraty-cita-violacao-carta-da-onu-e-pede-cessar-fogo-no-libano\" rel=\"noopener\">Ag\u00eancia Brasil <\/a><\/p>\n","protected":false},"excerpt":{"rendered":"<p>O governo brasileiro manifestou &#8220;grave preocupa\u00e7\u00e3o&#8221; com as opera\u00e7\u00f5es militares terrestres das For\u00e7as Armadas de Israel em territ\u00f3rio do L\u00edbano. Em nota oficial, o Pal\u00e1cio Itamaraty citou a viola\u00e7\u00e3o ao direito internacional, \u00e0 Carta da Organiza\u00e7\u00e3o das Na\u00e7\u00f5es Unidas (ONU) e a resolu\u00e7\u00f5es do Conselho de Seguran\u00e7a da entidade. &#8220;Ao reafirmar a defesa do pleno [&hellip;]<\/p>\n","protected":false},"author":1,"featured_media":14976,"comment_status":"open","ping_status":"open","sticky":false,"template":"","format":"standard","meta":{"_jetpack_newsletter_access":"","_jetpack_dont_email_post_to_subs":false,"_jetpack_newsletter_tier_id":0,"_jetpack_memberships_contains_paywalled_content":false,"_mbp_banners":[],"_jetpack_feature_clip_id":0,"_jetpack_memberships_contains_paid_content":false,"footnotes":"","jetpack_publicize_message":"","jetpack_publicize_feature_enabled":true,"jetpack_social_post_already_shared":true,"jetpack_social_options":{"image_generator_settings":{"template":"highway","default_image_id":0,"font":"","enabled":false},"version":2},"jetpack_post_was_ever_published":false},"categories":[25],"tags":[],"class_list":["post-14975","post","type-post","status-publish","format-standard","has-post-thumbnail","category-internacional"],"jetpack_publicize_connections":[],"jetpack-related-posts":[],"jetpack_shortlink":"https:\/\/wp.me\/p7Eq1F-3Tx","jetpack_sharing_enabled":true,"jetpack_featured_media_url":"https:\/\/i0.wp.com\/guialimeira.com.br\/news\/wp-content\/uploads\/2024\/10\/2024-10-01t165901z_1_lynxmpek901lm_rtroptp_4_israel-palestinians-lebanon.jpg?fit=1600%2C800&ssl=1","_links":{"self":[{"href":"https:\/\/guialimeira.com.br\/news\/wp-json\/wp\/v2\/posts\/14975","targetHints":{"allow":["GET"]}}],"collection":[{"href":"https:\/\/guialimeira.com.br\/news\/wp-json\/wp\/v2\/posts"}],"about":[{"href":"https:\/\/guialimeira.com.br\/news\/wp-json\/wp\/v2\/types\/post"}],"author":[{"embeddable":true,"href":"https:\/\/guialimeira.com.br\/news\/wp-json\/wp\/v2\/users\/1"}],"replies":[{"embeddable":true,"href":"https:\/\/guialimeira.com.br\/news\/wp-json\/wp\/v2\/comments?post=14975"}],"version-history":[{"count":0,"href":"https:\/\/guialimeira.com.br\/news\/wp-json\/wp\/v2\/posts\/14975\/revisions"}],"wp:featuredmedia":[{"embeddable":true,"href":"https:\/\/guialimeira.com.br\/news\/wp-json\/wp\/v2\/media\/14976"}],"wp:attachment":[{"href":"https:\/\/guialimeira.com.br\/news\/wp-json\/wp\/v2\/media?parent=14975"}],"wp:term":[{"taxonomy":"category","embeddable":true,"href":"https:\/\/guialimeira.com.br\/news\/wp-json\/wp\/v2\/categories?post=14975"},{"taxonomy":"post_tag","embeddable":true,"href":"https:\/\/guialimeira.com.br\/news\/wp-json\/wp\/v2\/tags?post=14975"}],"curies":[{"name":"wp","href":"https:\/\/api.w.org\/{rel}","templated":true}]}}