{"id":1497,"date":"2024-04-12T02:12:49","date_gmt":"2024-04-12T05:12:49","guid":{"rendered":"https:\/\/guialimeira.com.br\/2024\/04\/12\/stf-valida-incidencia-de-pis-e-cofins-sobre-locacao-de-bens\/"},"modified":"2024-04-12T02:12:49","modified_gmt":"2024-04-12T05:12:49","slug":"stf-valida-incidencia-de-pis-e-cofins-sobre-locacao-de-bens","status":"publish","type":"post","link":"https:\/\/guialimeira.com.br\/news\/stf-valida-incidencia-de-pis-e-cofins-sobre-locacao-de-bens\/","title":{"rendered":"STF valida incid\u00eancia de PIS e Cofins sobre loca\u00e7\u00e3o de bens"},"content":{"rendered":"<p> <br \/>\n<\/p>\n<div>\n<p>O Supremo Tribunal Federal (STF) decidiu nesta quinta-feira (11) confirmar a incid\u00eancia do PIS e da Cofins sobre as receitas de empresas com o aluguel de bens m\u00f3veis e im\u00f3veis. Com a decis\u00e3o da Corte, o governo federal garante que n\u00e3o vai perder cerca de R$ 36 bilh\u00f5es de arrecada\u00e7\u00e3o.<img data-recalc-dims=\"1\" decoding=\"async\" src=\"https:\/\/i0.wp.com\/agenciabrasil.ebc.com.br\/ebc.png?w=696&#038;ssl=1\" style=\"width:1px; height:1px; display:inline;\"\/><img data-recalc-dims=\"1\" decoding=\"async\" src=\"https:\/\/i0.wp.com\/agenciabrasil.ebc.com.br\/ebc.gif?w=696&#038;ssl=1\" style=\"width:1px; height:1px; display:inline;\"\/><\/p>\n<p>O placar de 8 votos a 2 foi obtido a partir do voto do ministro Alexandre de Moraes. Para o ministro, a incid\u00eancia das contribui\u00e7\u00f5es \u00e9 constitucional porque faz parte do faturamento da atividade empresarial.<\/p>\n<p>Os recursos julgados foram protocolados por uma empresa que atua no ramo de aluguel de equipamentos de transporte para derrubar uma decis\u00e3o da Justi\u00e7a Federal que reconheceu a obrigatoriedade do pagamento dos tributos sobre bens m\u00f3veis.<\/p>\n<p>A Fazenda Nacional tamb\u00e9m recorreu, mas para derrubar outra decis\u00e3o que autorizou uma empresa a retirar o PIS\/Confis da base de c\u00e1lculo da receita dos alugu\u00e9is com bens im\u00f3veis.<\/p>\n<p>A decis\u00e3o do Supremo tem repercuss\u00e3o geral, e a tese do julgamento dever\u00e1 ser seguida em todas as inst\u00e2ncias do Judici\u00e1rio.<\/p>\n<\/p><\/div>\n<p><br \/>\n<br \/><a href=\"https:\/\/agenciabrasil.ebc.com.br\/justica\/noticia\/2024-04\/stf-valida-incidencia-de-pis-e-cofins-sobre-locacao-de-bens\" rel=\"noopener\">Ag\u00eancia Brasil<\/a><\/p>\n","protected":false},"excerpt":{"rendered":"<p>O Supremo Tribunal Federal (STF) decidiu nesta quinta-feira (11) confirmar a incid\u00eancia do PIS e da Cofins sobre as receitas de empresas com o aluguel de bens m\u00f3veis e im\u00f3veis. Com a decis\u00e3o da Corte, o governo federal garante que n\u00e3o vai perder cerca de R$ 36 bilh\u00f5es de arrecada\u00e7\u00e3o. O placar de 8 votos [&hellip;]<\/p>\n","protected":false},"author":1,"featured_media":1498,"comment_status":"open","ping_status":"open","sticky":false,"template":"","format":"standard","meta":{"_jetpack_newsletter_access":"","_jetpack_dont_email_post_to_subs":false,"_jetpack_newsletter_tier_id":0,"_jetpack_memberships_contains_paywalled_content":false,"_mbp_banners":[],"_jetpack_feature_clip_id":0,"_jetpack_memberships_contains_paid_content":false,"footnotes":"","jetpack_publicize_message":"","jetpack_publicize_feature_enabled":true,"jetpack_social_post_already_shared":true,"jetpack_social_options":{"image_generator_settings":{"template":"highway","default_image_id":0,"font":"","enabled":false},"version":2},"jetpack_post_was_ever_published":false},"categories":[22],"tags":[],"class_list":["post-1497","post","type-post","status-publish","format-standard","has-post-thumbnail","category-nacional"],"jetpack_publicize_connections":[],"jetpack-related-posts":[],"jetpack_shortlink":"https:\/\/wp.me\/p7Eq1F-o9","jetpack_sharing_enabled":true,"jetpack_featured_media_url":"https:\/\/i0.wp.com\/guialimeira.com.br\/news\/wp-content\/uploads\/2024\/04\/11042023-pzzb9196.jpg?fit=1600%2C800&ssl=1","_links":{"self":[{"href":"https:\/\/guialimeira.com.br\/news\/wp-json\/wp\/v2\/posts\/1497","targetHints":{"allow":["GET"]}}],"collection":[{"href":"https:\/\/guialimeira.com.br\/news\/wp-json\/wp\/v2\/posts"}],"about":[{"href":"https:\/\/guialimeira.com.br\/news\/wp-json\/wp\/v2\/types\/post"}],"author":[{"embeddable":true,"href":"https:\/\/guialimeira.com.br\/news\/wp-json\/wp\/v2\/users\/1"}],"replies":[{"embeddable":true,"href":"https:\/\/guialimeira.com.br\/news\/wp-json\/wp\/v2\/comments?post=1497"}],"version-history":[{"count":0,"href":"https:\/\/guialimeira.com.br\/news\/wp-json\/wp\/v2\/posts\/1497\/revisions"}],"wp:featuredmedia":[{"embeddable":true,"href":"https:\/\/guialimeira.com.br\/news\/wp-json\/wp\/v2\/media\/1498"}],"wp:attachment":[{"href":"https:\/\/guialimeira.com.br\/news\/wp-json\/wp\/v2\/media?parent=1497"}],"wp:term":[{"taxonomy":"category","embeddable":true,"href":"https:\/\/guialimeira.com.br\/news\/wp-json\/wp\/v2\/categories?post=1497"},{"taxonomy":"post_tag","embeddable":true,"href":"https:\/\/guialimeira.com.br\/news\/wp-json\/wp\/v2\/tags?post=1497"}],"curies":[{"name":"wp","href":"https:\/\/api.w.org\/{rel}","templated":true}]}}