{"id":14969,"date":"2024-10-01T17:52:50","date_gmt":"2024-10-01T20:52:50","guid":{"rendered":"https:\/\/guialimeira.com.br\/2024\/10\/01\/mulheres-entregam-recomendacoes-para-cupula-do-g20\/"},"modified":"2024-10-01T17:52:50","modified_gmt":"2024-10-01T20:52:50","slug":"mulheres-entregam-recomendacoes-para-cupula-do-g20","status":"publish","type":"post","link":"https:\/\/guialimeira.com.br\/news\/mulheres-entregam-recomendacoes-para-cupula-do-g20\/","title":{"rendered":"Mulheres entregam recomenda\u00e7\u00f5es para c\u00fapula do G20"},"content":{"rendered":"<p> <br \/>\n<\/p>\n<div>\n<p>O grupo de engajamento de mulheres do G20, o chamado W20, entregou nesta ter\u00e7a-feira (1\u00ba) um comunicado com recomenda\u00e7\u00f5es para a reuni\u00e3o de c\u00fapula dos chefes de Estado, marcada para novembro deste ano, na cidade do Rio de Janeiro. O documento foi entregue ao governo brasileiro, que preside temporariamente o G20, atrav\u00e9s da ministra das Mulheres em exerc\u00edcio, Maria Helena Guarezi, e da ministra da Igualdade Racial, Anielle Franco, em evento no Theatro Municipal do Rio.<img data-recalc-dims=\"1\" decoding=\"async\" src=\"https:\/\/i0.wp.com\/agenciabrasil.ebc.com.br\/ebc.png?w=696&#038;ssl=1\" style=\"width:1px; height:1px; display:inline;\"\/><img data-recalc-dims=\"1\" decoding=\"async\" src=\"https:\/\/i0.wp.com\/agenciabrasil.ebc.com.br\/ebc.gif?w=696&#038;ssl=1\" style=\"width:1px; height:1px; display:inline;\"\/><\/p>\n<p>O comunicado entregue hoje traz 26 recomenda\u00e7\u00f5es aos governos do grupo, que inclui 19 das principais economias do mundo, al\u00e9m das uni\u00f5es Europeia e Africana. As orienta\u00e7\u00f5es est\u00e3o divididas em cinco grandes \u00e1reas: empreendedorismo feminino; economia do cuidado; mulheres no campo da ci\u00eancia; tecnologia, engenharia e matem\u00e1tica; e mulheres e justi\u00e7a clim\u00e1tica e fim da viol\u00eancia contra mulheres e crian\u00e7as.<\/p>\n<p>\u201cQueremos que as nossas vozes sejam ouvidas. Estamos cansadas de falar, queremos a\u00e7\u00e3o, queremos que os l\u00edderes do G20, definitivamente, ou\u00e7am as nossas vozes e incorporem as nossas pautas. E que, al\u00e9m disso, de fato ajam, porque n\u00e3o aceitaremos mais sermos deixadas para tr\u00e1s\u201d, afirmou a presidente do W20, Ana Fontes.<\/p>\n<p>Em rela\u00e7\u00e3o ao fim da viol\u00eancia, por exemplo, o grupo demanda medidas como o desenvolvimento de pol\u00edticas e legisla\u00e7\u00f5es para prevenir a impunidade de agressores e a ocorr\u00eancia de viol\u00eancia de diversos tipos como a dom\u00e9stica, a trabalhista, a econ\u00f4mica e aquelas facilitadas pela tecnologia.<\/p>\n<p>O coletivo pede ainda o financiamento aos servi\u00e7os de prote\u00e7\u00e3o, interven\u00e7\u00e3o precoce e resposta para esses tipos de viol\u00eancia e que sejam disseminados dados oficiais sobre feminic\u00eddio e todas as formas de viol\u00eancia de g\u00eanero.<\/p>\n<h2>Mudan\u00e7as clim\u00e1ticas<\/h2>\n<p>No tema das mudan\u00e7as clim\u00e1ticas, o W20 requer o subs\u00eddio a projetos e empreendimentos clim\u00e1ticos dirigidos por mulheres, o treinamento delas para atuarem na resposta a desastres e a coloca\u00e7\u00e3o de mulheres em fun\u00e7\u00f5es de lideran\u00e7a nessas situa\u00e7\u00f5es.<\/p>\n<p>Tamb\u00e9m recomenda que as mulheres estejam presentes como negociadores e sejam pessoas com poder de decis\u00e3o nas Confer\u00eancias das Partes (COP) e em outros encontros multilaterais sobre mudan\u00e7as do clima.<\/p>\n<p>\u201cN\u00e3o d\u00e1 mais para discutir governan\u00e7a global sem a participa\u00e7\u00e3o efetiva das mulheres. Esse \u00e9 o nosso pr\u00f3ximo desafio: fazer com que n\u00e3o s\u00f3 dentro do G20, mas em todas as outras estruturas que discutem clima ou quaisquer outros assuntos, estejamos l\u00e1 para ajudar a decidir\u201d, afirmou a ministra Maria Helena Guarezi, que complementou que o governo brasileiro far\u00e1 um esfor\u00e7o para incluir as pautas do grupo de engajamento na declara\u00e7\u00e3o final dos chefes de Estado do G20.<\/p>\n<p>Na \u00e1rea de economia do cuidado, recomenda-se, entre outras a\u00e7\u00f5es, a valoriza\u00e7\u00e3o do trabalho de cuidador de crian\u00e7as, idosos ou deficientes, tanto o remunerado como o n\u00e3o remunerado.\u00a0 Investimentos em servi\u00e7os e infraestrutura de cuidados acess\u00edveis a todos tamb\u00e9m foram sugeridos.<\/p>\n<p>Quando o assunto \u00e9 ci\u00eancia, tecnologia, engenharia e matem\u00e1tica, campo do conhecimento designado como STEM (em ingl\u00eas <em>Science, Technology, Engineering and Mathematics<\/em>), o W20 reivindica o financiamento acad\u00eamico, bolsas e tamb\u00e9m mais oportunidades de trabalho para as mulheres. Em rela\u00e7\u00e3o ao empreendedorismo feminino, o grupo pede cr\u00e9dito e\/ou incentivos fiscais para esse tipo de neg\u00f3cio.<\/p>\n<p>Coordenadora-Geral de Gest\u00e3o de Empreendedorismo do Minist\u00e9rio do Empreendedorismo, da Microempresa e da Empresa de Pequeno Porte (MEMP), Raquel Ribeiro considera que as possibilidades concretas de a\u00e7\u00e3o apresentadas pelo W20 dialogam intensamente com os objetivos e os eixos estruturantes da Estrat\u00e9gia Nacional de Empreendedorismo Feminino &#8211; Elas Empreendem.<\/p>\n<p>&#8220;Isso indica que estamos no caminho certo. Tamb\u00e9m deixa mais n\u00edtido que a constru\u00e7\u00e3o de respostas para os desafios enfrentados por mulheres empreendedoras passa necessariamente por um olhar especial \u00e0s dimens\u00f5es de ra\u00e7a, etnia e outras interseccionalidades\u201d, destacou Raquel.<\/p>\n<p>O subcoordenador da Trilha dos Sherpas do G20 no Brasil, Felipe Hees, tamb\u00e9m recebeu uma c\u00f3pia do documento e destacou o compromisso do governo brasileiro em levar a pauta das mulheres \u00e0 c\u00fapula de chefes de Estado. Ele enfatizou que, sob a presid\u00eancia do Brasil, pela primeira vez, h\u00e1 um grupo de trabalho voltado para o empoderamento das mulheres. Diferentemente do grupo de engajamento, o grupo de trabalho re\u00fane representantes dos governos.<\/p>\n<p>\u201cO Brasil deu um grande apoio \u00e0 cria\u00e7\u00e3o desse grupo [de trabalho]. N\u00e3o foi f\u00e1cil. Quando a gente v\u00ea o grupo criado, parece evidente que tinha que ter [esse grupo], mas a opini\u00e3o de outros membros [do G20] n\u00e3o \u00e9 necessariamente a mesma\u201d, afirmou.<\/p>\n<p>      <!-- Relacionada --><\/p>\n<p>            <!-- Relacionada -->\n    <\/div>\n<p><br \/>\n<br \/><a href=\"https:\/\/agenciabrasil.ebc.com.br\/internacional\/noticia\/2024-10\/mulheres-entregam-recomendacoes-para-cupula-do-g20\" rel=\"noopener\">Ag\u00eancia Brasil <\/a><\/p>\n","protected":false},"excerpt":{"rendered":"<p>O grupo de engajamento de mulheres do G20, o chamado W20, entregou nesta ter\u00e7a-feira (1\u00ba) um comunicado com recomenda\u00e7\u00f5es para a reuni\u00e3o de c\u00fapula dos chefes de Estado, marcada para novembro deste ano, na cidade do Rio de Janeiro. O documento foi entregue ao governo brasileiro, que preside temporariamente o G20, atrav\u00e9s da ministra das [&hellip;]<\/p>\n","protected":false},"author":1,"featured_media":14970,"comment_status":"open","ping_status":"open","sticky":false,"template":"","format":"standard","meta":{"_jetpack_newsletter_access":"","_jetpack_dont_email_post_to_subs":false,"_jetpack_newsletter_tier_id":0,"_jetpack_memberships_contains_paywalled_content":false,"_mbp_banners":[],"_jetpack_feature_clip_id":0,"_jetpack_memberships_contains_paid_content":false,"footnotes":"","jetpack_publicize_message":"","jetpack_publicize_feature_enabled":true,"jetpack_social_post_already_shared":true,"jetpack_social_options":{"image_generator_settings":{"template":"highway","default_image_id":0,"font":"","enabled":false},"version":2},"jetpack_post_was_ever_published":false},"categories":[25],"tags":[],"class_list":["post-14969","post","type-post","status-publish","format-standard","has-post-thumbnail","category-internacional"],"jetpack_publicize_connections":[],"jetpack-related-posts":[],"jetpack_shortlink":"https:\/\/wp.me\/p7Eq1F-3Tr","jetpack_sharing_enabled":true,"jetpack_featured_media_url":"https:\/\/i0.wp.com\/guialimeira.com.br\/news\/wp-content\/uploads\/2024\/10\/toms7139.jpg?fit=1600%2C800&ssl=1","_links":{"self":[{"href":"https:\/\/guialimeira.com.br\/news\/wp-json\/wp\/v2\/posts\/14969","targetHints":{"allow":["GET"]}}],"collection":[{"href":"https:\/\/guialimeira.com.br\/news\/wp-json\/wp\/v2\/posts"}],"about":[{"href":"https:\/\/guialimeira.com.br\/news\/wp-json\/wp\/v2\/types\/post"}],"author":[{"embeddable":true,"href":"https:\/\/guialimeira.com.br\/news\/wp-json\/wp\/v2\/users\/1"}],"replies":[{"embeddable":true,"href":"https:\/\/guialimeira.com.br\/news\/wp-json\/wp\/v2\/comments?post=14969"}],"version-history":[{"count":0,"href":"https:\/\/guialimeira.com.br\/news\/wp-json\/wp\/v2\/posts\/14969\/revisions"}],"wp:featuredmedia":[{"embeddable":true,"href":"https:\/\/guialimeira.com.br\/news\/wp-json\/wp\/v2\/media\/14970"}],"wp:attachment":[{"href":"https:\/\/guialimeira.com.br\/news\/wp-json\/wp\/v2\/media?parent=14969"}],"wp:term":[{"taxonomy":"category","embeddable":true,"href":"https:\/\/guialimeira.com.br\/news\/wp-json\/wp\/v2\/categories?post=14969"},{"taxonomy":"post_tag","embeddable":true,"href":"https:\/\/guialimeira.com.br\/news\/wp-json\/wp\/v2\/tags?post=14969"}],"curies":[{"name":"wp","href":"https:\/\/api.w.org\/{rel}","templated":true}]}}