{"id":14966,"date":"2024-10-01T16:51:49","date_gmt":"2024-10-01T19:51:49","guid":{"rendered":"https:\/\/guialimeira.com.br\/2024\/10\/01\/eua-reforcam-apoio-militar-a-israel-em-meio-aos-ataques-ao-libano\/"},"modified":"2024-10-01T16:51:49","modified_gmt":"2024-10-01T19:51:49","slug":"eua-reforcam-apoio-militar-a-israel-em-meio-aos-ataques-ao-libano","status":"publish","type":"post","link":"https:\/\/guialimeira.com.br\/news\/eua-reforcam-apoio-militar-a-israel-em-meio-aos-ataques-ao-libano\/","title":{"rendered":"EUA refor\u00e7am apoio militar a Israel em meio aos ataques ao L\u00edbano"},"content":{"rendered":"<p> <br \/>\n<\/p>\n<div>\n<p>O governo dos Estados Unidos refor\u00e7ou o apoio militar a Israel durante a nova fase da guerra no Oriente M\u00e9dio com bombardeios massivos contra o L\u00edbano. O Departamento de Defesa estadunidense informou que \u201calguns milhares\u201d de militares ser\u00e3o enviados ao Oriente M\u00e9dio para proteger Israel, al\u00e9m das instala\u00e7\u00f5es e dos interesses dos EUA na regi\u00e3o.<img data-recalc-dims=\"1\" decoding=\"async\" src=\"https:\/\/i0.wp.com\/agenciabrasil.ebc.com.br\/ebc.png?w=696&#038;ssl=1\" style=\"width:1px; height:1px; display:inline;\"\/><img data-recalc-dims=\"1\" decoding=\"async\" src=\"https:\/\/i0.wp.com\/agenciabrasil.ebc.com.br\/ebc.gif?w=696&#038;ssl=1\" style=\"width:1px; height:1px; display:inline;\"\/><\/p>\n<p>\u201cEles est\u00e3o l\u00e1 para a prote\u00e7\u00e3o das for\u00e7as dos Estados Unidos, e est\u00e3o l\u00e1, caso sejam necess\u00e1rios, para a defesa de Israel\u201d, afirmou em coletiva de imprensa a porta-voz do Pent\u00e1gono, Sabrina Singh, acrescentando que \u201capoiamos o direito de Israel \u00e0 autodefesa\u201d.<\/p>\n<p>\u201cContinuamos a nos envolver com eles em discuss\u00f5es sobre o melhor caminho a seguir\u201d, afirmou.<\/p>\n<p>Estima-se que os recentes bombardeios contra o L\u00edbano mataram mais de 1 mil pessoas em pouco mais de uma semana, deslocando, ao todo, 1 milh\u00e3o de habitantes da regi\u00e3o, segundo ag\u00eancias das Na\u00e7\u00f5es Unidas (ONU).<\/p>\n<p>O Pent\u00e1gono informou que dois porta-avi\u00f5es continuam de prontid\u00e3o no Mar Mediterr\u00e2neo e que ser\u00e1 ampliada a presen\u00e7a de aeronaves nos pr\u00f3ximos dias.<\/p>\n<p>\u201cEssas for\u00e7as aumentadas incluem aeronaves de ca\u00e7a F-16, F-15e, A-10, F-22 e pessoal associado. O secret\u00e1rio [de Estado] tamb\u00e9m aumentou a prontid\u00e3o de for\u00e7as adicionais dos EUA para mobilizar, elevando nossa prepara\u00e7\u00e3o para responder a v\u00e1rias conting\u00eancias em toda a regi\u00e3o do Oriente M\u00e9dio\u201d, disse a porta-voz do Pent\u00e1gono, Sabrina Singh.\u00a0<\/p>\n<p>Nesta segunda-feira (30), o secret\u00e1rio de Defesa dos EUA, Lloyd J. Austin III, conversou por telefone com o ministro de Defesa israelense, Yoav Gallant, e refor\u00e7ou o apoio de Washington a Tel-Aviv.<\/p>\n<p>\u201cAustin reafirmou o apoio dos Estados Unidos ao direito de Israel de se defender contra o Ir\u00e3, o Hezbollah liban\u00eas, o Hamas, os Houthis e outras organiza\u00e7\u00f5es terroristas apoiadas pelo Ir\u00e3. Eles concordaram sobre a necessidade de desmantelar a infraestrutura de ataque ao longo da fronteira para garantir que o Hezbollah liban\u00eas n\u00e3o possa conduzir ataques no estilo de 7 de outubro nas comunidades do norte de Israel\u201d, informou o secret\u00e1rio de imprensa do Pent\u00e1gono, major general Pat Ryder.\u00a0<\/p>\n<p>O ministro de Defesa de Israel enfrenta, ao lado do primeiro-ministro Benjamin Netanyahu, um <a href=\"https:\/\/agenciabrasil.ebc.com.br\/internacional\/noticia\/2024-05\/promotor-do-tpi-acusa-netanyahu-de-usar-fome-como-arma-em-gaza\" target=\"_blank\" rel=\"noopener\">pedido de pris\u00e3o da promotoria do Tribunal Penal Internacional (TPI)<\/a>, em Haia, por crimes contra a humanidade na Faixa de Gaza.<\/p>\n<p>Desde o dia 7 de outubro de 2023, quando o grupo palestino Hamas atacou Israel dando in\u00edcio ao conflito no Oriente M\u00e9dio, os <a href=\"https:\/\/agenciabrasil.ebc.com.br\/internacional\/noticia\/2023-12\/eua-permitem-venda-emergencial-de-municao-para-israel\" target=\"_blank\" rel=\"noopener\">Estados Unidos t\u00eam apoiado seu principal aliado na regi\u00e3o<\/a> com bilh\u00f5es de d\u00f3lares em recursos e armas.\u00a0<\/p>\n<p>      <!-- Relacionada --><\/p>\n<p>            <!-- Relacionada -->\n    <\/div>\n<p><br \/>\n<br \/><a href=\"https:\/\/agenciabrasil.ebc.com.br\/internacional\/noticia\/2024-10\/eua-reforca-apoio-militar-israel-em-meio-aos-ataques-ao-libano\" rel=\"noopener\">Ag\u00eancia Brasil <\/a><\/p>\n","protected":false},"excerpt":{"rendered":"<p>O governo dos Estados Unidos refor\u00e7ou o apoio militar a Israel durante a nova fase da guerra no Oriente M\u00e9dio com bombardeios massivos contra o L\u00edbano. O Departamento de Defesa estadunidense informou que \u201calguns milhares\u201d de militares ser\u00e3o enviados ao Oriente M\u00e9dio para proteger Israel, al\u00e9m das instala\u00e7\u00f5es e dos interesses dos EUA na regi\u00e3o. [&hellip;]<\/p>\n","protected":false},"author":1,"featured_media":14967,"comment_status":"open","ping_status":"open","sticky":false,"template":"","format":"standard","meta":{"_jetpack_newsletter_access":"","_jetpack_dont_email_post_to_subs":false,"_jetpack_newsletter_tier_id":0,"_jetpack_memberships_contains_paywalled_content":false,"_mbp_banners":[],"_jetpack_feature_clip_id":0,"_jetpack_memberships_contains_paid_content":false,"footnotes":"","jetpack_publicize_message":"","jetpack_publicize_feature_enabled":true,"jetpack_social_post_already_shared":true,"jetpack_social_options":{"image_generator_settings":{"template":"highway","default_image_id":0,"font":"","enabled":false},"version":2},"jetpack_post_was_ever_published":false},"categories":[25],"tags":[],"class_list":["post-14966","post","type-post","status-publish","format-standard","has-post-thumbnail","category-internacional"],"jetpack_publicize_connections":[],"jetpack-related-posts":[],"jetpack_shortlink":"https:\/\/wp.me\/p7Eq1F-3To","jetpack_sharing_enabled":true,"jetpack_featured_media_url":"https:\/\/i0.wp.com\/guialimeira.com.br\/news\/wp-content\/uploads\/2024\/10\/52312677798_c9a4227552_o.jpg?fit=1600%2C800&ssl=1","_links":{"self":[{"href":"https:\/\/guialimeira.com.br\/news\/wp-json\/wp\/v2\/posts\/14966","targetHints":{"allow":["GET"]}}],"collection":[{"href":"https:\/\/guialimeira.com.br\/news\/wp-json\/wp\/v2\/posts"}],"about":[{"href":"https:\/\/guialimeira.com.br\/news\/wp-json\/wp\/v2\/types\/post"}],"author":[{"embeddable":true,"href":"https:\/\/guialimeira.com.br\/news\/wp-json\/wp\/v2\/users\/1"}],"replies":[{"embeddable":true,"href":"https:\/\/guialimeira.com.br\/news\/wp-json\/wp\/v2\/comments?post=14966"}],"version-history":[{"count":0,"href":"https:\/\/guialimeira.com.br\/news\/wp-json\/wp\/v2\/posts\/14966\/revisions"}],"wp:featuredmedia":[{"embeddable":true,"href":"https:\/\/guialimeira.com.br\/news\/wp-json\/wp\/v2\/media\/14967"}],"wp:attachment":[{"href":"https:\/\/guialimeira.com.br\/news\/wp-json\/wp\/v2\/media?parent=14966"}],"wp:term":[{"taxonomy":"category","embeddable":true,"href":"https:\/\/guialimeira.com.br\/news\/wp-json\/wp\/v2\/categories?post=14966"},{"taxonomy":"post_tag","embeddable":true,"href":"https:\/\/guialimeira.com.br\/news\/wp-json\/wp\/v2\/tags?post=14966"}],"curies":[{"name":"wp","href":"https:\/\/api.w.org\/{rel}","templated":true}]}}