{"id":14965,"date":"2024-10-01T16:44:44","date_gmt":"2024-10-01T19:44:44","guid":{"rendered":"https:\/\/guialimeira.com.br\/2024\/10\/01\/saude-lanca-guia-sobre-mudancas-climaticas-para-profissionais-de-saude\/"},"modified":"2024-10-01T16:44:44","modified_gmt":"2024-10-01T19:44:44","slug":"saude-lanca-guia-sobre-mudancas-climaticas-para-profissionais-de-saude","status":"publish","type":"post","link":"https:\/\/guialimeira.com.br\/news\/saude-lanca-guia-sobre-mudancas-climaticas-para-profissionais-de-saude\/","title":{"rendered":"Sa\u00fade lan\u00e7a guia sobre mudan\u00e7as clim\u00e1ticas para profissionais de sa\u00fade"},"content":{"rendered":"<p> <br \/>\n<\/p>\n<div>\n<p>O Minist\u00e9rio da Sa\u00fade lan\u00e7ou um guia de bolso sobre mudan\u00e7as clim\u00e1ticas e os efeitos na sa\u00fade humana, voltado para profissionais como m\u00e9dicos e enfermeiros. O material, segundo a pasta, foi montado a partir de uma publica\u00e7\u00e3o da Organiza\u00e7\u00e3o Pan-Americana da Sa\u00fade (Opas), com linguagem e necessidades adaptadas ao Sistema \u00danico de Sa\u00fade (SUS).<img data-recalc-dims=\"1\" decoding=\"async\" src=\"https:\/\/i0.wp.com\/agenciabrasil.ebc.com.br\/ebc.png?w=696&#038;ssl=1\" style=\"width:1px; height:1px; display:inline;\"\/><img data-recalc-dims=\"1\" decoding=\"async\" src=\"https:\/\/i0.wp.com\/agenciabrasil.ebc.com.br\/ebc.gif?w=696&#038;ssl=1\" style=\"width:1px; height:1px; display:inline;\"\/><\/p>\n<p>Em nota, o minist\u00e9rio informou que a proposta do documento \u00e9 facilitar o atendimento de profissionais da sa\u00fade, incluindo agentes comunit\u00e1rios de sa\u00fade e outros, permitindo o acesso r\u00e1pido a informa\u00e7\u00f5es relacionadas a mudan\u00e7as clim\u00e1ticas e \u00e0 sa\u00fade humana, de forma que as orienta\u00e7\u00f5es aos pacientes sejam feitas com maior seguran\u00e7a.<\/p>\n<p>\u201cAs mudan\u00e7as clim\u00e1ticas s\u00e3o uma realidade recente para a popula\u00e7\u00e3o e, para os profissionais, n\u00e3o \u00e9 diferente. Por isso, o documento \u00e9 fundamental para uma pronta resposta \u00e0s necessidades dos brasileiros\u201d, destacou a pasta, ao citar que as mudan\u00e7as clim\u00e1ticas afetam n\u00e3o apenas a sa\u00fade das pessoas, mas tamb\u00e9m a estrutura dos servi\u00e7os de sa\u00fade.<\/p>\n<p>Ondas de calor, inunda\u00e7\u00f5es e secas extremas, segundo o minist\u00e9rio, trazem preocupa\u00e7\u00e3o adicional tanto para quem organiza os servi\u00e7os de sa\u00fade como para quem presta assist\u00eancia aos pacientes. O <a href=\"https:\/\/www.gov.br\/saude\/pt-br\/centrais-de-conteudo\/publicacoes\/guias-e-manuais\/2024\/guia-mudancas-climaticas-para-profissionais-da-saude.pdf\" target=\"_blank\" rel=\"noopener\">guia<\/a> ser\u00e1 entregue a trabalhadores do SUS e tamb\u00e9m est\u00e1 dispon\u00edvel no portal do minist\u00e9rio.<\/p>\n<h2>Entenda<\/h2>\n<p>Com mais de 130 p\u00e1ginas, o guia traz informativos sobre altera\u00e7\u00f5es em tratamentos cardiovasculares, respirat\u00f3rios, renais, oftalmol\u00f3gicos, cut\u00e2neos, gastrointestinais e neurol\u00f3gicos, al\u00e9m de recomenda\u00e7\u00f5es sobre o impacto de efeitos clim\u00e1ticos na sa\u00fade mental e materno-infantil.<\/p>\n<p>O material tamb\u00e9m aborda zoonoses (doen\u00e7as infecciosas transmitidas entre animais e pessoas) e doen\u00e7as de transmiss\u00e3o vetorial, como dengue, mal\u00e1ria, doen\u00e7a de Chagas, leishmaniose, febre amarela, febre do Oroupouche, mayaro, filarioses e febre do Oeste do Nilo. O documento traz orienta\u00e7\u00f5es espec\u00edficas para pacientes e para comunidades em geral.<\/p>\n<p>      <!-- Relacionada --><br \/>\n            <!-- Relacionada -->\n    <\/div>\n<p><br \/>\n<br \/><a href=\"https:\/\/agenciabrasil.ebc.com.br\/saude\/noticia\/2024-10\/saude-lanca-guia-sobre-mudancas-climaticas-para-profissionais-de-saude\" rel=\"noopener\">Ag\u00eancia Brasil <\/a><\/p>\n","protected":false},"excerpt":{"rendered":"<p>O Minist\u00e9rio da Sa\u00fade lan\u00e7ou um guia de bolso sobre mudan\u00e7as clim\u00e1ticas e os efeitos na sa\u00fade humana, voltado para profissionais como m\u00e9dicos e enfermeiros. O material, segundo a pasta, foi montado a partir de uma publica\u00e7\u00e3o da Organiza\u00e7\u00e3o Pan-Americana da Sa\u00fade (Opas), com linguagem e necessidades adaptadas ao Sistema \u00danico de Sa\u00fade (SUS). Em [&hellip;]<\/p>\n","protected":false},"author":1,"featured_media":8323,"comment_status":"open","ping_status":"open","sticky":false,"template":"","format":"standard","meta":{"_jetpack_newsletter_access":"","_jetpack_dont_email_post_to_subs":false,"_jetpack_newsletter_tier_id":0,"_jetpack_memberships_contains_paywalled_content":false,"_mbp_banners":[],"_jetpack_feature_clip_id":0,"_jetpack_memberships_contains_paid_content":false,"footnotes":"","jetpack_publicize_message":"","jetpack_publicize_feature_enabled":true,"jetpack_social_post_already_shared":true,"jetpack_social_options":{"image_generator_settings":{"template":"highway","default_image_id":0,"font":"","enabled":false},"version":2},"jetpack_post_was_ever_published":false},"categories":[15],"tags":[],"class_list":["post-14965","post","type-post","status-publish","format-standard","has-post-thumbnail","category-saude"],"jetpack_publicize_connections":[],"jetpack-related-posts":[],"jetpack_shortlink":"https:\/\/wp.me\/p7Eq1F-3Tn","jetpack_sharing_enabled":true,"jetpack_featured_media_url":"https:\/\/i0.wp.com\/guialimeira.com.br\/news\/wp-content\/uploads\/2024\/06\/fachada-ministerio_mcamgo_abr_100420231818-16.jpg?fit=1600%2C800&ssl=1","_links":{"self":[{"href":"https:\/\/guialimeira.com.br\/news\/wp-json\/wp\/v2\/posts\/14965","targetHints":{"allow":["GET"]}}],"collection":[{"href":"https:\/\/guialimeira.com.br\/news\/wp-json\/wp\/v2\/posts"}],"about":[{"href":"https:\/\/guialimeira.com.br\/news\/wp-json\/wp\/v2\/types\/post"}],"author":[{"embeddable":true,"href":"https:\/\/guialimeira.com.br\/news\/wp-json\/wp\/v2\/users\/1"}],"replies":[{"embeddable":true,"href":"https:\/\/guialimeira.com.br\/news\/wp-json\/wp\/v2\/comments?post=14965"}],"version-history":[{"count":0,"href":"https:\/\/guialimeira.com.br\/news\/wp-json\/wp\/v2\/posts\/14965\/revisions"}],"wp:featuredmedia":[{"embeddable":true,"href":"https:\/\/guialimeira.com.br\/news\/wp-json\/wp\/v2\/media\/8323"}],"wp:attachment":[{"href":"https:\/\/guialimeira.com.br\/news\/wp-json\/wp\/v2\/media?parent=14965"}],"wp:term":[{"taxonomy":"category","embeddable":true,"href":"https:\/\/guialimeira.com.br\/news\/wp-json\/wp\/v2\/categories?post=14965"},{"taxonomy":"post_tag","embeddable":true,"href":"https:\/\/guialimeira.com.br\/news\/wp-json\/wp\/v2\/tags?post=14965"}],"curies":[{"name":"wp","href":"https:\/\/api.w.org\/{rel}","templated":true}]}}