{"id":14962,"date":"2024-10-01T15:50:44","date_gmt":"2024-10-01T18:50:44","guid":{"rendered":"https:\/\/guialimeira.com.br\/2024\/10\/01\/voo-para-repatriacao-de-brasileiros-no-libano-parte-nesta-quarta-feira\/"},"modified":"2024-10-01T15:50:44","modified_gmt":"2024-10-01T18:50:44","slug":"voo-para-repatriacao-de-brasileiros-no-libano-parte-nesta-quarta-feira","status":"publish","type":"post","link":"https:\/\/guialimeira.com.br\/news\/voo-para-repatriacao-de-brasileiros-no-libano-parte-nesta-quarta-feira\/","title":{"rendered":"Voo para repatria\u00e7\u00e3o de brasileiros no L\u00edbano parte nesta quarta-feira"},"content":{"rendered":"<p> <br \/>\n<\/p>\n<div>\n<p>Um avi\u00e3o da For\u00e7a A\u00e9rea Brasileira (FAB) vai decolar da Base A\u00e9rea do Aeroporto do Gale\u00e3o, no Rio de Janeiro, rumo ao L\u00edbano, nesta quarta-feira (2), para repatriar um grupo de brasileiros presos no pa\u00eds em decorr\u00eancia da escalada de viol\u00eancia do governo de Israel no pa\u00eds. A <a href=\"https:\/\/agenciabrasil.ebc.com.br\/internacional\/noticia\/2024-09\/governo-enviara-aviao-para-repatriar-brasileiros-que-estao-no-libano\" target=\"_blank\" rel=\"noopener\">autoriza\u00e7\u00e3o para a opera\u00e7\u00e3o<\/a> foi dada presidente Luiz In\u00e1cio Lula da Silva.<img data-recalc-dims=\"1\" decoding=\"async\" src=\"https:\/\/i0.wp.com\/agenciabrasil.ebc.com.br\/ebc.png?w=696&#038;ssl=1\" style=\"width:1px; height:1px; display:inline;\"\/><img data-recalc-dims=\"1\" decoding=\"async\" src=\"https:\/\/i0.wp.com\/agenciabrasil.ebc.com.br\/ebc.gif?w=696&#038;ssl=1\" style=\"width:1px; height:1px; display:inline;\"\/><\/p>\n<p>Batizada de Opera\u00e7\u00e3o Ra\u00edzes do Cedro, a FAB utilizar\u00e1 uma aeronave KC-30, com a previs\u00e3o inicial de repatriar 220 brasileiros que est\u00e3o em solo liban\u00eas, a partir do aeroporto de Beirute, capital do pa\u00eds do Oriente M\u00e9dio. O voo far\u00e1 escala para reabastecimento em Lisboa, tanto na ida quanto na volta. Outros voos ainda n\u00e3o foram confirmados, mas devem ocorrer ao longo dos pr\u00f3ximos dias.\u00a0<\/p>\n<p>A maior comunidade de brasileiros no Oriente M\u00e9dio atualmente est\u00e1 no L\u00edbano. Ao todo, 21 mil brasileiros vivem no pa\u00eds. Na semana passada, os bombardeios israelenses no L\u00edbano causaram a morte de dois adolescentes brasileiros.<\/p>\n<p>Segundo a FAB, a equipe de voo ser\u00e1 composta, al\u00e9m dos tripulantes operacionais da aeronave, por militares da \u00e1rea de sa\u00fade (m\u00e9dico, enfermeiro, psic\u00f3logo), que estar\u00e3o prontos para prestar o apoio necess\u00e1rio durante a miss\u00e3o.<\/p>\n<p>      <!-- Relacionada --><\/p>\n<p>            <!-- Relacionada -->\n    <\/div>\n<p><br \/>\n<br \/><a href=\"https:\/\/agenciabrasil.ebc.com.br\/internacional\/noticia\/2024-10\/voo-para-repatriacao-de-brasileiros-no-libano-parte-nesta-quarta-feira\" rel=\"noopener\">Ag\u00eancia Brasil <\/a><\/p>\n","protected":false},"excerpt":{"rendered":"<p>Um avi\u00e3o da For\u00e7a A\u00e9rea Brasileira (FAB) vai decolar da Base A\u00e9rea do Aeroporto do Gale\u00e3o, no Rio de Janeiro, rumo ao L\u00edbano, nesta quarta-feira (2), para repatriar um grupo de brasileiros presos no pa\u00eds em decorr\u00eancia da escalada de viol\u00eancia do governo de Israel no pa\u00eds. A autoriza\u00e7\u00e3o para a opera\u00e7\u00e3o foi dada presidente [&hellip;]<\/p>\n","protected":false},"author":1,"featured_media":14963,"comment_status":"open","ping_status":"open","sticky":false,"template":"","format":"standard","meta":{"_jetpack_newsletter_access":"","_jetpack_dont_email_post_to_subs":false,"_jetpack_newsletter_tier_id":0,"_jetpack_memberships_contains_paywalled_content":false,"_mbp_banners":[],"_jetpack_feature_clip_id":0,"_jetpack_memberships_contains_paid_content":false,"footnotes":"","jetpack_publicize_message":"","jetpack_publicize_feature_enabled":true,"jetpack_social_post_already_shared":true,"jetpack_social_options":{"image_generator_settings":{"template":"highway","default_image_id":0,"font":"","enabled":false},"version":2},"jetpack_post_was_ever_published":false},"categories":[25],"tags":[],"class_list":["post-14962","post","type-post","status-publish","format-standard","has-post-thumbnail","category-internacional"],"jetpack_publicize_connections":[],"jetpack-related-posts":[],"jetpack_shortlink":"https:\/\/wp.me\/p7Eq1F-3Tk","jetpack_sharing_enabled":true,"jetpack_featured_media_url":"https:\/\/i0.wp.com\/guialimeira.com.br\/news\/wp-content\/uploads\/2024\/10\/52453513546_a7c08e10d4_o.jpg?fit=1600%2C800&ssl=1","_links":{"self":[{"href":"https:\/\/guialimeira.com.br\/news\/wp-json\/wp\/v2\/posts\/14962","targetHints":{"allow":["GET"]}}],"collection":[{"href":"https:\/\/guialimeira.com.br\/news\/wp-json\/wp\/v2\/posts"}],"about":[{"href":"https:\/\/guialimeira.com.br\/news\/wp-json\/wp\/v2\/types\/post"}],"author":[{"embeddable":true,"href":"https:\/\/guialimeira.com.br\/news\/wp-json\/wp\/v2\/users\/1"}],"replies":[{"embeddable":true,"href":"https:\/\/guialimeira.com.br\/news\/wp-json\/wp\/v2\/comments?post=14962"}],"version-history":[{"count":0,"href":"https:\/\/guialimeira.com.br\/news\/wp-json\/wp\/v2\/posts\/14962\/revisions"}],"wp:featuredmedia":[{"embeddable":true,"href":"https:\/\/guialimeira.com.br\/news\/wp-json\/wp\/v2\/media\/14963"}],"wp:attachment":[{"href":"https:\/\/guialimeira.com.br\/news\/wp-json\/wp\/v2\/media?parent=14962"}],"wp:term":[{"taxonomy":"category","embeddable":true,"href":"https:\/\/guialimeira.com.br\/news\/wp-json\/wp\/v2\/categories?post=14962"},{"taxonomy":"post_tag","embeddable":true,"href":"https:\/\/guialimeira.com.br\/news\/wp-json\/wp\/v2\/tags?post=14962"}],"curies":[{"name":"wp","href":"https:\/\/api.w.org\/{rel}","templated":true}]}}