{"id":14960,"date":"2024-10-01T15:43:50","date_gmt":"2024-10-01T18:43:50","guid":{"rendered":"https:\/\/guialimeira.com.br\/2024\/10\/01\/saiba-o-que-e-doenca-de-crohn-que-afeta-o-jornalista-evaristo-costa\/"},"modified":"2024-10-01T15:43:50","modified_gmt":"2024-10-01T18:43:50","slug":"saiba-o-que-e-doenca-de-crohn-que-afeta-o-jornalista-evaristo-costa","status":"publish","type":"post","link":"https:\/\/guialimeira.com.br\/news\/saiba-o-que-e-doenca-de-crohn-que-afeta-o-jornalista-evaristo-costa\/","title":{"rendered":"Saiba o que \u00e9 Doen\u00e7a de Crohn, que afeta o jornalista Evaristo Costa"},"content":{"rendered":"<p> <br \/>\n<\/p>\n<div>\n<p>S\u00edndrome inflamat\u00f3ria do trato intestinal, a Doen\u00e7a de Crohn, que afeta o jornalista Evaristo Costa, atinge predominantemente a parte inferior do intestino delgado e o intestino grosso (c\u00f3lon), mas pode afetar qualquer parte do trato gastrointestinal.<img data-recalc-dims=\"1\" decoding=\"async\" src=\"https:\/\/i0.wp.com\/agenciabrasil.ebc.com.br\/ebc.png?w=696&#038;ssl=1\" style=\"width:1px; height:1px; display:inline;\"\/><img data-recalc-dims=\"1\" decoding=\"async\" src=\"https:\/\/i0.wp.com\/agenciabrasil.ebc.com.br\/ebc.gif?w=696&#038;ssl=1\" style=\"width:1px; height:1px; display:inline;\"\/><\/p>\n<p>O apresentador contou nesta ter\u00e7a-feira (1\u00ba) que\u00a0perdeu mais de 22 quilos em tr\u00eas semanas por conta da inflama\u00e7\u00e3o. De acordo com o\u00a0<a href=\"http:\/\/\u00a0https:\/\/bvsms.saude.gov.br\/doenca-de-crohn\/\" target=\"_blank\" rel=\"noopener\">gloss\u00e1rio<\/a> do Minist\u00e9rio da Sa\u00fade, trata-se de uma doen\u00e7a cr\u00f4nica, provavelmente provocada por desregula\u00e7\u00e3o do sistema imunol\u00f3gico, respons\u00e1vel pela defesa do organismo.<\/p>\n<p>\u00a0A Doen\u00e7a de Crohn n\u00e3o tem cura. As terapias dispon\u00edveis contribuem para reprimir o processo inflamat\u00f3rio desregulado,\u00a0ajudam a reduzir a inflama\u00e7\u00e3o e a controlar os sintomas.<\/p>\n<p><strong><a href=\"https:\/\/agenciabrasil.ebc.com.br\/saude\/noticia\/2024-09\/agencia-brasil-e-radioagencia-sao-finalistas-em-premio-de-saude-sbim\" target=\"_blank\" rel=\"noopener\">&gt;&gt; Ag\u00eancia Brasil, Radioag\u00eancia e Nacional s\u00e3o finalistas do pr\u00eamio Sbim\u00a0de Jornalismo em Sa\u00fade<\/a><\/strong><\/p>\n<h2>Sintomas<\/h2>\n<p>Diarreia, c\u00f3lica abdominal, febre frequente e, \u00e0s vezes, sangramento retal est\u00e3o entre os principais sintomas associados \u00e0 Doen\u00e7a de Crohn, segundo o Minist\u00e9rio da Sa\u00fade. Tamb\u00e9m podem ocorrer perda de apetite e perda de peso.<\/p>\n<p>\u201cA diarreia pode se desenvolver lentamente ou come\u00e7ar de maneira s\u00fabita, podendo haver tamb\u00e9m dores articulares e les\u00f5es na pele. Na Doen\u00e7a de Crohn a dor abdominal e a diarr\u00e9ia freq\u00fcentemente surgem ap\u00f3s as refei\u00e7\u00f5es. S\u00e3o comuns dores nas juntas, falta de apetite, perda de peso e febre. Outros sintomas precoces da doen\u00e7a de Crohn s\u00e3o les\u00f5es da regi\u00e3o anal, incluindo hemorr\u00f3idas, fissuras, f\u00edstulas e abscessos\u201d, informa o site do Minist\u00e9rio da Sa\u00fade.<\/p>\n<p>A doen\u00e7a \u00e9 diagnosticada por meio de exames de imagem como raio-x\u00a0e endoscopias, al\u00e9m de exames de sangue. O tratamento \u00e9 realizado em etapas por meio de um sistema que mede a atividade da doen\u00e7a baseado no n\u00famero de evacua\u00e7\u00f5es,\u00a0de dores abdominais e da indisposi\u00e7\u00e3o geral, dentre outras ocorr\u00eancias. No entanto, se o paciente apresentar um quadro mais leve, a evolu\u00e7\u00e3o da doen\u00e7a pode ser acompanhada por um cl\u00ednico.<\/p>\n<p>      <!-- Relacionada --><\/p>\n<p>            <!-- Relacionada -->\n    <\/div>\n<p><br \/>\n<br \/><a href=\"https:\/\/agenciabrasil.ebc.com.br\/saude\/noticia\/2024-10\/saiba-o-que-e-doenca-de-crohn-que-afeta-o-jornalista-evaristo-costa\" rel=\"noopener\">Ag\u00eancia Brasil <\/a><\/p>\n","protected":false},"excerpt":{"rendered":"<p>S\u00edndrome inflamat\u00f3ria do trato intestinal, a Doen\u00e7a de Crohn, que afeta o jornalista Evaristo Costa, atinge predominantemente a parte inferior do intestino delgado e o intestino grosso (c\u00f3lon), mas pode afetar qualquer parte do trato gastrointestinal. O apresentador contou nesta ter\u00e7a-feira (1\u00ba) que\u00a0perdeu mais de 22 quilos em tr\u00eas semanas por conta da inflama\u00e7\u00e3o. De [&hellip;]<\/p>\n","protected":false},"author":1,"featured_media":14961,"comment_status":"open","ping_status":"open","sticky":false,"template":"","format":"standard","meta":{"_jetpack_newsletter_access":"","_jetpack_dont_email_post_to_subs":false,"_jetpack_newsletter_tier_id":0,"_jetpack_memberships_contains_paywalled_content":false,"_mbp_banners":[],"_jetpack_feature_clip_id":0,"_jetpack_memberships_contains_paid_content":false,"footnotes":"","jetpack_publicize_message":"","jetpack_publicize_feature_enabled":true,"jetpack_social_post_already_shared":true,"jetpack_social_options":{"image_generator_settings":{"template":"highway","default_image_id":0,"font":"","enabled":false},"version":2},"jetpack_post_was_ever_published":false},"categories":[15],"tags":[],"class_list":["post-14960","post","type-post","status-publish","format-standard","has-post-thumbnail","category-saude"],"jetpack_publicize_connections":[],"jetpack-related-posts":[],"jetpack_shortlink":"https:\/\/wp.me\/p7Eq1F-3Ti","jetpack_sharing_enabled":true,"jetpack_featured_media_url":"https:\/\/i0.wp.com\/guialimeira.com.br\/news\/wp-content\/uploads\/2024\/10\/evaristocosta.jpg?fit=1600%2C800&ssl=1","_links":{"self":[{"href":"https:\/\/guialimeira.com.br\/news\/wp-json\/wp\/v2\/posts\/14960","targetHints":{"allow":["GET"]}}],"collection":[{"href":"https:\/\/guialimeira.com.br\/news\/wp-json\/wp\/v2\/posts"}],"about":[{"href":"https:\/\/guialimeira.com.br\/news\/wp-json\/wp\/v2\/types\/post"}],"author":[{"embeddable":true,"href":"https:\/\/guialimeira.com.br\/news\/wp-json\/wp\/v2\/users\/1"}],"replies":[{"embeddable":true,"href":"https:\/\/guialimeira.com.br\/news\/wp-json\/wp\/v2\/comments?post=14960"}],"version-history":[{"count":0,"href":"https:\/\/guialimeira.com.br\/news\/wp-json\/wp\/v2\/posts\/14960\/revisions"}],"wp:featuredmedia":[{"embeddable":true,"href":"https:\/\/guialimeira.com.br\/news\/wp-json\/wp\/v2\/media\/14961"}],"wp:attachment":[{"href":"https:\/\/guialimeira.com.br\/news\/wp-json\/wp\/v2\/media?parent=14960"}],"wp:term":[{"taxonomy":"category","embeddable":true,"href":"https:\/\/guialimeira.com.br\/news\/wp-json\/wp\/v2\/categories?post=14960"},{"taxonomy":"post_tag","embeddable":true,"href":"https:\/\/guialimeira.com.br\/news\/wp-json\/wp\/v2\/tags?post=14960"}],"curies":[{"name":"wp","href":"https:\/\/api.w.org\/{rel}","templated":true}]}}