{"id":1496,"date":"2024-04-12T01:11:54","date_gmt":"2024-04-12T04:11:54","guid":{"rendered":"https:\/\/guialimeira.com.br\/2024\/04\/12\/pacheco-pede-inclusao-de-infraestrutura-em-pl-de-divida-dos-estados\/"},"modified":"2024-04-12T01:11:54","modified_gmt":"2024-04-12T04:11:54","slug":"pacheco-pede-inclusao-de-infraestrutura-em-pl-de-divida-dos-estados","status":"publish","type":"post","link":"https:\/\/guialimeira.com.br\/news\/pacheco-pede-inclusao-de-infraestrutura-em-pl-de-divida-dos-estados\/","title":{"rendered":"Pacheco pede inclus\u00e3o de infraestrutura em PL de d\u00edvida dos estados"},"content":{"rendered":"<p> <br \/>\n<\/p>\n<div>\n<p>Al\u00e9m de vagas em ensino t\u00e9cnico, o projeto de lei de renegocia\u00e7\u00e3o das d\u00edvidas estaduais deve incluir projetos de infraestrutura como contrapartida para a redu\u00e7\u00e3o dos juros, disse nesta quinta-feira (11) o presidente do Senado, Rodrigo Pacheco (PSD-MG). Ele defendeu mais flexibilidade para os estados escolherem o tipo de investimento que devem executar em troca da melhoria das condi\u00e7\u00f5es de pagamento dos d\u00e9bitos.<img data-recalc-dims=\"1\" decoding=\"async\" src=\"https:\/\/i0.wp.com\/agenciabrasil.ebc.com.br\/ebc.png?w=696&#038;ssl=1\" style=\"width:1px; height:1px; display:inline;\"\/><img data-recalc-dims=\"1\" decoding=\"async\" src=\"https:\/\/i0.wp.com\/agenciabrasil.ebc.com.br\/ebc.gif?w=696&#038;ssl=1\" style=\"width:1px; height:1px; display:inline;\"\/><\/p>\n<p>\u201cSou plenamente a favor de que as contrapartidas exigidas pela Uni\u00e3o possam ser flex\u00edveis para o proveito da sociedade que se beneficia delas. Por vezes, o estado j\u00e1 tem suficientemente investidos custos na educa\u00e7\u00e3o e quer investir em infraestrutura. Outros, que t\u00eam investimentos em infraestrutura, e queiram investir em educa\u00e7\u00e3o\u201d, afirmou o presidente do Senado, ap\u00f3s se reunir com representantes do governo de Minas Gerais.<\/p>\n<p>No fim de mar\u00e7o, o Minist\u00e9rio da Fazenda tinha apresentado o Programa Juntos por Educa\u00e7\u00e3o, que prop\u00f5e a <a href=\"https:\/\/agenciabrasil.ebc.com.br\/educacao\/noticia\/2024-03\/governo-propoe-vagas-de-ensino-tecnico-para-reduzir-divida-de-estados\" target=\"_blank\" rel=\"noopener\">redu\u00e7\u00e3o dos juros das d\u00edvidas dos estados <\/a>que investirem no ensino t\u00e9cnico. A proposta \u00e9 reduzir o indexador de \u00cdndice de Pre\u00e7os ao Consumidor Amplo (IPCA) mais 4% ao ano para IPCA mais 1% ao ano.<\/p>\n<p>Segundo Pacheco, a sugest\u00e3o partiu do governo mineiro, mas a proposta beneficia os estados que j\u00e1 investem em ensino profissionalizante. \u201cEssa flexibilidade \u00e9 algo inteligente e razo\u00e1vel. N\u00e3o se pode exigir como contrapartida de um estado investimento sem educa\u00e7\u00e3o, quando ele j\u00e1 faz um investimento em ensino profissionalizante, por exemplo\u201d, declarou o senador.<\/p>\n<p>Pacheco tamb\u00e9m defendeu que a entrega de ativos estaduais, como a\u00e7\u00f5es de estatais locais, para amortizar a d\u00edvida com a Uni\u00e3o possa ser contada em dobro para efeito do desconto. \u201cPara cada valor de ativo entregue, fora as parcelas, que possa ter um des\u00e1gio na mesma propor\u00e7\u00e3o. O Minist\u00e9rio da Fazenda precisa avaliar, mas \u00e9 importante termos um ponto de partida\u201d, acrescentou.<\/p>\n<p>O presidente do Senado sugeriu ainda que a renegocia\u00e7\u00e3o das d\u00edvidas dos estados ocorra nos moldes do Programa de Recupera\u00e7\u00e3o Fiscal (Refis), em que empresas privadas refinanciam d\u00e9bitos com a Uni\u00e3o em troca de descontos nas multas e nos juros que aumentam quanto menor for o prazo de pagamento.<\/p>\n<p>\u201c\u00c9 basicamente fazer uma analogia aos programas de descontos que o governo j\u00e1 faz com os particulares, como o Refis. Um programa com descontos de valor final a partir da boa vontade do contribuinte de pagar no menor prazo conforme o crescimento dos pagamentos. \u00c9 uma ideia. Essa lei poderia permitir uma constru\u00e7\u00e3o que beneficie os estados e a Uni\u00e3o\u201d, disse.<\/p>\n<h2>Envio do projeto<\/h2>\n<p>Na segunda-feira (8), Pacheco e o ministro da Fazenda, Fernando Haddad, discutiram a pauta econ\u00f4mica no Congresso. O ministro informou que pretende enviar o projeto de renegocia\u00e7\u00e3o da d\u00edvida dos estados no fim do m\u00eas, ap\u00f3s voltar de viagem aos Estados Unidos, onde participar\u00e1 da reuni\u00e3o do Fundo Monet\u00e1rio Internacional e do Banco Mundial.<\/p>\n<p>Na ocasi\u00e3o, Haddad disse que est\u00e1 aberto a solu\u00e7\u00f5es para a d\u00edvida dos estados, desde que a renegocia\u00e7\u00e3o n\u00e3o prejudique as contas da Uni\u00e3o. \u201cA solu\u00e7\u00e3o do endividamento dos estados n\u00e3o pode passar por um desequil\u00edbrio das finan\u00e7as da Uni\u00e3o\u201d, declarou o ministro na segunda-feira.<\/p>\n<\/p><\/div>\n<p><br \/>\n<br \/><a href=\"https:\/\/agenciabrasil.ebc.com.br\/politica\/noticia\/2024-04\/pacheco-pede-inclusao-de-infraestrutura-em-pl-de-divida-dos-estados\" rel=\"noopener\">Ag\u00eancia Brasil<\/a><\/p>\n","protected":false},"excerpt":{"rendered":"<p>Al\u00e9m de vagas em ensino t\u00e9cnico, o projeto de lei de renegocia\u00e7\u00e3o das d\u00edvidas estaduais deve incluir projetos de infraestrutura como contrapartida para a redu\u00e7\u00e3o dos juros, disse nesta quinta-feira (11) o presidente do Senado, Rodrigo Pacheco (PSD-MG). Ele defendeu mais flexibilidade para os estados escolherem o tipo de investimento que devem executar em troca [&hellip;]<\/p>\n","protected":false},"author":1,"featured_media":787,"comment_status":"open","ping_status":"open","sticky":false,"template":"","format":"standard","meta":{"_jetpack_newsletter_access":"","_jetpack_dont_email_post_to_subs":false,"_jetpack_newsletter_tier_id":0,"_jetpack_memberships_contains_paywalled_content":false,"_mbp_banners":[],"_jetpack_feature_clip_id":0,"_jetpack_memberships_contains_paid_content":false,"footnotes":"","jetpack_publicize_message":"","jetpack_publicize_feature_enabled":true,"jetpack_social_post_already_shared":true,"jetpack_social_options":{"image_generator_settings":{"template":"highway","default_image_id":0,"font":"","enabled":false},"version":2},"jetpack_post_was_ever_published":false},"categories":[22],"tags":[],"class_list":["post-1496","post","type-post","status-publish","format-standard","has-post-thumbnail","category-nacional"],"jetpack_publicize_connections":[],"jetpack-related-posts":[],"jetpack_shortlink":"https:\/\/wp.me\/p7Eq1F-o8","jetpack_sharing_enabled":true,"jetpack_featured_media_url":"https:\/\/i0.wp.com\/guialimeira.com.br\/news\/wp-content\/uploads\/2024\/04\/lula_marques_1.jpg?fit=1600%2C800&ssl=1","_links":{"self":[{"href":"https:\/\/guialimeira.com.br\/news\/wp-json\/wp\/v2\/posts\/1496","targetHints":{"allow":["GET"]}}],"collection":[{"href":"https:\/\/guialimeira.com.br\/news\/wp-json\/wp\/v2\/posts"}],"about":[{"href":"https:\/\/guialimeira.com.br\/news\/wp-json\/wp\/v2\/types\/post"}],"author":[{"embeddable":true,"href":"https:\/\/guialimeira.com.br\/news\/wp-json\/wp\/v2\/users\/1"}],"replies":[{"embeddable":true,"href":"https:\/\/guialimeira.com.br\/news\/wp-json\/wp\/v2\/comments?post=1496"}],"version-history":[{"count":0,"href":"https:\/\/guialimeira.com.br\/news\/wp-json\/wp\/v2\/posts\/1496\/revisions"}],"wp:featuredmedia":[{"embeddable":true,"href":"https:\/\/guialimeira.com.br\/news\/wp-json\/wp\/v2\/media\/787"}],"wp:attachment":[{"href":"https:\/\/guialimeira.com.br\/news\/wp-json\/wp\/v2\/media?parent=1496"}],"wp:term":[{"taxonomy":"category","embeddable":true,"href":"https:\/\/guialimeira.com.br\/news\/wp-json\/wp\/v2\/categories?post=1496"},{"taxonomy":"post_tag","embeddable":true,"href":"https:\/\/guialimeira.com.br\/news\/wp-json\/wp\/v2\/tags?post=1496"}],"curies":[{"name":"wp","href":"https:\/\/api.w.org\/{rel}","templated":true}]}}