{"id":14939,"date":"2024-09-30T20:31:41","date_gmt":"2024-09-30T23:31:41","guid":{"rendered":"https:\/\/guialimeira.com.br\/2024\/09\/30\/governo-enviara-aviao-para-repatriar-brasileiros-que-estao-no-libano\/"},"modified":"2024-09-30T20:31:41","modified_gmt":"2024-09-30T23:31:41","slug":"governo-enviara-aviao-para-repatriar-brasileiros-que-estao-no-libano","status":"publish","type":"post","link":"https:\/\/guialimeira.com.br\/news\/governo-enviara-aviao-para-repatriar-brasileiros-que-estao-no-libano\/","title":{"rendered":"Governo enviar\u00e1 avi\u00e3o para repatriar brasileiros que est\u00e3o no L\u00edbano"},"content":{"rendered":"<p> <br \/>\n<\/p>\n<div>\n<p>Um avi\u00e3o da For\u00e7a A\u00e9rea Brasileira (FAB) ir\u00e1 buscar brasileiros que est\u00e3o no L\u00edbano nos pr\u00f3ximos dias. Segundo comunicado do Minist\u00e9rio das Rela\u00e7\u00f5es Exteriores, a determina\u00e7\u00e3o para repatriar os brasileiros \u00e9 do presidente Luiz In\u00e1cio Lula da Silva.<img data-recalc-dims=\"1\" decoding=\"async\" src=\"https:\/\/i0.wp.com\/agenciabrasil.ebc.com.br\/ebc.png?w=696&#038;ssl=1\" style=\"width:1px; height:1px; display:inline;\"\/><img data-recalc-dims=\"1\" decoding=\"async\" src=\"https:\/\/i0.wp.com\/agenciabrasil.ebc.com.br\/ebc.gif?w=696&#038;ssl=1\" style=\"width:1px; height:1px; display:inline;\"\/><\/p>\n<p>A regi\u00e3o sofre com os cont\u00ednuos ataques a\u00e9reos israelenses contra \u00e1reas civis em Beirute, no Sul do L\u00edbano e no Vale do Beqaa.<\/p>\n<p>A opera\u00e7\u00e3o, coordenada pelo Itamaraty e pelo Minist\u00e9rio da Defesa, ter\u00e1 a data anunciada nos pr\u00f3ximos dias, ap\u00f3s an\u00e1lise das condi\u00e7\u00f5es de seguran\u00e7a para o voo. O planejamento inicial da FAB prev\u00ea a decolagem do aeroporto de Beirute, que se encontra aberto.<\/p>\n<p>\u201cA Embaixada no L\u00edbano est\u00e1 tomando as provid\u00eancias necess\u00e1rias para viabilizar a opera\u00e7\u00e3o, em contato permanente com a comunidade brasileira e em estreita coordena\u00e7\u00e3o com as autoridades locais\u201d, diz a nota do Itamaraty.<\/p>\n<p>Na semana passada, os bombardeios israelenses no L\u00edbano causaram a<a href=\"http:\/\/agenciabrasil.ebc.com.br\/internacional\/noticia\/2024-09\/jovem-de-16-anos-morre-no-libano-dizem-familiares\" target=\"_blank\" rel=\"noopener\"> morte de dois adolescentes brasileiros<\/a>. A maior comunidade de brasileiros no Oriente M\u00e9dio atualmente est\u00e1 no L\u00edbano. Ao todo, 21 mil brasileiros vivem no pa\u00eds.<\/p>\n<p>      <!-- Relacionada --><\/p>\n<p>            <!-- Relacionada -->\n    <\/div>\n<p><br \/>\n<br \/><a href=\"https:\/\/agenciabrasil.ebc.com.br\/internacional\/noticia\/2024-09\/governo-enviara-aviao-para-repatriar-brasileiros-que-estao-no-libano\" rel=\"noopener\">Ag\u00eancia Brasil <\/a><\/p>\n","protected":false},"excerpt":{"rendered":"<p>Um avi\u00e3o da For\u00e7a A\u00e9rea Brasileira (FAB) ir\u00e1 buscar brasileiros que est\u00e3o no L\u00edbano nos pr\u00f3ximos dias. Segundo comunicado do Minist\u00e9rio das Rela\u00e7\u00f5es Exteriores, a determina\u00e7\u00e3o para repatriar os brasileiros \u00e9 do presidente Luiz In\u00e1cio Lula da Silva. A regi\u00e3o sofre com os cont\u00ednuos ataques a\u00e9reos israelenses contra \u00e1reas civis em Beirute, no Sul do [&hellip;]<\/p>\n","protected":false},"author":1,"featured_media":14695,"comment_status":"open","ping_status":"open","sticky":false,"template":"","format":"standard","meta":{"_jetpack_newsletter_access":"","_jetpack_dont_email_post_to_subs":false,"_jetpack_newsletter_tier_id":0,"_jetpack_memberships_contains_paywalled_content":false,"_mbp_banners":[],"_jetpack_feature_clip_id":0,"_jetpack_memberships_contains_paid_content":false,"footnotes":"","jetpack_publicize_message":"","jetpack_publicize_feature_enabled":true,"jetpack_social_post_already_shared":true,"jetpack_social_options":{"image_generator_settings":{"template":"highway","default_image_id":0,"font":"","enabled":false},"version":2},"jetpack_post_was_ever_published":false},"categories":[25],"tags":[],"class_list":["post-14939","post","type-post","status-publish","format-standard","has-post-thumbnail","category-internacional"],"jetpack_publicize_connections":[],"jetpack-related-posts":[],"jetpack_shortlink":"https:\/\/wp.me\/p7Eq1F-3SX","jetpack_sharing_enabled":true,"jetpack_featured_media_url":"https:\/\/i0.wp.com\/guialimeira.com.br\/news\/wp-content\/uploads\/2024\/09\/2024-09-23t183428z_1_lynxmpek8m0n2_rtroptp_4_israel-palestinians-lebanon.jpg?fit=1600%2C800&ssl=1","_links":{"self":[{"href":"https:\/\/guialimeira.com.br\/news\/wp-json\/wp\/v2\/posts\/14939","targetHints":{"allow":["GET"]}}],"collection":[{"href":"https:\/\/guialimeira.com.br\/news\/wp-json\/wp\/v2\/posts"}],"about":[{"href":"https:\/\/guialimeira.com.br\/news\/wp-json\/wp\/v2\/types\/post"}],"author":[{"embeddable":true,"href":"https:\/\/guialimeira.com.br\/news\/wp-json\/wp\/v2\/users\/1"}],"replies":[{"embeddable":true,"href":"https:\/\/guialimeira.com.br\/news\/wp-json\/wp\/v2\/comments?post=14939"}],"version-history":[{"count":0,"href":"https:\/\/guialimeira.com.br\/news\/wp-json\/wp\/v2\/posts\/14939\/revisions"}],"wp:featuredmedia":[{"embeddable":true,"href":"https:\/\/guialimeira.com.br\/news\/wp-json\/wp\/v2\/media\/14695"}],"wp:attachment":[{"href":"https:\/\/guialimeira.com.br\/news\/wp-json\/wp\/v2\/media?parent=14939"}],"wp:term":[{"taxonomy":"category","embeddable":true,"href":"https:\/\/guialimeira.com.br\/news\/wp-json\/wp\/v2\/categories?post=14939"},{"taxonomy":"post_tag","embeddable":true,"href":"https:\/\/guialimeira.com.br\/news\/wp-json\/wp\/v2\/tags?post=14939"}],"curies":[{"name":"wp","href":"https:\/\/api.w.org\/{rel}","templated":true}]}}