{"id":14936,"date":"2024-09-30T19:23:45","date_gmt":"2024-09-30T22:23:45","guid":{"rendered":"https:\/\/guialimeira.com.br\/2024\/09\/30\/acre-sindicato-dos-medicos-denuncia-instalacoes-de-raio-x-inadequadas\/"},"modified":"2024-09-30T19:23:45","modified_gmt":"2024-09-30T22:23:45","slug":"acre-sindicato-dos-medicos-denuncia-instalacoes-de-raio-x-inadequadas","status":"publish","type":"post","link":"https:\/\/guialimeira.com.br\/news\/acre-sindicato-dos-medicos-denuncia-instalacoes-de-raio-x-inadequadas\/","title":{"rendered":"Acre: Sindicato dos M\u00e9dicos denuncia instala\u00e7\u00f5es de raio-x inadequadas"},"content":{"rendered":"<p> <br \/>\n<\/p>\n<div>\n<p>O Sindicato dos M\u00e9dicos do Acre (Sindmed-AC) encaminhou um documento ao Minist\u00e9rio P\u00fablico Estadual, ao Conselho Regional de Medicina e \u00e0 Secretaria Estadual de Sa\u00fade do Acre (Sesacre) para verificar den\u00fancias de radia\u00e7\u00e3o por meio de aparelhos de raio-x\u00a0instalados nos hospitais dos munic\u00edpios de\u00a0Feij\u00f3 e Sena Madureira. Em nota, o sindicato informou que durante\u00a0visita t\u00e9cnica,\u00a0uma equipe da representa\u00e7\u00e3o dos profissionais verificou que\u00a0\u201csalas improvisadas possuem aparelhos de raio-x\u00a0em pleno funcionamento, mas sem o devido isolamento e conten\u00e7\u00e3o da radia\u00e7\u00e3o\u201d.<img data-recalc-dims=\"1\" decoding=\"async\" src=\"https:\/\/i0.wp.com\/agenciabrasil.ebc.com.br\/ebc.png?w=696&#038;ssl=1\" style=\"width:1px; height:1px; display:inline;\"\/><img data-recalc-dims=\"1\" decoding=\"async\" src=\"https:\/\/i0.wp.com\/agenciabrasil.ebc.com.br\/ebc.gif?w=696&#038;ssl=1\" style=\"width:1px; height:1px; display:inline;\"\/><\/p>\n<p>Na nota, a diretoria do Sindmed-AC classifica a situa\u00e7\u00e3o como grav\u00edssima e que ser\u00e1 denunciada tamb\u00e9m\u00a0\u00e0 Comiss\u00e3o Nacional de Energia Nuclear [CNEN]. \u201cEssa \u00e9 uma situa\u00e7\u00e3o grav\u00edssima que deve ser investigada pelas autoridades competentes na \u00e1rea, por isso pediremos ajuda \u00e0 Comiss\u00e3o Nacional de Energia Nuclear\u201d, exp\u00f4s o vice-presidente do Sindmed-AC, Rodrigo Prado, na nota.<\/p>\n<p>A entidade denuncia, inclusive, que por ser pr\u00f3ximo ao pronto-socorro improvisado, at\u00e9 o pr\u00e9dio do Minist\u00e9rio P\u00fablico Estadual de Sena Madureira, \u201cpode estar recebendo radia\u00e7\u00e3o secund\u00e1ria proveniente do aparelho de raio-x\u201d.<\/p>\n<p>Conforme o \u00f3rg\u00e3o de classe, a suspeita foi resultado de alertas feitos pelos trabalhadores, \u201cque denunciaram a falta de barita nas paredes e a aus\u00eancia de uma porta adequada no espa\u00e7o. Assim, o risco \u00e9 de uma contamina\u00e7\u00e3o silenciosa, causando danos irrepar\u00e1veis \u00e0 sa\u00fade das pessoas\u201d.<\/p>\n<p>Conforme o sindicato, o aparelho de Sena Madureira est\u00e1 apontado para uma parede de \u00e1rea externa. \u201cIsso significa que os vizinhos da frente da unidade podem estar recebendo doses di\u00e1rias de radia\u00e7\u00e3o prim\u00e1ria, enquanto a radia\u00e7\u00e3o secund\u00e1ria, de menor intensidade, se espalha ao redor e, mesmo sendo menos potente, acaba sendo perigosa devido \u00e0 frequ\u00eancia\u201d, acrescentou.<\/p>\n<p>J\u00e1 em Feij\u00f3, segundo a entidade, o equipamento foi instalado no almoxarifado, na dire\u00e7\u00e3o da frente provis\u00f3ria do hospital. \u201cAssim, pacientes, acompanhantes e, principalmente, os servidores podem estar recebendo rajadas de radia\u00e7\u00e3o prim\u00e1ria, enquanto o material disponibilizado dentro da sala acaba contaminado com a radia\u00e7\u00e3o secund\u00e1ria\u201d, completou.<\/p>\n<p>Rodrigo Prado disse que o caso de Sena Madureira j\u00e1 foi discutido pelo Sindicato em reuni\u00f5es com autoridades realizadas na Sesacre. \u201cExistem at\u00e9 den\u00fancias anteriores, quando uma situa\u00e7\u00e3o semelhante ocorreu no antigo pronto-socorro. A situa\u00e7\u00e3o est\u00e1 se agravando e trazendo riscos para a popula\u00e7\u00e3o\u201d, relatou.<\/p>\n<p>A entidade tamb\u00e9m cita den\u00fancias de que\u00a0a\u00a0unidade do munic\u00edpio de\u00a0Manoel Urbano enfrenta situa\u00e7\u00e3o semelhante, &#8220;o que levanta um alerta sobre a efici\u00eancia do isolamento em todas as unidades do estado\u201d.<\/p>\n<p>A inten\u00e7\u00e3o da den\u00fancia, de acordo com o sindicato, \u201c\u00e9 evitar algo semelhante \u00e0 cat\u00e1strofe ocorrida em 1987, em Goi\u00e2nia, quando a exposi\u00e7\u00e3o ao C\u00e9sio-137 (137Cs) resultou na <a href=\"https:\/\/radios.ebc.com.br\/revista-brasil\/2024\/09\/acidente-cesio-137-em-goiania-completa-37-anos\" target=\"_blank\" rel=\"noopener\">morte de quatro pessoas<\/a>. Na \u00e9poca, indiv\u00edduos acabaram violando uma m\u00e1quina abandonada em uma unidade de sa\u00fade, levando o material radiol\u00f3gico para casa por acreditar que era um objeto de valor\u201d.<\/p>\n<h2>CNEN<\/h2>\n<p>Em resposta \u00e0 <strong>Ag\u00eancia Brasil<\/strong>, a CNEN informou que \u201co controle de raio-x para fins diagn\u00f3sticos n\u00e3o \u00e9 de compet\u00eancia da CNEN, e sim da ANVISA, em suas unidades locais\u201d.<\/p>\n<h2>MPAC<\/h2>\n<p>O Minist\u00e9rio P\u00fablico do Estado do Acre disse que a apura\u00e7\u00e3o das den\u00fancias est\u00e1 em andamento. \u201cAo tomar conhecimento, o Minist\u00e9rio P\u00fablico do Estado do Acre, por meio das Promotorias de Justi\u00e7a de Sena Madureira e Feij\u00f3, adotou provid\u00eancias para apurar as den\u00fancias\u201d.<\/p>\n<p>A <strong>Ag\u00eancia Brasil<\/strong> procurou a\u00a0Anvisa, a Secretaria de Estado de Sa\u00fade do Acre e o Conselho Regional de Medicina e aguarda posicionamento sobre as den\u00fancias.<\/p>\n<p>      <!-- Relacionada --><\/p>\n<p>            <!-- Relacionada -->\n    <\/div>\n<p><br \/>\n<br \/><a href=\"https:\/\/agenciabrasil.ebc.com.br\/saude\/noticia\/2024-09\/acre-sindicato-dos-medicos-denuncia-instalacoes-de-raio-x-inadequadas\" rel=\"noopener\">Ag\u00eancia Brasil <\/a><\/p>\n","protected":false},"excerpt":{"rendered":"<p>O Sindicato dos M\u00e9dicos do Acre (Sindmed-AC) encaminhou um documento ao Minist\u00e9rio P\u00fablico Estadual, ao Conselho Regional de Medicina e \u00e0 Secretaria Estadual de Sa\u00fade do Acre (Sesacre) para verificar den\u00fancias de radia\u00e7\u00e3o por meio de aparelhos de raio-x\u00a0instalados nos hospitais dos munic\u00edpios de\u00a0Feij\u00f3 e Sena Madureira. Em nota, o sindicato informou que durante\u00a0visita t\u00e9cnica,\u00a0uma [&hellip;]<\/p>\n","protected":false},"author":1,"featured_media":269,"comment_status":"open","ping_status":"open","sticky":false,"template":"","format":"standard","meta":{"_jetpack_newsletter_access":"","_jetpack_dont_email_post_to_subs":false,"_jetpack_newsletter_tier_id":0,"_jetpack_memberships_contains_paywalled_content":false,"_mbp_banners":[],"_jetpack_feature_clip_id":0,"_jetpack_memberships_contains_paid_content":false,"footnotes":"","jetpack_publicize_message":"","jetpack_publicize_feature_enabled":true,"jetpack_social_post_already_shared":true,"jetpack_social_options":{"image_generator_settings":{"template":"highway","default_image_id":0,"font":"","enabled":false},"version":2},"jetpack_post_was_ever_published":false},"categories":[15],"tags":[],"class_list":["post-14936","post","type-post","status-publish","format-standard","has-post-thumbnail","category-saude"],"jetpack_publicize_connections":[],"jetpack-related-posts":[],"jetpack_shortlink":"https:\/\/wp.me\/p7Eq1F-3SU","jetpack_sharing_enabled":true,"jetpack_featured_media_url":"https:\/\/i0.wp.com\/guialimeira.com.br\/news\/wp-content\/uploads\/2024\/03\/thumb_1200x600_agbrasil.png?fit=1200%2C600&ssl=1","_links":{"self":[{"href":"https:\/\/guialimeira.com.br\/news\/wp-json\/wp\/v2\/posts\/14936","targetHints":{"allow":["GET"]}}],"collection":[{"href":"https:\/\/guialimeira.com.br\/news\/wp-json\/wp\/v2\/posts"}],"about":[{"href":"https:\/\/guialimeira.com.br\/news\/wp-json\/wp\/v2\/types\/post"}],"author":[{"embeddable":true,"href":"https:\/\/guialimeira.com.br\/news\/wp-json\/wp\/v2\/users\/1"}],"replies":[{"embeddable":true,"href":"https:\/\/guialimeira.com.br\/news\/wp-json\/wp\/v2\/comments?post=14936"}],"version-history":[{"count":0,"href":"https:\/\/guialimeira.com.br\/news\/wp-json\/wp\/v2\/posts\/14936\/revisions"}],"wp:featuredmedia":[{"embeddable":true,"href":"https:\/\/guialimeira.com.br\/news\/wp-json\/wp\/v2\/media\/269"}],"wp:attachment":[{"href":"https:\/\/guialimeira.com.br\/news\/wp-json\/wp\/v2\/media?parent=14936"}],"wp:term":[{"taxonomy":"category","embeddable":true,"href":"https:\/\/guialimeira.com.br\/news\/wp-json\/wp\/v2\/categories?post=14936"},{"taxonomy":"post_tag","embeddable":true,"href":"https:\/\/guialimeira.com.br\/news\/wp-json\/wp\/v2\/tags?post=14936"}],"curies":[{"name":"wp","href":"https:\/\/api.w.org\/{rel}","templated":true}]}}