{"id":1493,"date":"2024-04-12T00:10:47","date_gmt":"2024-04-12T03:10:47","guid":{"rendered":"https:\/\/guialimeira.com.br\/2024\/04\/12\/justica-afasta-presidente-do-conselho-da-petrobras-do-cargo\/"},"modified":"2024-04-12T00:10:47","modified_gmt":"2024-04-12T03:10:47","slug":"justica-afasta-presidente-do-conselho-da-petrobras-do-cargo","status":"publish","type":"post","link":"https:\/\/guialimeira.com.br\/news\/justica-afasta-presidente-do-conselho-da-petrobras-do-cargo\/","title":{"rendered":"Justi\u00e7a afasta presidente do Conselho da Petrobras do cargo"},"content":{"rendered":"<p> <br \/>\n<\/p>\n<div>\n<p>O presidente do Conselho de Administra\u00e7\u00e3o da Petrobras, Pietro Mendes, foi afastado do cargo por uma liminar expedida nesta quinta-feira\u00a0(11) pela Justi\u00e7a Federal de S\u00e3o Paulo. A remunera\u00e7\u00e3o dele tamb\u00e9m foi suspensa at\u00e9 que haja julgamento em definitivo do processo.<img data-recalc-dims=\"1\" decoding=\"async\" src=\"https:\/\/i0.wp.com\/agenciabrasil.ebc.com.br\/ebc.png?w=696&#038;ssl=1\" style=\"width:1px; height:1px; display:inline;\"\/><img data-recalc-dims=\"1\" decoding=\"async\" src=\"https:\/\/i0.wp.com\/agenciabrasil.ebc.com.br\/ebc.gif?w=696&#038;ssl=1\" style=\"width:1px; height:1px; display:inline;\"\/><\/p>\n<p>O juiz Paulo Cezar Neves Junior foi o respons\u00e1vel pela decis\u00e3o, ao atender a\u00e7\u00e3o movida pelo deputado estadual Leonardo Siqueira (Novo-SP). O autor argumenta que Pietro Mendes ocupa ilegalmente o cargo.<\/p>\n<p>Um dos pontos apresentados \u00e9 o conflito de interesses, por Pietro tamb\u00e9m ser secret\u00e1rio de Petr\u00f3leo, G\u00e1s Natural e Biocombust\u00edveis do Minist\u00e9rio de Minas e Energia. S\u00e3o citadas ainda a n\u00e3o observ\u00e2ncia da Lei das Estatais, aus\u00eancia de elabora\u00e7\u00e3o de lista tr\u00edplice para o cargo e a n\u00e3o utiliza\u00e7\u00e3o de empresa especializada para a sele\u00e7\u00e3o.<\/p>\n<p>Outro conselheiro j\u00e1 havia sido afastado pela Justi\u00e7a na semana passada: Sergio Machado Rezende, nomeado pelo governo federal. A decis\u00e3o levou em conta que n\u00e3o houve apresenta\u00e7\u00e3o de lista tr\u00edplice na indica\u00e7\u00e3o pela Uni\u00e3o, nem per\u00edodo de 36 meses de quarentena, depois que atuou no diret\u00f3rio nacional do PSB. A exig\u00eancia desse intervalo consta na Lei das Estatais.<\/p>\n<p>Rezende foi ministro da Educa\u00e7\u00e3o e de Ci\u00eancia e Tecnologia nos primeiros mandatos do presidente Luiz In\u00e1cio\u00a0Lula da Silva.<\/p>\n<p>A reportagem da <strong>Ag\u00eancia Brasil <\/strong>entrou em contato com a assessoria da Petrobras e aguarda o posicionamento oficial da empresa sobre essa nova decis\u00e3o judicial.<\/p>\n<\/p><\/div>\n<p><br \/>\n<br \/><a href=\"https:\/\/agenciabrasil.ebc.com.br\/justica\/noticia\/2024-04\/justica-afasta-presidente-do-conselho-da-petrobras-do-cargo\" rel=\"noopener\">Ag\u00eancia Brasil<\/a><\/p>\n","protected":false},"excerpt":{"rendered":"<p>O presidente do Conselho de Administra\u00e7\u00e3o da Petrobras, Pietro Mendes, foi afastado do cargo por uma liminar expedida nesta quinta-feira\u00a0(11) pela Justi\u00e7a Federal de S\u00e3o Paulo. A remunera\u00e7\u00e3o dele tamb\u00e9m foi suspensa at\u00e9 que haja julgamento em definitivo do processo. O juiz Paulo Cezar Neves Junior foi o respons\u00e1vel pela decis\u00e3o, ao atender a\u00e7\u00e3o movida [&hellip;]<\/p>\n","protected":false},"author":1,"featured_media":269,"comment_status":"open","ping_status":"open","sticky":false,"template":"","format":"standard","meta":{"_jetpack_newsletter_access":"","_jetpack_dont_email_post_to_subs":false,"_jetpack_newsletter_tier_id":0,"_jetpack_memberships_contains_paywalled_content":false,"_mbp_banners":[],"_jetpack_feature_clip_id":0,"_jetpack_memberships_contains_paid_content":false,"footnotes":"","jetpack_publicize_message":"","jetpack_publicize_feature_enabled":true,"jetpack_social_post_already_shared":true,"jetpack_social_options":{"image_generator_settings":{"template":"highway","default_image_id":0,"font":"","enabled":false},"version":2},"jetpack_post_was_ever_published":false},"categories":[22],"tags":[],"class_list":["post-1493","post","type-post","status-publish","format-standard","has-post-thumbnail","category-nacional"],"jetpack_publicize_connections":[],"jetpack-related-posts":[],"jetpack_shortlink":"https:\/\/wp.me\/p7Eq1F-o5","jetpack_sharing_enabled":true,"jetpack_featured_media_url":"https:\/\/i0.wp.com\/guialimeira.com.br\/news\/wp-content\/uploads\/2024\/03\/thumb_1200x600_agbrasil.png?fit=1200%2C600&ssl=1","_links":{"self":[{"href":"https:\/\/guialimeira.com.br\/news\/wp-json\/wp\/v2\/posts\/1493","targetHints":{"allow":["GET"]}}],"collection":[{"href":"https:\/\/guialimeira.com.br\/news\/wp-json\/wp\/v2\/posts"}],"about":[{"href":"https:\/\/guialimeira.com.br\/news\/wp-json\/wp\/v2\/types\/post"}],"author":[{"embeddable":true,"href":"https:\/\/guialimeira.com.br\/news\/wp-json\/wp\/v2\/users\/1"}],"replies":[{"embeddable":true,"href":"https:\/\/guialimeira.com.br\/news\/wp-json\/wp\/v2\/comments?post=1493"}],"version-history":[{"count":0,"href":"https:\/\/guialimeira.com.br\/news\/wp-json\/wp\/v2\/posts\/1493\/revisions"}],"wp:featuredmedia":[{"embeddable":true,"href":"https:\/\/guialimeira.com.br\/news\/wp-json\/wp\/v2\/media\/269"}],"wp:attachment":[{"href":"https:\/\/guialimeira.com.br\/news\/wp-json\/wp\/v2\/media?parent=1493"}],"wp:term":[{"taxonomy":"category","embeddable":true,"href":"https:\/\/guialimeira.com.br\/news\/wp-json\/wp\/v2\/categories?post=1493"},{"taxonomy":"post_tag","embeddable":true,"href":"https:\/\/guialimeira.com.br\/news\/wp-json\/wp\/v2\/tags?post=1493"}],"curies":[{"name":"wp","href":"https:\/\/api.w.org\/{rel}","templated":true}]}}