{"id":14929,"date":"2024-09-30T17:21:41","date_gmt":"2024-09-30T20:21:41","guid":{"rendered":"https:\/\/guialimeira.com.br\/2024\/09\/30\/teste-rapido-na-deteccao-da-febre-bubonica-e-avaliado-em-campo\/"},"modified":"2024-09-30T17:21:41","modified_gmt":"2024-09-30T20:21:41","slug":"teste-rapido-na-deteccao-da-febre-bubonica-e-avaliado-em-campo","status":"publish","type":"post","link":"https:\/\/guialimeira.com.br\/news\/teste-rapido-na-deteccao-da-febre-bubonica-e-avaliado-em-campo\/","title":{"rendered":"Teste r\u00e1pido na detec\u00e7\u00e3o da febre bub\u00f4nica \u00e9 avaliado em campo"},"content":{"rendered":"<p> <br \/>\n<\/p>\n<div>\n<p>Uma nova etapa no desenvolvimento de um teste r\u00e1pido para diagn\u00f3stico da peste bub\u00f4nica foi realizada por pesquisadores da Funda\u00e7\u00e3o Oswaldo Cruz Pernambuco (Fiocruz), em parceria com o Instituto de Tecnologia em Imunobiol\u00f3gicos (Bio-Manguinhos\/Fiocruz), Minist\u00e9rio da Sa\u00fade (MS) e a Secretaria Estadual de Sa\u00fade de Minas Gerais.<img data-recalc-dims=\"1\" decoding=\"async\" src=\"https:\/\/i0.wp.com\/agenciabrasil.ebc.com.br\/ebc.png?w=696&#038;ssl=1\" style=\"width:1px; height:1px; display:inline;\"\/><img data-recalc-dims=\"1\" decoding=\"async\" src=\"https:\/\/i0.wp.com\/agenciabrasil.ebc.com.br\/ebc.gif?w=696&#038;ssl=1\" style=\"width:1px; height:1px; display:inline;\"\/><\/p>\n<p>Os pesquisadores estiveram no munic\u00edpio de Virgem da Lapa, no leste mineiro, entre os dias 6 e 16 deste m\u00eas para conduzir treinamentos e testes de campo com um material pioneiro no mundo. O foco da investiga\u00e7\u00e3o foi a detec\u00e7\u00e3o da doen\u00e7a em roedores e c\u00e3es, utilizando uma nova tecnologia capaz de entregar resultados em apenas 15 minutos.<\/p>\n<p>Esse teste j\u00e1 demonstrou 100% de efic\u00e1cia em laborat\u00f3rio, e representa um avan\u00e7o significativo em compara\u00e7\u00e3o com os m\u00e9todos tradicionais, que podem levar dias para apresentar resultados e custam cerca de R$ 200. Agora, o custo ser\u00e1 reduzido para apenas US$ 1, tornando o diagn\u00f3stico mais acess\u00edvel e eficiente, segundo a Fiocruz.<\/p>\n<p>Os cientistas testaram mais de 100 mam\u00edferos, entre c\u00e3es e roedores, e realizaram an\u00e1lises adicionais em laborat\u00f3rio para garantir a precis\u00e3o dos resultados. O teste r\u00e1pido \u00e9 realizado com a coleta de algumas gotas de sangue do animal, que s\u00e3o misturadas ao reagente dispon\u00edvel na ferramenta. Em poucos minutos, o resultado \u00e9 revelado a olho nu, sem precisar de equipamentos especiais, que costumam ter pre\u00e7o elevado e necessitar de t\u00e9cnicos com forma\u00e7\u00e3o espec\u00edfica para serem operados.\u00a0<\/p>\n<p>Os resultados observados t\u00eam sido promissores. O pr\u00f3ximo passo ser\u00e1 a aprova\u00e7\u00e3o do teste pelo Minist\u00e9rio da Agricultura e Pecu\u00e1ria, para que possa ser disponibilizado em todo o pa\u00eds.<\/p>\n<p>\u201cEu, particularmente, fico grato ao ver esses materiais sendo utilizados em campo. Foi um trabalho feito por muitas m\u00e3os, e eu realmente estou feliz por isso\u201d, disse microbiologista da Fiocruz Pernambuco Matheus Bezerra, destacando a relev\u00e2ncia da inova\u00e7\u00e3o, referindo-se ao impacto que o teste ter\u00e1 no cotidiano das pessoas, garantindo uma resposta r\u00e1pida e eficaz a futuros epis\u00f3dios.\u00a0<\/p>\n<p>Essa inova\u00e7\u00e3o tem o potencial de beneficiar regi\u00f5es do mundo onde a peste bub\u00f4nica ainda representa uma amea\u00e7a, avalia o microbiologista.<\/p>\n<p>Embora rara no Brasil, a peste bub\u00f4nica ainda \u00e9 uma preocupa\u00e7\u00e3o de sa\u00fade p\u00fablica. A doen\u00e7a, causada pela bact\u00e9ria Yersinia pestis e transmitida por pulgas que parasitam roedores, pode ser fatal tanto para humanos quanto para animais se n\u00e3o tratada rapidamente.\u00a0<\/p>\n<p>A Fiocruz, em conjunto com governos estaduais e o Minist\u00e9rio da Sa\u00fade, tem desempenhado um papel essencial no monitoramento e preven\u00e7\u00e3o da doen\u00e7a, ajudando a prevenir surtos no pa\u00eds.<\/p>\n<p>      <!-- Relacionada --><\/p>\n<p>            <!-- Relacionada -->\n    <\/div>\n<p><br \/>\n<br \/><a href=\"https:\/\/agenciabrasil.ebc.com.br\/saude\/noticia\/2024-09\/teste-rapido-na-deteccao-da-febre-bubonica-e-avaliado-em-campo\" rel=\"noopener\">Ag\u00eancia Brasil <\/a><\/p>\n","protected":false},"excerpt":{"rendered":"<p>Uma nova etapa no desenvolvimento de um teste r\u00e1pido para diagn\u00f3stico da peste bub\u00f4nica foi realizada por pesquisadores da Funda\u00e7\u00e3o Oswaldo Cruz Pernambuco (Fiocruz), em parceria com o Instituto de Tecnologia em Imunobiol\u00f3gicos (Bio-Manguinhos\/Fiocruz), Minist\u00e9rio da Sa\u00fade (MS) e a Secretaria Estadual de Sa\u00fade de Minas Gerais. Os pesquisadores estiveram no munic\u00edpio de Virgem da [&hellip;]<\/p>\n","protected":false},"author":1,"featured_media":269,"comment_status":"open","ping_status":"open","sticky":false,"template":"","format":"standard","meta":{"_jetpack_newsletter_access":"","_jetpack_dont_email_post_to_subs":false,"_jetpack_newsletter_tier_id":0,"_jetpack_memberships_contains_paywalled_content":false,"_mbp_banners":[],"_jetpack_feature_clip_id":0,"_jetpack_memberships_contains_paid_content":false,"footnotes":"","jetpack_publicize_message":"","jetpack_publicize_feature_enabled":true,"jetpack_social_post_already_shared":true,"jetpack_social_options":{"image_generator_settings":{"template":"highway","default_image_id":0,"font":"","enabled":false},"version":2},"jetpack_post_was_ever_published":false},"categories":[15],"tags":[],"class_list":["post-14929","post","type-post","status-publish","format-standard","has-post-thumbnail","category-saude"],"jetpack_publicize_connections":[],"jetpack-related-posts":[],"jetpack_shortlink":"https:\/\/wp.me\/p7Eq1F-3SN","jetpack_sharing_enabled":true,"jetpack_featured_media_url":"https:\/\/i0.wp.com\/guialimeira.com.br\/news\/wp-content\/uploads\/2024\/03\/thumb_1200x600_agbrasil.png?fit=1200%2C600&ssl=1","_links":{"self":[{"href":"https:\/\/guialimeira.com.br\/news\/wp-json\/wp\/v2\/posts\/14929","targetHints":{"allow":["GET"]}}],"collection":[{"href":"https:\/\/guialimeira.com.br\/news\/wp-json\/wp\/v2\/posts"}],"about":[{"href":"https:\/\/guialimeira.com.br\/news\/wp-json\/wp\/v2\/types\/post"}],"author":[{"embeddable":true,"href":"https:\/\/guialimeira.com.br\/news\/wp-json\/wp\/v2\/users\/1"}],"replies":[{"embeddable":true,"href":"https:\/\/guialimeira.com.br\/news\/wp-json\/wp\/v2\/comments?post=14929"}],"version-history":[{"count":0,"href":"https:\/\/guialimeira.com.br\/news\/wp-json\/wp\/v2\/posts\/14929\/revisions"}],"wp:featuredmedia":[{"embeddable":true,"href":"https:\/\/guialimeira.com.br\/news\/wp-json\/wp\/v2\/media\/269"}],"wp:attachment":[{"href":"https:\/\/guialimeira.com.br\/news\/wp-json\/wp\/v2\/media?parent=14929"}],"wp:term":[{"taxonomy":"category","embeddable":true,"href":"https:\/\/guialimeira.com.br\/news\/wp-json\/wp\/v2\/categories?post=14929"},{"taxonomy":"post_tag","embeddable":true,"href":"https:\/\/guialimeira.com.br\/news\/wp-json\/wp\/v2\/tags?post=14929"}],"curies":[{"name":"wp","href":"https:\/\/api.w.org\/{rel}","templated":true}]}}