{"id":14912,"date":"2024-09-30T11:15:42","date_gmt":"2024-09-30T14:15:42","guid":{"rendered":"https:\/\/guialimeira.com.br\/2024\/09\/30\/brasil-registra-um-atendimento-de-emergencia-cardiaca-por-minuto\/"},"modified":"2024-09-30T11:15:42","modified_gmt":"2024-09-30T14:15:42","slug":"brasil-registra-um-atendimento-de-emergencia-cardiaca-por-minuto","status":"publish","type":"post","link":"https:\/\/guialimeira.com.br\/news\/brasil-registra-um-atendimento-de-emergencia-cardiaca-por-minuto\/","title":{"rendered":"Brasil registra um atendimento de emerg\u00eancia card\u00edaca por minuto"},"content":{"rendered":"<p> <br \/>\n<\/p>\n<div>\n<p>A cada minuto, uma pessoa d\u00e1 entrada em um pronto-socorro do Sistema \u00danico de Sa\u00fade (SUS) com crises agudas causadas por doen\u00e7as que afetam o cora\u00e7\u00e3o, como a insufici\u00eancia card\u00edaca e o infarto agudo do mioc\u00e1rdio. Em 2023, as interna\u00e7\u00f5es decorrentes desse tipo de quadro totalizaram 641.980. O alerta \u00e9 da Associa\u00e7\u00e3o Brasileira de Medicina de Emerg\u00eancia (Abramede).<img data-recalc-dims=\"1\" decoding=\"async\" src=\"https:\/\/i0.wp.com\/agenciabrasil.ebc.com.br\/ebc.png?w=696&#038;ssl=1\" style=\"width:1px; height:1px; display:inline;\"\/><img data-recalc-dims=\"1\" decoding=\"async\" src=\"https:\/\/i0.wp.com\/agenciabrasil.ebc.com.br\/ebc.gif?w=696&#038;ssl=1\" style=\"width:1px; height:1px; display:inline;\"\/><\/p>\n<p>A entidade mapeou os principais problemas cardiovasculares registrados em hospitais p\u00fablicos brasileiros, incluindo a doen\u00e7a reum\u00e1tica cr\u00f4nica do cora\u00e7\u00e3o; o infarto agudo do mioc\u00e1rdio; as doen\u00e7as isqu\u00eamicas do cora\u00e7\u00e3o; os transtornos de condu\u00e7\u00e3o e arritmias card\u00edacas; e a insufici\u00eancia card\u00edaca.<\/p>\n<p>Para a associa\u00e7\u00e3o, os n\u00fameros demonstram ser fundamental fortalecer a infraestrutura hospitalar e capacitar continuamente equipes de emerg\u00eancia para lidar com o volume crescente e a complexidade dos casos. Ao longo desta semana, a Abramed re\u00fane cerca de 1,6 mil especialistas para tratar do tema durante o 9\u00ba Congresso Brasileiro de Medicina de Emerg\u00eancia.<\/p>\n<h2>Press\u00e3o sobre o SUS<\/h2>\n<p>Na avalia\u00e7\u00e3o da entidade, os n\u00fameros revelam \u201cforte press\u00e3o\u201d sobre emerg\u00eancias em todo o pa\u00eds. O Sudeste, regi\u00e3o mais populosa, concentrou o maior n\u00famero absoluto de interna\u00e7\u00f5es por doen\u00e7as card\u00edacas, com mais de 241 mil atendimentos desse tipo. Estados como S\u00e3o Paulo e Minas Gerais lideraram o n\u00famero de casos, com 120.142 e 80.191, respectivamente.<\/p>\n<p>No Nordeste, a press\u00e3o sobre as emerg\u00eancias tamb\u00e9m \u00e9 classificada como significativa, sobretudo em estados como Cear\u00e1 e Pernambuco, que registraram, respectivamente, 20.374 e 24.331 atendimentos de urg\u00eancia. Os n\u00fameros correspondem a mais de 90% das interna\u00e7\u00f5es por doen\u00e7as card\u00edacas nesses estados.<\/p>\n<p>No Norte, o total de atendimentos de urg\u00eancia foi de 27.460. Dentre as unidades federadas, o estado do Amazonas se destaca, com 5.899 atendimentos do tipo.<\/p>\n<p>O cen\u00e1rio mais cr\u00edtico, segundo a Abramede, est\u00e1 em Mato Grosso do Sul, onde 97% das interna\u00e7\u00f5es por doen\u00e7as card\u00edacas foram de urg\u00eancia. O estado contabilizou 10.590 interna\u00e7\u00f5es desse tipo, de um total de 10.963 atendimentos registrados em 2023 \u2013 maior percentual em todo o pa\u00eds.<\/p>\n<h2>Car\u00e1ter emergencial<\/h2>\n<p>Ainda de acordo com o levantamento, no ano passado mais de 85% das interna\u00e7\u00f5es relacionadas a doen\u00e7as card\u00edacas foram de car\u00e1ter emergencial. O infarto agudo do mioc\u00e1rdio, por exemplo, respondeu por 152 mil interna\u00e7\u00f5es de urg\u00eancia, representando 88% do total de interna\u00e7\u00f5es para essa condi\u00e7\u00e3o.<\/p>\n<p>J\u00e1 a insufici\u00eancia card\u00edaca, uma das condi\u00e7\u00f5es card\u00edacas mais comuns, registrou 194,5 mil hospitaliza\u00e7\u00f5es de emerg\u00eancia \u2013 94% do total de casos da doen\u00e7a. O quadro ocorre quando o cora\u00e7\u00e3o n\u00e3o consegue bombear sangue de forma eficiente, exigindo interven\u00e7\u00e3o emergencial para evitar desfechos graves.<\/p>\n<h2>Perfil<\/h2>\n<p>Os homens aparecem como p\u00fablico mais afetado entre pacientes internados em car\u00e1ter de urg\u00eancia, respondendo por 57% das interna\u00e7\u00f5es em 2023, enquanto as mulheres representaram 43% dos atendimentos.<\/p>\n<p>O levantamento mostra tamb\u00e9m que o risco de doen\u00e7as card\u00edacas aumenta consideravelmente conforme a idade avan\u00e7a \u2013 67% das interna\u00e7\u00f5es ocorreram em pacientes com 60 anos ou mais. Em seguida aparecem os grupos de 70 a 79 anos; de 50 a 59 anos; e de 80 anos ou mais.<\/p>\n<p>\u201cEmbora as doen\u00e7as card\u00edacas sejam majoritariamente associadas ao envelhecimento, h\u00e1 um n\u00famero consider\u00e1vel de casos de atendimentos entre adultos jovens, que frequentemente est\u00e3o expostos a h\u00e1bitos de vida prejudiciais \u00e0 sa\u00fade cardiovascular\u201d, alerta a Abramede.<\/p>\n<p>      <!-- Relacionada --><\/p>\n<p>            <!-- Relacionada -->\n    <\/div>\n<p><br \/>\n<br \/><a href=\"https:\/\/agenciabrasil.ebc.com.br\/saude\/noticia\/2024-09\/brasil-registra-um-atendimento-de-emergencia-cardiaca-por-minuto\" rel=\"noopener\">Ag\u00eancia Brasil <\/a><\/p>\n","protected":false},"excerpt":{"rendered":"<p>A cada minuto, uma pessoa d\u00e1 entrada em um pronto-socorro do Sistema \u00danico de Sa\u00fade (SUS) com crises agudas causadas por doen\u00e7as que afetam o cora\u00e7\u00e3o, como a insufici\u00eancia card\u00edaca e o infarto agudo do mioc\u00e1rdio. Em 2023, as interna\u00e7\u00f5es decorrentes desse tipo de quadro totalizaram 641.980. O alerta \u00e9 da Associa\u00e7\u00e3o Brasileira de Medicina [&hellip;]<\/p>\n","protected":false},"author":1,"featured_media":14553,"comment_status":"open","ping_status":"open","sticky":false,"template":"","format":"standard","meta":{"_jetpack_newsletter_access":"","_jetpack_dont_email_post_to_subs":false,"_jetpack_newsletter_tier_id":0,"_jetpack_memberships_contains_paywalled_content":false,"_mbp_banners":[],"_jetpack_feature_clip_id":0,"_jetpack_memberships_contains_paid_content":false,"footnotes":"","jetpack_publicize_message":"","jetpack_publicize_feature_enabled":true,"jetpack_social_post_already_shared":true,"jetpack_social_options":{"image_generator_settings":{"template":"highway","default_image_id":0,"font":"","enabled":false},"version":2},"jetpack_post_was_ever_published":false},"categories":[15],"tags":[],"class_list":["post-14912","post","type-post","status-publish","format-standard","has-post-thumbnail","category-saude"],"jetpack_publicize_connections":[],"jetpack-related-posts":[],"jetpack_shortlink":"https:\/\/wp.me\/p7Eq1F-3Sw","jetpack_sharing_enabled":true,"jetpack_featured_media_url":"https:\/\/i0.wp.com\/guialimeira.com.br\/news\/wp-content\/uploads\/2024\/09\/pronto_socorro.jpg?fit=1600%2C800&ssl=1","_links":{"self":[{"href":"https:\/\/guialimeira.com.br\/news\/wp-json\/wp\/v2\/posts\/14912","targetHints":{"allow":["GET"]}}],"collection":[{"href":"https:\/\/guialimeira.com.br\/news\/wp-json\/wp\/v2\/posts"}],"about":[{"href":"https:\/\/guialimeira.com.br\/news\/wp-json\/wp\/v2\/types\/post"}],"author":[{"embeddable":true,"href":"https:\/\/guialimeira.com.br\/news\/wp-json\/wp\/v2\/users\/1"}],"replies":[{"embeddable":true,"href":"https:\/\/guialimeira.com.br\/news\/wp-json\/wp\/v2\/comments?post=14912"}],"version-history":[{"count":0,"href":"https:\/\/guialimeira.com.br\/news\/wp-json\/wp\/v2\/posts\/14912\/revisions"}],"wp:featuredmedia":[{"embeddable":true,"href":"https:\/\/guialimeira.com.br\/news\/wp-json\/wp\/v2\/media\/14553"}],"wp:attachment":[{"href":"https:\/\/guialimeira.com.br\/news\/wp-json\/wp\/v2\/media?parent=14912"}],"wp:term":[{"taxonomy":"category","embeddable":true,"href":"https:\/\/guialimeira.com.br\/news\/wp-json\/wp\/v2\/categories?post=14912"},{"taxonomy":"post_tag","embeddable":true,"href":"https:\/\/guialimeira.com.br\/news\/wp-json\/wp\/v2\/tags?post=14912"}],"curies":[{"name":"wp","href":"https:\/\/api.w.org\/{rel}","templated":true}]}}