{"id":1491,"date":"2024-04-11T23:10:06","date_gmt":"2024-04-12T02:10:06","guid":{"rendered":"https:\/\/guialimeira.com.br\/2024\/04\/11\/lira-critica-padilha-ministro-reage-com-video-de-lula\/"},"modified":"2024-04-11T23:10:06","modified_gmt":"2024-04-12T02:10:06","slug":"lira-critica-padilha-ministro-reage-com-video-de-lula","status":"publish","type":"post","link":"https:\/\/guialimeira.com.br\/news\/lira-critica-padilha-ministro-reage-com-video-de-lula\/","title":{"rendered":"Lira critica Padilha; ministro reage com v\u00eddeo de Lula"},"content":{"rendered":"<p> <br \/>\n<\/p>\n<div>\n<p>O presidente da C\u00e2mara dos Deputados, Arthur Lira (PP-AL), criticou nesta quinta-feira (11) o ministro de Rela\u00e7\u00f5es Institucionais, Alexandre Padilha. Lira disse que Padilha \u00e9 um\u00a0\u201cdesafeto pessoal\u201d e \u201cincompetente\u201d.<img data-recalc-dims=\"1\" decoding=\"async\" src=\"https:\/\/i0.wp.com\/agenciabrasil.ebc.com.br\/ebc.png?w=696&#038;ssl=1\" style=\"width:1px; height:1px; display:inline;\"\/><img data-recalc-dims=\"1\" decoding=\"async\" src=\"https:\/\/i0.wp.com\/agenciabrasil.ebc.com.br\/ebc.gif?w=696&#038;ssl=1\" style=\"width:1px; height:1px; display:inline;\"\/><\/p>\n<p>Lira deu a declara\u00e7\u00e3o ao ser questionado por jornalistas, em evento no Paran\u00e1, se a decis\u00e3o da C\u00e2mara\u00a0de<a href=\"https:\/\/agenciabrasil.ebc.com.br\/politica\/noticia\/2024-04\/camara-decide-manter-prisao-de-deputado-chiquinho-brazao\" target=\"_blank\" rel=\"noopener\"> manter a pris\u00e3o do deputado Chiquinho Braz\u00e3o (sem partido \u2013 RJ)<\/a> indica um poss\u00edvel enfraquecimento da lideran\u00e7a dele na Casa.<\/p>\n<div class=\"dnd-widget-wrapper context-cheio_8colunas type-image\">\n<div class=\"dnd-atom-rendered\"><!-- scald=378043:cheio_8colunas {\"additionalClasses\":\"\"} --><\/p>\n<div class=\"shadow overflow-hidden rounded-lg d-block w-100\">\n            <img data-recalc-dims=\"1\" decoding=\"async\" src=\"https:\/\/i0.wp.com\/agenciabrasil.ebc.com.br\/sites\/default\/files\/thumbnails\/image\/loading_v2.gif?w=696&#038;ssl=1\" data-echo=\"https:\/\/imagens.ebc.com.br\/Buu0GFlg3F_DBaaGt0nVQq1FjT4=\/754x0\/smart\/https:\/\/agenciabrasil.ebc.com.br\/sites\/default\/files\/thumbnails\/image\/2024\/03\/26\/lula_marques-4_0.jpg?itok=PKYC89bw\" alt=\"Bras\u00edlia (DF) 26-03-2024 Presidente da C\u00e2mara dos Deputados, Arthur Lira, falando sobre a decis\u00e3o da CCJ durante coletiva. Foto Lula Marques\/ Ag\u00eancia Brasil\" title=\"Lula Marques\/ Ag\u00eancia Brasil\" class=\"flex-fill img-cover\"\/><br \/>\n        <img data-recalc-dims=\"1\" decoding=\"async\" src=\"https:\/\/i0.wp.com\/imagens.ebc.com.br\/Buu0GFlg3F_DBaaGt0nVQq1FjT4%3D\/754x0\/smart\/https%3A\/\/agenciabrasil.ebc.com.br\/sites\/default\/files\/thumbnails\/image\/2024\/03\/26\/lula_marques-4_0.jpg?w=696&#038;ssl=1\" alt=\"Bras\u00edlia (DF) 26-03-2024 Presidente da C\u00e2mara dos Deputados, Arthur Lira, falando sobre a decis\u00e3o da CCJ durante coletiva. Foto Lula Marques\/ Ag\u00eancia Brasil\" title=\"Lula Marques\/ Ag\u00eancia Brasil\" class=\"flex-fill img-cover\"\/>\n    <\/div>\n<p><!-- END scald=378043 --><\/div>\n<p><h6 class=\"meta\"><!--copyright=378043-->Bras\u00edlia\u00a0 &#8211; Presidente da C\u00e2mara dos Deputados, Arthur Lira.<strong> Foto:\u00a0Lula Marques\/ Ag\u00eancia Brasil<\/strong><!--END copyright=378043--><\/h6>\n<\/p>\n<\/div>\n<p>\u201cEssa not\u00edcia foi vazada pelo governo, basicamente do ministro Padilha, que \u00e9 um desafeto, al\u00e9m de pessoal, e incompetente. N\u00e3o existe partidariza\u00e7\u00e3o. Eu deixei bem claro que a vota\u00e7\u00e3o de ontem \u00e9 de cunho individual, cada deputado \u00e9 respons\u00e1vel pelo voto que deu. N\u00e3o teve um partido que fechasse quest\u00e3o\u201d, afirmou.<\/p>\n<p>A C\u00e2mara dos Deputados aprovou nesta quarta-feira (10) o <a href=\"https:\/\/agenciabrasil.ebc.com.br\/politica\/noticia\/2024-04\/camara-decide-manter-prisao-de-deputado-chiquinho-brazao\" target=\"_blank\" rel=\"noopener\">parecer pela manuten\u00e7\u00e3o da pris\u00e3o de Braz\u00e3o<\/a> (sem partido-RJ), suspeito de ser o mandante dos assassinatos da vereadora Marielle Franco e do motorista Anderson Gomes, em 2018.<\/p>\n<p>O parlamentar disse ainda ser \u201clament\u00e1vel que integrantes de um governo interessado na estabilidade da rela\u00e7\u00e3o harm\u00f4nica entre os Poderes fiquem plantando essas mentiras, essas not\u00edcias falsas que incomodam o Parlamento\u201d.<\/p>\n<h2>Ministro reage<\/h2>\n<p>Durante o dia, o ministro Alexandre Padilha publicou em sua conta em uma rede social um v\u00eddeo em que o presidente Luiz In\u00e1cio Lula da Silva elogia a atua\u00e7\u00e3o dele como articulador pol\u00edtico do governo.<\/p>\n<p>Sem mencionar Lira, Padilha escreveu\u00a0na postagem:\u00a0\u201cAgradecemos e estendemos esse reconhecimento de compet\u00eancia ao conjunto dos ministros e aos l\u00edderes, vice-l\u00edderes e ao conjunto do Congresso, sem os quais n\u00e3o ter\u00edamos alcan\u00e7ado os resultados elogiados pelo presidente Lula, com a aprova\u00e7\u00e3o da agenda legislativa priorit\u00e1ria para o governo e para o Brasil\u201d.<\/p>\n<p>No v\u00eddeo, Lula diz que Padilha \u00e9 o ministro com mais dura\u00e7\u00e3o em seu cargo e que ir\u00e1 continuar por sua compet\u00eancia. \u201cO Padilha possivelmente tem o cargo mais espinhoso do governo, porque ele \u00e9 o cara que lida com o Congresso nacional. [&#8230;] Essa rela\u00e7\u00e3o \u00e9 muito boa no come\u00e7o, o deputado pede alguma coisa, o senador pede alguma coisa. Voc\u00ea promete, est\u00e1 maravilhoso. Depois de algum tempo, come\u00e7a\u00a0a cobran\u00e7a e n\u00e3o tem a entrega para fazer, a\u00ed come\u00e7a o mart\u00edrio\u201d, afirmou Lula durante cerim\u00f4nia de entrega de moradias rurais, realizada nessa quarta-feira (10).<\/p>\n<div class=\"dnd-widget-wrapper context-cheio_8colunas type-image\">\n<div class=\"dnd-atom-rendered\"><!-- scald=377814:cheio_8colunas {\"additionalClasses\":\"\"} --><\/p>\n<div class=\"shadow overflow-hidden rounded-lg d-block w-100\">\n            <img data-recalc-dims=\"1\" decoding=\"async\" src=\"https:\/\/i0.wp.com\/agenciabrasil.ebc.com.br\/sites\/default\/files\/thumbnails\/image\/loading_v2.gif?w=696&#038;ssl=1\" data-echo=\"https:\/\/imagens.ebc.com.br\/pXNIphDqgtbtRfSIBgYWy-nl6NY=\/754x0\/smart\/https:\/\/agenciabrasil.ebc.com.br\/sites\/default\/files\/thumbnails\/image\/2024\/03\/25\/lula5175.jpg?itok=ArNDS_Dm\" alt=\"Bras\u00edlia (DF) 25-03-22024 Ministro Alexandre Padilha durante Coletiva no Senado Federal.  Foto Lula Marques\/ Ag\u00eancia Brasil\" title=\"Lula Marques\/ Ag\u00eancia Brasil\" class=\"flex-fill img-cover\"\/><br \/>\n        <img data-recalc-dims=\"1\" decoding=\"async\" src=\"https:\/\/i0.wp.com\/imagens.ebc.com.br\/pXNIphDqgtbtRfSIBgYWy-nl6NY%3D\/754x0\/smart\/https%3A\/\/agenciabrasil.ebc.com.br\/sites\/default\/files\/thumbnails\/image\/2024\/03\/25\/lula5175.jpg?w=696&#038;ssl=1\" alt=\"Bras\u00edlia (DF) 25-03-22024 Ministro Alexandre Padilha durante Coletiva no Senado Federal.  Foto Lula Marques\/ Ag\u00eancia Brasil\" title=\"Lula Marques\/ Ag\u00eancia Brasil\" class=\"flex-fill img-cover\"\/>\n    <\/div>\n<p><!-- END scald=377814 --><\/div>\n<p><h6 class=\"meta\"><!--copyright=377814-->Bras\u00edlia (DF) &#8211;\u00a0Ministro das Rela\u00e7\u00f5es Institucionais, Alexandre Padilha.<strong> Foto:\u00a0Lula Marques\/ Ag\u00eancia Brasil<\/strong><!--END copyright=377814--><\/h6>\n<\/p>\n<\/div>\n<h2>Pacheco<\/h2>\n<p>Questionado por jornalistas sobre a declara\u00e7\u00e3o de Lira a respeito do ministro, o presidente do Senado, Rodrigo Pacheco (PSD-MG), disse considerar Padilha &#8220;competente&#8221;.<\/p>\n<p>&#8220;Ningu\u00e9m \u00e9 perfeito, mas ningu\u00e9m \u00e9 t\u00e3o mau assim. Eu me esfor\u00e7o muito para manter uma boa rela\u00e7\u00e3o com o governo, com o pr\u00f3prio ministro Alexandre Padilha, por quem eu tenho afei\u00e7\u00e3o, tenho simpatia, e o considero tamb\u00e9m competente. Da parte do Senado Federal, vamos\u00a0buscar ter o melhor relacionamento com o governo e com o pr\u00f3prio ministro Alexandre Padilha&#8221;, afirmou em entrevista \u00e0 imprensa, em Bras\u00edlia.<\/p>\n<h2>Inc\u00f4modo com Judici\u00e1rio<\/h2>\n<p>Na entrevista, Arthur Lira avaliou que a quantidade de votos para aprova\u00e7\u00e3o da perman\u00eancia\u00a0de Braz\u00e3o no pres\u00eddio sinaliza que os deputados federais est\u00e3o incomodados com interfer\u00eancias do Judici\u00e1rio.<\/p>\n<p>Foram 277 votos favor\u00e1veis \u00e0 manuten\u00e7\u00e3o da pris\u00e3o. Eram necess\u00e1rios 257 votos, o equivalente \u00e0 maioria absoluta dos membros da C\u00e2mara.\u00a0<img data-recalc-dims=\"1\" loading=\"lazy\" decoding=\"async\" height=\"1\" src=\"https:\/\/i0.wp.com\/agenciabrasil.ebc.com.br\/politica\/noticia\/2024-04\/file%3A\/\/\/C%3A\/Users\/CAROLI~1.PIM\/AppData\/Local\/Temp\/msohtmlclip1\/01\/clip_image001.png?resize=1%2C1&#038;ssl=1\" width=\"1\"\/><img data-recalc-dims=\"1\" loading=\"lazy\" decoding=\"async\" height=\"1\" src=\"https:\/\/i0.wp.com\/agenciabrasil.ebc.com.br\/politica\/noticia\/2024-04\/file%3A\/\/\/C%3A\/Users\/CAROLI~1.PIM\/AppData\/Local\/Temp\/msohtmlclip1\/01\/clip_image001.png?resize=1%2C1&#038;ssl=1\" width=\"1\"\/><\/p>\n<p>\u201cEu penso que pela vultosa vota\u00e7\u00e3o, s\u00f3 foram 20 votos acima do m\u00ednimo, a C\u00e2mara deixou claro que est\u00e1 incomodada com algumas interfer\u00eancias do Judici\u00e1rio no seu funcionamento, sem nenhum tipo de prote\u00e7\u00e3o a criminosos\u201d, disse.<\/p>\n<\/p><\/div>\n<p><br \/>\n<br \/><a href=\"https:\/\/agenciabrasil.ebc.com.br\/politica\/noticia\/2024-04\/lira-critica-padilha-ministro-reage-com-video-de-lula\" rel=\"noopener\">Ag\u00eancia Brasil<\/a><\/p>\n","protected":false},"excerpt":{"rendered":"<p>O presidente da C\u00e2mara dos Deputados, Arthur Lira (PP-AL), criticou nesta quinta-feira (11) o ministro de Rela\u00e7\u00f5es Institucionais, Alexandre Padilha. Lira disse que Padilha \u00e9 um\u00a0\u201cdesafeto pessoal\u201d e \u201cincompetente\u201d. Lira deu a declara\u00e7\u00e3o ao ser questionado por jornalistas, em evento no Paran\u00e1, se a decis\u00e3o da C\u00e2mara\u00a0de manter a pris\u00e3o do deputado Chiquinho Braz\u00e3o (sem [&hellip;]<\/p>\n","protected":false},"author":1,"featured_media":1492,"comment_status":"open","ping_status":"open","sticky":false,"template":"","format":"standard","meta":{"_jetpack_newsletter_access":"","_jetpack_dont_email_post_to_subs":false,"_jetpack_newsletter_tier_id":0,"_jetpack_memberships_contains_paywalled_content":false,"_mbp_banners":[],"_jetpack_feature_clip_id":0,"_jetpack_memberships_contains_paid_content":false,"footnotes":"","jetpack_publicize_message":"","jetpack_publicize_feature_enabled":true,"jetpack_social_post_already_shared":true,"jetpack_social_options":{"image_generator_settings":{"template":"highway","default_image_id":0,"font":"","enabled":false},"version":2},"jetpack_post_was_ever_published":false},"categories":[22],"tags":[],"class_list":["post-1491","post","type-post","status-publish","format-standard","has-post-thumbnail","category-nacional"],"jetpack_publicize_connections":[],"jetpack-related-posts":[],"jetpack_shortlink":"https:\/\/wp.me\/p7Eq1F-o3","jetpack_sharing_enabled":true,"jetpack_featured_media_url":"https:\/\/i0.wp.com\/guialimeira.com.br\/news\/wp-content\/uploads\/2024\/04\/lula_marques-4_0.jpg?fit=1600%2C800&ssl=1","_links":{"self":[{"href":"https:\/\/guialimeira.com.br\/news\/wp-json\/wp\/v2\/posts\/1491","targetHints":{"allow":["GET"]}}],"collection":[{"href":"https:\/\/guialimeira.com.br\/news\/wp-json\/wp\/v2\/posts"}],"about":[{"href":"https:\/\/guialimeira.com.br\/news\/wp-json\/wp\/v2\/types\/post"}],"author":[{"embeddable":true,"href":"https:\/\/guialimeira.com.br\/news\/wp-json\/wp\/v2\/users\/1"}],"replies":[{"embeddable":true,"href":"https:\/\/guialimeira.com.br\/news\/wp-json\/wp\/v2\/comments?post=1491"}],"version-history":[{"count":0,"href":"https:\/\/guialimeira.com.br\/news\/wp-json\/wp\/v2\/posts\/1491\/revisions"}],"wp:featuredmedia":[{"embeddable":true,"href":"https:\/\/guialimeira.com.br\/news\/wp-json\/wp\/v2\/media\/1492"}],"wp:attachment":[{"href":"https:\/\/guialimeira.com.br\/news\/wp-json\/wp\/v2\/media?parent=1491"}],"wp:term":[{"taxonomy":"category","embeddable":true,"href":"https:\/\/guialimeira.com.br\/news\/wp-json\/wp\/v2\/categories?post=1491"},{"taxonomy":"post_tag","embeddable":true,"href":"https:\/\/guialimeira.com.br\/news\/wp-json\/wp\/v2\/tags?post=1491"}],"curies":[{"name":"wp","href":"https:\/\/api.w.org\/{rel}","templated":true}]}}