{"id":1490,"date":"2024-04-11T22:08:52","date_gmt":"2024-04-12T01:08:52","guid":{"rendered":"https:\/\/guialimeira.com.br\/2024\/04\/11\/rio-homenageia-jovem-que-resgatou-mae-e-duas-filhas-durante-temporal\/"},"modified":"2024-04-11T22:08:52","modified_gmt":"2024-04-12T01:08:52","slug":"rio-homenageia-jovem-que-resgatou-mae-e-duas-filhas-durante-temporal","status":"publish","type":"post","link":"https:\/\/guialimeira.com.br\/news\/rio-homenageia-jovem-que-resgatou-mae-e-duas-filhas-durante-temporal\/","title":{"rendered":"Rio homenageia jovem que resgatou m\u00e3e e duas filhas durante temporal"},"content":{"rendered":"<p> <br \/>\n<\/p>\n<div>\n<p>A Assembleia Legislativa do Rio de Janeiro entregou, na noite desta quarta-feira (10), a Medalha Tiradentes e uma mo\u00e7\u00e3o de aplausos e louvor a Marcos Vinicius Vasconcelos, que ficou conhecido como o &#8220;Her\u00f3i da Baixada&#8221;, por seu ato de coragem ao resgatar uma m\u00e3e e suas duas beb\u00eas de um carro arrastado pelo temporal em Nova Igua\u00e7u, na Baixada Fluminense, em fevereiro.<img data-recalc-dims=\"1\" decoding=\"async\" src=\"https:\/\/i0.wp.com\/agenciabrasil.ebc.com.br\/ebc.png?w=696&#038;ssl=1\" style=\"width:1px; height:1px; display:inline;\"\/><img data-recalc-dims=\"1\" decoding=\"async\" src=\"https:\/\/i0.wp.com\/agenciabrasil.ebc.com.br\/ebc.gif?w=696&#038;ssl=1\" style=\"width:1px; height:1px; display:inline;\"\/><\/p>\n<p>A cerim\u00f4nia foi presidida pelo deputado Felipinho Ravis (SDD), que enalteceu tamb\u00e9m o motorista do \u00f4nibus que prestou apoio durante o resgate, o parlamentar ressaltou o ato heroico do jovem. \u201cO Marcos teve uma atitude muito nobre, importante e heroica. Na Baixada, sofremos com as enchentes e h\u00e1 diversos her\u00f3is an\u00f4nimos que ajudam as pessoas&#8221;, disse. Assim que a m\u00e3e e as duas crian\u00e7as foram retiradas do ve\u00edculo, o carro\u00a0foi arrastado pela correnteza e engolido pelas \u00e1guas.<\/p>\n<p>O v\u00eddeo do resgate foi feito por uma colega de trabalho de Marcos, que estava no \u00f4nibus durante o epis\u00f3dio, e rapidamente viralizou nas redes sociais. &#8220;Na hora, a ficha n\u00e3o tinha ca\u00eddo. Eu fiquei s\u00f3 vendo a crian\u00e7a chorar e a m\u00e3e me agradecer. Eu n\u00e3o imaginava o que podia acontecer. Depois que cheguei \u00e0 minha casa que vi que estava tudo alagado e pensei que poderia ter acontecido coisa pior comigo e com as crian\u00e7as. Mas gra\u00e7as a Deus tudo deu certo'&#8221;, relatou.<\/p>\n<p>Ao receber a homenagem, Marcos Vinicius compartilhou sua experi\u00eancia ap\u00f3s o evento, mencionando os danos causados pela inunda\u00e7\u00e3o em sua pr\u00f3pria casa, bem como nas resid\u00eancias de seus parentes. Ele expressou sua gratid\u00e3o e humildade diante do t\u00edtulo de &#8220;Her\u00f3i da Baixada Fluminense&#8221;. &#8220;S\u00f3 agrade\u00e7o por esse acontecimento. Tenho planos de estudar para ser bombeiro militar\u201d, afirmou.<\/p>\n<p>A deputada Elika Takimoto (PT) destacou a import\u00e2ncia da aten\u00e7\u00e3o para as mudan\u00e7as clim\u00e1ticas, e contou que durante uma viagem ao Jap\u00e3o o prefeito de Hamamatsu exibiu a imagem desse resgate durante uma reuni\u00e3o. \u201cO Jap\u00e3o \u00e9 um local que tem muitas varia\u00e7\u00f5es de condi\u00e7\u00f5es clim\u00e1ticas, a popula\u00e7\u00e3o est\u00e1 muito preparada para esses acontecimentos, que n\u00e3o \u00e9 o nosso caso. A imagem circulou n\u00e3o s\u00f3 o Brasil, mas sim o mundo, e \u00e9 um exemplo de coragem e hero\u00edsmo\u201d, comentou a parlamentar.<\/p>\n<\/p><\/div>\n<p><br \/>\n<br \/><a href=\"https:\/\/agenciabrasil.ebc.com.br\/geral\/noticia\/2024-04\/rio-homenageia-jovem-que-resgatou-mae-e-duas-filhas-durante-temporal\" rel=\"noopener\">Ag\u00eancia Brasil<\/a><\/p>\n","protected":false},"excerpt":{"rendered":"<p>A Assembleia Legislativa do Rio de Janeiro entregou, na noite desta quarta-feira (10), a Medalha Tiradentes e uma mo\u00e7\u00e3o de aplausos e louvor a Marcos Vinicius Vasconcelos, que ficou conhecido como o &#8220;Her\u00f3i da Baixada&#8221;, por seu ato de coragem ao resgatar uma m\u00e3e e suas duas beb\u00eas de um carro arrastado pelo temporal em [&hellip;]<\/p>\n","protected":false},"author":1,"featured_media":269,"comment_status":"open","ping_status":"open","sticky":false,"template":"","format":"standard","meta":{"_jetpack_newsletter_access":"","_jetpack_dont_email_post_to_subs":false,"_jetpack_newsletter_tier_id":0,"_jetpack_memberships_contains_paywalled_content":false,"_mbp_banners":[],"_jetpack_feature_clip_id":0,"_jetpack_memberships_contains_paid_content":false,"footnotes":"","jetpack_publicize_message":"","jetpack_publicize_feature_enabled":true,"jetpack_social_post_already_shared":true,"jetpack_social_options":{"image_generator_settings":{"template":"highway","default_image_id":0,"font":"","enabled":false},"version":2},"jetpack_post_was_ever_published":false},"categories":[22],"tags":[],"class_list":["post-1490","post","type-post","status-publish","format-standard","has-post-thumbnail","category-nacional"],"jetpack_publicize_connections":[],"jetpack-related-posts":[],"jetpack_shortlink":"https:\/\/wp.me\/p7Eq1F-o2","jetpack_sharing_enabled":true,"jetpack_featured_media_url":"https:\/\/i0.wp.com\/guialimeira.com.br\/news\/wp-content\/uploads\/2024\/03\/thumb_1200x600_agbrasil.png?fit=1200%2C600&ssl=1","_links":{"self":[{"href":"https:\/\/guialimeira.com.br\/news\/wp-json\/wp\/v2\/posts\/1490","targetHints":{"allow":["GET"]}}],"collection":[{"href":"https:\/\/guialimeira.com.br\/news\/wp-json\/wp\/v2\/posts"}],"about":[{"href":"https:\/\/guialimeira.com.br\/news\/wp-json\/wp\/v2\/types\/post"}],"author":[{"embeddable":true,"href":"https:\/\/guialimeira.com.br\/news\/wp-json\/wp\/v2\/users\/1"}],"replies":[{"embeddable":true,"href":"https:\/\/guialimeira.com.br\/news\/wp-json\/wp\/v2\/comments?post=1490"}],"version-history":[{"count":0,"href":"https:\/\/guialimeira.com.br\/news\/wp-json\/wp\/v2\/posts\/1490\/revisions"}],"wp:featuredmedia":[{"embeddable":true,"href":"https:\/\/guialimeira.com.br\/news\/wp-json\/wp\/v2\/media\/269"}],"wp:attachment":[{"href":"https:\/\/guialimeira.com.br\/news\/wp-json\/wp\/v2\/media?parent=1490"}],"wp:term":[{"taxonomy":"category","embeddable":true,"href":"https:\/\/guialimeira.com.br\/news\/wp-json\/wp\/v2\/categories?post=1490"},{"taxonomy":"post_tag","embeddable":true,"href":"https:\/\/guialimeira.com.br\/news\/wp-json\/wp\/v2\/tags?post=1490"}],"curies":[{"name":"wp","href":"https:\/\/api.w.org\/{rel}","templated":true}]}}