{"id":14897,"date":"2024-09-29T13:00:52","date_gmt":"2024-09-29T16:00:52","guid":{"rendered":"https:\/\/guialimeira.com.br\/2024\/09\/29\/lula-viaja-ao-mexico-para-a-posse-da-presidente-claudia-sheinbaum\/"},"modified":"2024-09-29T13:00:52","modified_gmt":"2024-09-29T16:00:52","slug":"lula-viaja-ao-mexico-para-a-posse-da-presidente-claudia-sheinbaum","status":"publish","type":"post","link":"https:\/\/guialimeira.com.br\/news\/lula-viaja-ao-mexico-para-a-posse-da-presidente-claudia-sheinbaum\/","title":{"rendered":"Lula viaja ao M\u00e9xico para a posse da presidente Claudia Sheinbaum"},"content":{"rendered":"<p> <br \/>\n<\/p>\n<div>\n<p>O presidente Luiz In\u00e1cio Lula da Silva embarca neste domingo (29) para o M\u00e9xico, onde vai acompanhar a<a href=\"https:\/\/agenciabrasil.ebc.com.br\/internacional\/noticia\/2024-06\/mexico-primeiros-resultados-oficiais-dao-vitoria-claudia-sheinbaum\" target=\"_blank\" rel=\"noopener\"> posse de Claudia Sheinbaum como nova presidente do pa\u00eds<\/a>. A viagem ocorre dias ap\u00f3s o presidente retornar dos Estados Unidos, onde <a href=\"https:\/\/agenciabrasil.ebc.com.br\/politica\/noticia\/2024-09\/onu-lula-critica-incapacidade-de-negociacao-e-dialogo-entre-lideres\" target=\"_blank\" rel=\"noopener\">participou da Assembleia Geral da Organiza\u00e7\u00e3o das Na\u00e7\u00f5es Unidas (ONU)<\/a> em Nova York.<img data-recalc-dims=\"1\" decoding=\"async\" src=\"https:\/\/i0.wp.com\/agenciabrasil.ebc.com.br\/ebc.png?w=696&#038;ssl=1\" style=\"width:1px; height:1px; display:inline;\"\/><img data-recalc-dims=\"1\" decoding=\"async\" src=\"https:\/\/i0.wp.com\/agenciabrasil.ebc.com.br\/ebc.gif?w=696&#038;ssl=1\" style=\"width:1px; height:1px; display:inline;\"\/><\/p>\n<p>A posse de Sheinbaum ser\u00e1 no dia 1\u00ba de outubro. Aliada do atual presidente mexicano, Andr\u00e9s Manuel L\u00f3pez Obrador, ela tem 61 anos e venceu a elei\u00e7\u00e3o com cerca de 60% dos votos, tornando-se a primeira mulher a comandar o pa\u00eds.<\/p>\n<p>Em sua trajet\u00f3ria pol\u00edtica, foi secret\u00e1ria de Meio Ambiente da Cidade do M\u00e9xico e ex-prefeita da capital do pa\u00eds.<\/p>\n<p>Antes da posse, na segunda-feira (30), Lula participa de um f\u00f3rum empresarial e ainda ter\u00e1 encontro bilaterais com L\u00f3pez Obrador, que deixa o cargo, al\u00e9m da pr\u00f3pria sucessora.<\/p>\n<p>Esta ser\u00e1 a terceira visita oficial de Lula ao M\u00e9xico como presidente. Ele foi ao pa\u00eds em seus dois primeiros mandatos, em 2003 e 2007.<\/p>\n<p>Em 2023, o com\u00e9rcio bilateral entre os dois pa\u00edses alcan\u00e7ou o valor de US$ 14,1 bilh\u00f5es, o maior valor hist\u00f3rico e um aumento de 14% em rela\u00e7\u00e3o a 2022. O M\u00e9xico foi o quinto principal destino das exporta\u00e7\u00f5es brasileiras no mundo em 2023, segundo dados da Apex Brasil.<\/p>\n<p>\u00a0<\/p>\n<p>      <!-- Relacionada --><br \/>\n            <!-- Relacionada -->\n    <\/div>\n<p><br \/>\n<br \/><a href=\"https:\/\/agenciabrasil.ebc.com.br\/internacional\/noticia\/2024-09\/lula-viaja-ao-mexico-para-posse-da-presidente-claudia-sheinbaum\" rel=\"noopener\">Ag\u00eancia Brasil <\/a><\/p>\n","protected":false},"excerpt":{"rendered":"<p>O presidente Luiz In\u00e1cio Lula da Silva embarca neste domingo (29) para o M\u00e9xico, onde vai acompanhar a posse de Claudia Sheinbaum como nova presidente do pa\u00eds. A viagem ocorre dias ap\u00f3s o presidente retornar dos Estados Unidos, onde participou da Assembleia Geral da Organiza\u00e7\u00e3o das Na\u00e7\u00f5es Unidas (ONU) em Nova York. A posse de [&hellip;]<\/p>\n","protected":false},"author":1,"featured_media":7858,"comment_status":"open","ping_status":"open","sticky":false,"template":"","format":"standard","meta":{"_jetpack_newsletter_access":"","_jetpack_dont_email_post_to_subs":false,"_jetpack_newsletter_tier_id":0,"_jetpack_memberships_contains_paywalled_content":false,"_mbp_banners":[],"_jetpack_feature_clip_id":0,"_jetpack_memberships_contains_paid_content":false,"footnotes":"","jetpack_publicize_message":"","jetpack_publicize_feature_enabled":true,"jetpack_social_post_already_shared":true,"jetpack_social_options":{"image_generator_settings":{"template":"highway","default_image_id":0,"font":"","enabled":false},"version":2},"jetpack_post_was_ever_published":false},"categories":[25],"tags":[],"class_list":["post-14897","post","type-post","status-publish","format-standard","has-post-thumbnail","category-internacional"],"jetpack_publicize_connections":[],"jetpack-related-posts":[],"jetpack_shortlink":"https:\/\/wp.me\/p7Eq1F-3Sh","jetpack_sharing_enabled":true,"jetpack_featured_media_url":"https:\/\/i0.wp.com\/guialimeira.com.br\/news\/wp-content\/uploads\/2024\/06\/2024-05-31t122742z_502662492_rc2k08a1vcyb_rtrmadp_3_mexico-election-sheinbaum.jpg?fit=1600%2C800&ssl=1","_links":{"self":[{"href":"https:\/\/guialimeira.com.br\/news\/wp-json\/wp\/v2\/posts\/14897","targetHints":{"allow":["GET"]}}],"collection":[{"href":"https:\/\/guialimeira.com.br\/news\/wp-json\/wp\/v2\/posts"}],"about":[{"href":"https:\/\/guialimeira.com.br\/news\/wp-json\/wp\/v2\/types\/post"}],"author":[{"embeddable":true,"href":"https:\/\/guialimeira.com.br\/news\/wp-json\/wp\/v2\/users\/1"}],"replies":[{"embeddable":true,"href":"https:\/\/guialimeira.com.br\/news\/wp-json\/wp\/v2\/comments?post=14897"}],"version-history":[{"count":0,"href":"https:\/\/guialimeira.com.br\/news\/wp-json\/wp\/v2\/posts\/14897\/revisions"}],"wp:featuredmedia":[{"embeddable":true,"href":"https:\/\/guialimeira.com.br\/news\/wp-json\/wp\/v2\/media\/7858"}],"wp:attachment":[{"href":"https:\/\/guialimeira.com.br\/news\/wp-json\/wp\/v2\/media?parent=14897"}],"wp:term":[{"taxonomy":"category","embeddable":true,"href":"https:\/\/guialimeira.com.br\/news\/wp-json\/wp\/v2\/categories?post=14897"},{"taxonomy":"post_tag","embeddable":true,"href":"https:\/\/guialimeira.com.br\/news\/wp-json\/wp\/v2\/tags?post=14897"}],"curies":[{"name":"wp","href":"https:\/\/api.w.org\/{rel}","templated":true}]}}