{"id":14877,"date":"2024-09-28T18:42:49","date_gmt":"2024-09-28T21:42:49","guid":{"rendered":"https:\/\/guialimeira.com.br\/2024\/09\/28\/brasil-dialoga-com-libano-sobre-possivel-repatriacao-de-brasileiros\/"},"modified":"2024-09-28T18:42:49","modified_gmt":"2024-09-28T21:42:49","slug":"brasil-dialoga-com-libano-sobre-possivel-repatriacao-de-brasileiros","status":"publish","type":"post","link":"https:\/\/guialimeira.com.br\/news\/brasil-dialoga-com-libano-sobre-possivel-repatriacao-de-brasileiros\/","title":{"rendered":"Brasil dialoga com L\u00edbano sobre poss\u00edvel repatria\u00e7\u00e3o de brasileiros"},"content":{"rendered":"<p> <br \/>\n<\/p>\n<div>\n<p>O ministro das Rela\u00e7\u00f5es Exteriores, Mauro Vieira, discutiu neste s\u00e1bado (28) com o chanceler do L\u00edbano, Abdallah Bou Habib, a situa\u00e7\u00e3o de brasileiros que vivem no pa\u00eds e um poss\u00edvel plano de repatria\u00e7\u00e3o em meio \u00e0 escalada dos conflitos na regi\u00e3o.<img data-recalc-dims=\"1\" decoding=\"async\" src=\"https:\/\/i0.wp.com\/agenciabrasil.ebc.com.br\/ebc.png?w=696&#038;ssl=1\" style=\"width:1px; height:1px; display:inline;\"\/><img data-recalc-dims=\"1\" decoding=\"async\" src=\"https:\/\/i0.wp.com\/agenciabrasil.ebc.com.br\/ebc.gif?w=696&#038;ssl=1\" style=\"width:1px; height:1px; display:inline;\"\/><\/p>\n<p>O encontro aconteceu em Nova York, onde Mauro Vieira e Abdallah Bou Habib participam da Assembleia Geral das Na\u00e7\u00f5es Unidas.<\/p>\n<p>Em nota, o Itamaraty informou que a conversa entre os chanceleres abordou os ataques a\u00e9reos recentes feitos por Israel em territ\u00f3rio liban\u00eas e os impactos desse cen\u00e1rio para a comunidade brasileira radicada no pa\u00eds.<\/p>\n<p>\u201cMauro Vieira informou ao chanceler liban\u00eas sobre o trabalho da embaixada [do Brasil] em Beirute de assist\u00eancia e orienta\u00e7\u00e3o \u00e0 comunidade e de recomenda\u00e7\u00f5es vinculadas \u00e0 situa\u00e7\u00e3o de seguran\u00e7a naquele pa\u00eds\u201d, destacou a pasta, <a href=\"https:\/\/bsky.app\/profile\/itamaratygovbr.bsky.social\/post\/3l5a5ctzv4v2p\" target=\"_blank\" rel=\"noopener\">em post na rede social Bluesky<\/a>.<\/p>\n<p>A maior comunidade de brasileiros vivendo no Oriente M\u00e9dio atualmente est\u00e1 no L\u00edbano. Ao todo, 21 mil brasileiros vivem no pa\u00eds. A imigra\u00e7\u00e3o libanesa no Brasil tamb\u00e9m \u00e9 forte. Estima-se que 3,2 milh\u00f5es de libaneses ou descendentes de libaneses vivam no Brasil.<\/p>\n<h2>S\u00edria<\/h2>\n<p>Fontes do Itamaraty informaram \u00e0 <strong>Ag\u00eancia Brasil<\/strong> que, al\u00e9m do L\u00edbano, o governo brasileiro tamb\u00e9m dialoga com a S\u00edria sobre uma poss\u00edvel repatria\u00e7\u00e3o de brasileiros afetados pelos conflitos crescentes na regi\u00e3o.<\/p>\n<p>Neste s\u00e1bado (28), Israel confirmou que o chefe do grupo palestino Hamas na S\u00edria, Ahmad Muhammad Fahd, <a href=\"https:\/\/agenciabrasil.ebc.com.br\/internacional\/noticia\/2024-09\/ataque-de-israel-em-beirute-mata-hassan-nasrallah-lider-do-hezbollah\" target=\"_blank\" rel=\"noopener\">foi morto durante um ataque<\/a> israelense nesta sexta-feira (27).<\/p>\n<p>\u201cO terrorista foi eliminado enquanto planejava realizar um ataque terrorista iminente\u201d, informaram as For\u00e7as Armadas de Israel na nota.<\/p>\n<p>      <!-- Relacionada --><\/p>\n<p>            <!-- Relacionada -->\n    <\/div>\n<p><br \/>\n<br \/><a href=\"https:\/\/agenciabrasil.ebc.com.br\/internacional\/noticia\/2024-09\/brasil-dialoga-com-libano-sobre-possivel-repatriacao-de-brasileiros\" rel=\"noopener\">Ag\u00eancia Brasil <\/a><\/p>\n","protected":false},"excerpt":{"rendered":"<p>O ministro das Rela\u00e7\u00f5es Exteriores, Mauro Vieira, discutiu neste s\u00e1bado (28) com o chanceler do L\u00edbano, Abdallah Bou Habib, a situa\u00e7\u00e3o de brasileiros que vivem no pa\u00eds e um poss\u00edvel plano de repatria\u00e7\u00e3o em meio \u00e0 escalada dos conflitos na regi\u00e3o. O encontro aconteceu em Nova York, onde Mauro Vieira e Abdallah Bou Habib participam [&hellip;]<\/p>\n","protected":false},"author":1,"featured_media":14878,"comment_status":"open","ping_status":"open","sticky":false,"template":"","format":"standard","meta":{"_jetpack_newsletter_access":"","_jetpack_dont_email_post_to_subs":false,"_jetpack_newsletter_tier_id":0,"_jetpack_memberships_contains_paywalled_content":false,"_mbp_banners":[],"_jetpack_feature_clip_id":0,"_jetpack_memberships_contains_paid_content":false,"footnotes":"","jetpack_publicize_message":"","jetpack_publicize_feature_enabled":true,"jetpack_social_post_already_shared":true,"jetpack_social_options":{"image_generator_settings":{"template":"highway","default_image_id":0,"font":"","enabled":false},"version":2},"jetpack_post_was_ever_published":false},"categories":[25],"tags":[],"class_list":["post-14877","post","type-post","status-publish","format-standard","has-post-thumbnail","category-internacional"],"jetpack_publicize_connections":[],"jetpack-related-posts":[],"jetpack_shortlink":"https:\/\/wp.me\/p7Eq1F-3RX","jetpack_sharing_enabled":true,"jetpack_featured_media_url":"https:\/\/i0.wp.com\/guialimeira.com.br\/news\/wp-content\/uploads\/2024\/09\/mauro-vieira-ministro-portugal_mcamgo_abr_14122023-11.jpg?fit=1600%2C800&ssl=1","_links":{"self":[{"href":"https:\/\/guialimeira.com.br\/news\/wp-json\/wp\/v2\/posts\/14877","targetHints":{"allow":["GET"]}}],"collection":[{"href":"https:\/\/guialimeira.com.br\/news\/wp-json\/wp\/v2\/posts"}],"about":[{"href":"https:\/\/guialimeira.com.br\/news\/wp-json\/wp\/v2\/types\/post"}],"author":[{"embeddable":true,"href":"https:\/\/guialimeira.com.br\/news\/wp-json\/wp\/v2\/users\/1"}],"replies":[{"embeddable":true,"href":"https:\/\/guialimeira.com.br\/news\/wp-json\/wp\/v2\/comments?post=14877"}],"version-history":[{"count":0,"href":"https:\/\/guialimeira.com.br\/news\/wp-json\/wp\/v2\/posts\/14877\/revisions"}],"wp:featuredmedia":[{"embeddable":true,"href":"https:\/\/guialimeira.com.br\/news\/wp-json\/wp\/v2\/media\/14878"}],"wp:attachment":[{"href":"https:\/\/guialimeira.com.br\/news\/wp-json\/wp\/v2\/media?parent=14877"}],"wp:term":[{"taxonomy":"category","embeddable":true,"href":"https:\/\/guialimeira.com.br\/news\/wp-json\/wp\/v2\/categories?post=14877"},{"taxonomy":"post_tag","embeddable":true,"href":"https:\/\/guialimeira.com.br\/news\/wp-json\/wp\/v2\/tags?post=14877"}],"curies":[{"name":"wp","href":"https:\/\/api.w.org\/{rel}","templated":true}]}}