{"id":14872,"date":"2024-09-28T16:33:43","date_gmt":"2024-09-28T19:33:43","guid":{"rendered":"https:\/\/guialimeira.com.br\/2024\/09\/28\/saude-quer-imunizar-28-milhoes-de-animais-contra-raiva-em-todo-o-pais\/"},"modified":"2024-09-28T16:33:43","modified_gmt":"2024-09-28T19:33:43","slug":"saude-quer-imunizar-28-milhoes-de-animais-contra-raiva-em-todo-o-pais","status":"publish","type":"post","link":"https:\/\/guialimeira.com.br\/news\/saude-quer-imunizar-28-milhoes-de-animais-contra-raiva-em-todo-o-pais\/","title":{"rendered":"Sa\u00fade quer imunizar 28 milh\u00f5es de animais contra raiva em todo o pa\u00eds"},"content":{"rendered":"<p> <br \/>\n<\/p>\n<div>\n<p>No Dia Mundial Contra a Raiva, lembrado neste s\u00e1bado (28), o Minist\u00e9rio da Sa\u00fade informou que pretende imunizar 28 milh\u00f5es de c\u00e3es e gatos em todas as unidades da Federa\u00e7\u00e3o. O n\u00famero engloba vacina\u00e7\u00e3o de rotina, bloqueio de foco e imuniza\u00e7\u00e3o por meio de campanha nos 22 estados e no Distrito Federal.<img data-recalc-dims=\"1\" decoding=\"async\" src=\"https:\/\/i0.wp.com\/agenciabrasil.ebc.com.br\/ebc.png?w=696&#038;ssl=1\" style=\"width:1px; height:1px; display:inline;\"\/><img data-recalc-dims=\"1\" decoding=\"async\" src=\"https:\/\/i0.wp.com\/agenciabrasil.ebc.com.br\/ebc.gif?w=696&#038;ssl=1\" style=\"width:1px; height:1px; display:inline;\"\/><\/p>\n<p>Em nota, a pasta detalhou que a proposta \u00e9 eliminar a raiva mediada por c\u00e3es, garantindo a prote\u00e7\u00e3o tanto da popula\u00e7\u00e3o, quanto de animais de estima\u00e7\u00e3o, estrat\u00e9gia considerada fundamental para a preven\u00e7\u00e3o de surtos da doen\u00e7a. O pa\u00eds n\u00e3o registra casos humanos de raiva mediados por c\u00e3es desde 2015.<\/p>\n<h2>Doses<\/h2>\n<p>Este ano, o minist\u00e9rio informou ter distribu\u00eddo aos estados e munic\u00edpios 1.355.260 doses da vacina contra a raiva humana. At\u00e9 12 de setembro, 669.578 delas haviam sido aplicadas.<\/p>\n<p>J\u00e1 para a campanha de vacina\u00e7\u00e3o contra a raiva canina e felina, at\u00e9 o momento, foram distribu\u00eddas 23.802.350 doses.\u00a0<\/p>\n<h2>Hist\u00f3rico<\/h2>\n<p>De acordo com a pasta, ao longo dos \u00faltimos anos, o predom\u00ednio de casos humanos no Brasil, classificados como espor\u00e1dicos e acidentais, est\u00e1 relacionado ao ciclo silvestre da raiva, onde a transmiss\u00e3o ocorre principalmente por meio de morcegos, saguis e raposas.\u00a0<\/p>\n<p>\u201cCampanhas anuais em \u00e1reas de maior risco e bloqueios de foco mostraram-se instrumento de controle de raiva canina e felina, alcan\u00e7ando significativa redu\u00e7\u00e3o nos casos de raiva humana transmitida por esses animais, com o \u00faltimo caso humano mediado por c\u00e3es registrado h\u00e1 oito anos.\u201d<\/p>\n<p>Dados da pasta mostram que, entre 1999 a 2024, o Brasil saiu de 1.200 casos de raiva canina para apenas dez casos, todos com variantes de animais silvestres.<\/p>\n<h2>Doen\u00e7a<\/h2>\n<p>A raiva \u00e9 uma doen\u00e7a infecciosa viral aguda grave que acomete mam\u00edferos, inclusive o homem. Ela \u00e9 considerada de extrema import\u00e2ncia para a sa\u00fade p\u00fablica, uma vez que a letalidade se aproximada de 100%, al\u00e9m de ser uma enfermidade pass\u00edvel de elimina\u00e7\u00e3o no ciclo urbano e da exist\u00eancia de medidas eficientes de preven\u00e7\u00e3o, como a vacina\u00e7\u00e3o humana e animal, a disponibiliza\u00e7\u00e3o de soro antirr\u00e1bico humano e a realiza\u00e7\u00e3o de bloqueios de foco.<\/p>\n<p>A raiva \u00e9 transmitida ao homem pela saliva de animais infectados, principalmente por meio da mordedura, mas tamb\u00e9m pela arranhadura e pela lambedura desses animais. O per\u00edodo de incuba\u00e7\u00e3o varia entre as esp\u00e9cies, desde dias at\u00e9 anos, com uma m\u00e9dia de 45 dias no ser humano, podendo ser mais curto em crian\u00e7as.<\/p>\n<p>O per\u00edodo de incuba\u00e7\u00e3o est\u00e1 relacionado \u00e0 localiza\u00e7\u00e3o, extens\u00e3o e profundidade da mordedura, arranhadura, lambedura; da proximidade da porta de entrada do v\u00edrus com o c\u00e9rebro e os troncos nervosos; e da concentra\u00e7\u00e3o de part\u00edculas virais inoculadas e cepa viral.<\/p>\n<p>Ap\u00f3s o per\u00edodo de incuba\u00e7\u00e3o, surgem sinais e sintomas que duram, em m\u00e9dia, de dois a dez\u00a0dias. Nesse per\u00edodo, o paciente apresenta:\u00a0mal-estar geral;\u00a0pequeno aumento de temperatura;\u00a0anorexia;\u00a0cefaleia;\u00a0n\u00e1useas;\u00a0dor de garganta;\u00a0entorpecimento;\u00a0irritabilidade;\u00a0inquietude; e\u00a0sensa\u00e7\u00e3o de ang\u00fastia.<\/p>\n<p>Em c\u00e3es e gatos, a elimina\u00e7\u00e3o de v\u00edrus pela saliva ocorre de dois a cinco dias antes do aparecimento de sinais cl\u00ednicos e persiste durante toda a evolu\u00e7\u00e3o da doen\u00e7a (per\u00edodo de transmissibilidade). A morte do animal acontece, em m\u00e9dia, entre cinco e sete dias ap\u00f3s a apresenta\u00e7\u00e3o dos sintomas.\u00a0<\/p>\n<p>N\u00e3o se sabe ao certo qual o per\u00edodo de transmissibilidade do v\u00edrus em animais silvestres. Entretanto, sabe-se que os morcegos podem carregar o v\u00edrus por longos per\u00edodos, sem sintomatologia aparente, sendo atualmente o principal animal transmissor de raiva para a popula\u00e7\u00e3o, principalmente em locais remotos.\u00a0<\/p>\n<p>      <!-- Relacionada --><\/p>\n<p>            <!-- Relacionada -->\n    <\/div>\n<p><br \/>\n<br \/><a href=\"https:\/\/agenciabrasil.ebc.com.br\/saude\/noticia\/2024-09\/saude-quer-imunizar-28-milhoes-de-animais-contra-raiva\" rel=\"noopener\">Ag\u00eancia Brasil <\/a><\/p>\n","protected":false},"excerpt":{"rendered":"<p>No Dia Mundial Contra a Raiva, lembrado neste s\u00e1bado (28), o Minist\u00e9rio da Sa\u00fade informou que pretende imunizar 28 milh\u00f5es de c\u00e3es e gatos em todas as unidades da Federa\u00e7\u00e3o. O n\u00famero engloba vacina\u00e7\u00e3o de rotina, bloqueio de foco e imuniza\u00e7\u00e3o por meio de campanha nos 22 estados e no Distrito Federal. Em nota, a [&hellip;]<\/p>\n","protected":false},"author":1,"featured_media":10286,"comment_status":"open","ping_status":"open","sticky":false,"template":"","format":"standard","meta":{"_jetpack_newsletter_access":"","_jetpack_dont_email_post_to_subs":false,"_jetpack_newsletter_tier_id":0,"_jetpack_memberships_contains_paywalled_content":false,"_mbp_banners":[],"_jetpack_feature_clip_id":0,"_jetpack_memberships_contains_paid_content":false,"footnotes":"","jetpack_publicize_message":"","jetpack_publicize_feature_enabled":true,"jetpack_social_post_already_shared":true,"jetpack_social_options":{"image_generator_settings":{"template":"highway","default_image_id":0,"font":"","enabled":false},"version":2},"jetpack_post_was_ever_published":false},"categories":[15],"tags":[],"class_list":["post-14872","post","type-post","status-publish","format-standard","has-post-thumbnail","category-saude"],"jetpack_publicize_connections":[],"jetpack-related-posts":[],"jetpack_shortlink":"https:\/\/wp.me\/p7Eq1F-3RS","jetpack_sharing_enabled":true,"jetpack_featured_media_url":"https:\/\/i0.wp.com\/guialimeira.com.br\/news\/wp-content\/uploads\/2024\/07\/vac_abr0509234177.jpg?fit=1600%2C800&ssl=1","_links":{"self":[{"href":"https:\/\/guialimeira.com.br\/news\/wp-json\/wp\/v2\/posts\/14872","targetHints":{"allow":["GET"]}}],"collection":[{"href":"https:\/\/guialimeira.com.br\/news\/wp-json\/wp\/v2\/posts"}],"about":[{"href":"https:\/\/guialimeira.com.br\/news\/wp-json\/wp\/v2\/types\/post"}],"author":[{"embeddable":true,"href":"https:\/\/guialimeira.com.br\/news\/wp-json\/wp\/v2\/users\/1"}],"replies":[{"embeddable":true,"href":"https:\/\/guialimeira.com.br\/news\/wp-json\/wp\/v2\/comments?post=14872"}],"version-history":[{"count":0,"href":"https:\/\/guialimeira.com.br\/news\/wp-json\/wp\/v2\/posts\/14872\/revisions"}],"wp:featuredmedia":[{"embeddable":true,"href":"https:\/\/guialimeira.com.br\/news\/wp-json\/wp\/v2\/media\/10286"}],"wp:attachment":[{"href":"https:\/\/guialimeira.com.br\/news\/wp-json\/wp\/v2\/media?parent=14872"}],"wp:term":[{"taxonomy":"category","embeddable":true,"href":"https:\/\/guialimeira.com.br\/news\/wp-json\/wp\/v2\/categories?post=14872"},{"taxonomy":"post_tag","embeddable":true,"href":"https:\/\/guialimeira.com.br\/news\/wp-json\/wp\/v2\/tags?post=14872"}],"curies":[{"name":"wp","href":"https:\/\/api.w.org\/{rel}","templated":true}]}}