{"id":14868,"date":"2024-09-28T15:39:46","date_gmt":"2024-09-28T18:39:46","guid":{"rendered":"https:\/\/guialimeira.com.br\/2024\/09\/28\/ataque-de-israel-em-beirute-mata-hassan-nasrallah-lider-do-hezbollah\/"},"modified":"2024-09-28T15:39:46","modified_gmt":"2024-09-28T18:39:46","slug":"ataque-de-israel-em-beirute-mata-hassan-nasrallah-lider-do-hezbollah","status":"publish","type":"post","link":"https:\/\/guialimeira.com.br\/news\/ataque-de-israel-em-beirute-mata-hassan-nasrallah-lider-do-hezbollah\/","title":{"rendered":"Ataque de Israel em Beirute mata Hassan Nasrallah, l\u00edder do Hezbollah"},"content":{"rendered":"<p> <br \/>\n<\/p>\n<div>\n<p>O Ex\u00e9rcito de Israel matou o l\u00edder do Hezbollah, Sayyed Hassan Nasrallah, em um ataque a\u00e9reo em Beirute, desferindo um duro golpe no grupo apoiado pelo Ir\u00e3, que se recupera de uma crescente campanha de ataques israelenses.<img data-recalc-dims=\"1\" decoding=\"async\" src=\"https:\/\/i0.wp.com\/agenciabrasil.ebc.com.br\/ebc.png?w=696&#038;ssl=1\" style=\"width:1px; height:1px; display:inline;\"\/><img data-recalc-dims=\"1\" decoding=\"async\" src=\"https:\/\/i0.wp.com\/agenciabrasil.ebc.com.br\/ebc.gif?w=696&#038;ssl=1\" style=\"width:1px; height:1px; display:inline;\"\/><\/p>\n<p>Israel informou neste s\u00e1bado (28) que eliminou Nasrallah no ataque ao quartel-general do comando central do grupo, nos sub\u00farbios ao sul de Beirute, na sexta-feira (27). O Hezbollah confirmou que ele foi morto, sem dizer como.<\/p>\n<p>A morte do l\u00edder n\u00e3o \u00e9 apenas um duro golpe para o Hezbollah, mas tamb\u00e9m para o Ir\u00e3, removendo um aliado influente que ajudou a transformar o Hezbollah no eixo de grupos aliados de Teer\u00e3 no mundo \u00e1rabe.<\/p>\n<p>Um membro s\u00eanior da Guarda Revolucion\u00e1ria do Ir\u00e3, o vice-comandante Abbas Nilforoushan, tamb\u00e9m foi morto em ataques israelenses em Beirute, informou a m\u00eddia iraniana neste s\u00e1bado.<\/p>\n<p>Em comunicado, o Hezbollah disse que continuaria sua batalha contra Israel &#8220;em apoio a Gaza e \u00e0 Palestina, e em defesa do L\u00edbano e do seu povo firme e honrado&#8221;.<\/p>\n<p>A TV Al-Manar do Hezbollah transmitiu versos do Alcor\u00e3o ap\u00f3s o an\u00fancio da morte. Rajadas de tiros foram ouvidas em Beirute.<\/p>\n<h2>Ataque<\/h2>\n<p>O ataque a\u00e9reo de sexta-feira \u2013 uma sucess\u00e3o de explos\u00f5es extremamente poderosas que deixaram uma cratera de pelo menos 20 metros de profundidade \u2013 abalou Beirute. Israel realizou novos ataques a\u00e9reos na \u00e1rea e de forma mais ampla no L\u00edbano neste s\u00e1bado.<\/p>\n<p>O Ex\u00e9rcito de Israel havia dito anteriormente que Nasrallah foi eliminado em um &#8220;ataque direcionado&#8221; \u00e0 sede subterr\u00e2nea do grupo, sob um edif\u00edcio residencial em Dahiyeh \u2013 sub\u00farbio ao sul de Beirute controlado pelo Hezbollah.<\/p>\n<p>Afirmou ainda que ele foi morto junto com outro l\u00edder importante do Hezbollah, Ali Karaki, e outros comandantes.<\/p>\n<p>&#8220;O ataque foi conduzido enquanto a alta cadeia de comando do Hezbollah operava a partir do quartel-general e promovia atividades terroristas contra os cidad\u00e3os do Estado de Israel&#8221;, declarou.<\/p>\n<p>A morte de Nasrallah \u00e9, de longe, o golpe mais significativo em um per\u00edodo devastador para o Hezbollah, que come\u00e7ou h\u00e1 cerca de 15 dias <a href=\"https:\/\/agenciabrasil.ebc.com.br\/internacional\/noticia\/2024-09\/radios-portateis-do-hezbollah-sao-detonados-em-todo-o-libano\" target=\"_blank\" rel=\"noopener\">com a explos\u00e3o de milhares de dispositivos<\/a> de comunica\u00e7\u00f5es sem fio utilizados pelos seus membros.<\/p>\n<p>Israel tamb\u00e9m intensificou significativamente os ataques a\u00e9reos no L\u00edbano, matando v\u00e1rios comandantes importantes do Hezbollah e centenas de outras pessoas em vastas \u00e1reas do pa\u00eds.<\/p>\n<p><em>*Reportagem adicional de Timour Azhari, Laila Bassam, Tom Perry, James Mackenzie, Ari Rabinovitch, Jana Choukeir, Nadine Awadalla, Adam Makary, Jaidaa Taha, Clauda Tanios e Tala Ramadan<\/em><\/p>\n<p>      <!-- Relacionada --><\/p>\n<p>            <!-- Relacionada -->\n    <\/div>\n<p><br \/>\n<br \/><a href=\"https:\/\/agenciabrasil.ebc.com.br\/internacional\/noticia\/2024-09\/ataque-de-israel-em-beirute-mata-hassan-nasrallah-lider-do-hezbollah\" rel=\"noopener\">Ag\u00eancia Brasil <\/a><\/p>\n","protected":false},"excerpt":{"rendered":"<p>O Ex\u00e9rcito de Israel matou o l\u00edder do Hezbollah, Sayyed Hassan Nasrallah, em um ataque a\u00e9reo em Beirute, desferindo um duro golpe no grupo apoiado pelo Ir\u00e3, que se recupera de uma crescente campanha de ataques israelenses. Israel informou neste s\u00e1bado (28) que eliminou Nasrallah no ataque ao quartel-general do comando central do grupo, nos [&hellip;]<\/p>\n","protected":false},"author":1,"featured_media":14869,"comment_status":"open","ping_status":"open","sticky":false,"template":"","format":"standard","meta":{"_jetpack_newsletter_access":"","_jetpack_dont_email_post_to_subs":false,"_jetpack_newsletter_tier_id":0,"_jetpack_memberships_contains_paywalled_content":false,"_mbp_banners":[],"_jetpack_feature_clip_id":0,"_jetpack_memberships_contains_paid_content":false,"footnotes":"","jetpack_publicize_message":"","jetpack_publicize_feature_enabled":true,"jetpack_social_post_already_shared":true,"jetpack_social_options":{"image_generator_settings":{"template":"highway","default_image_id":0,"font":"","enabled":false},"version":2},"jetpack_post_was_ever_published":false},"categories":[25],"tags":[],"class_list":["post-14868","post","type-post","status-publish","format-standard","has-post-thumbnail","category-internacional"],"jetpack_publicize_connections":[],"jetpack-related-posts":[],"jetpack_shortlink":"https:\/\/wp.me\/p7Eq1F-3RO","jetpack_sharing_enabled":true,"jetpack_featured_media_url":"https:\/\/i0.wp.com\/guialimeira.com.br\/news\/wp-content\/uploads\/2024\/09\/2024-09-28t153724z_1_lynxmpek8r063_rtroptp_4_lebanon-hezbollah-nasrallah.jpg?fit=1600%2C800&ssl=1","_links":{"self":[{"href":"https:\/\/guialimeira.com.br\/news\/wp-json\/wp\/v2\/posts\/14868","targetHints":{"allow":["GET"]}}],"collection":[{"href":"https:\/\/guialimeira.com.br\/news\/wp-json\/wp\/v2\/posts"}],"about":[{"href":"https:\/\/guialimeira.com.br\/news\/wp-json\/wp\/v2\/types\/post"}],"author":[{"embeddable":true,"href":"https:\/\/guialimeira.com.br\/news\/wp-json\/wp\/v2\/users\/1"}],"replies":[{"embeddable":true,"href":"https:\/\/guialimeira.com.br\/news\/wp-json\/wp\/v2\/comments?post=14868"}],"version-history":[{"count":0,"href":"https:\/\/guialimeira.com.br\/news\/wp-json\/wp\/v2\/posts\/14868\/revisions"}],"wp:featuredmedia":[{"embeddable":true,"href":"https:\/\/guialimeira.com.br\/news\/wp-json\/wp\/v2\/media\/14869"}],"wp:attachment":[{"href":"https:\/\/guialimeira.com.br\/news\/wp-json\/wp\/v2\/media?parent=14868"}],"wp:term":[{"taxonomy":"category","embeddable":true,"href":"https:\/\/guialimeira.com.br\/news\/wp-json\/wp\/v2\/categories?post=14868"},{"taxonomy":"post_tag","embeddable":true,"href":"https:\/\/guialimeira.com.br\/news\/wp-json\/wp\/v2\/tags?post=14868"}],"curies":[{"name":"wp","href":"https:\/\/api.w.org\/{rel}","templated":true}]}}