{"id":14859,"date":"2024-09-28T14:31:41","date_gmt":"2024-09-28T17:31:41","guid":{"rendered":"https:\/\/guialimeira.com.br\/2024\/09\/28\/regiao-norte-tem-dia-d-de-vacinacao-contra-a-influenza-neste-sabado\/"},"modified":"2024-09-28T14:31:41","modified_gmt":"2024-09-28T17:31:41","slug":"regiao-norte-tem-dia-d-de-vacinacao-contra-a-influenza-neste-sabado","status":"publish","type":"post","link":"https:\/\/guialimeira.com.br\/news\/regiao-norte-tem-dia-d-de-vacinacao-contra-a-influenza-neste-sabado\/","title":{"rendered":"Regi\u00e3o Norte tem Dia D de vacina\u00e7\u00e3o contra a influenza neste s\u00e1bado"},"content":{"rendered":"<p> <br \/>\n<\/p>\n<div>\n<p>Estados da Regi\u00e3o Norte do pa\u00eds realizam neste s\u00e1bado (28) o Dia D de Mobiliza\u00e7\u00e3o da Campanha de Vacina\u00e7\u00e3o contra a Influenza. A proposta, de acordo com o Minist\u00e9rio da Sa\u00fade, \u00e9 imunizar a popula\u00e7\u00e3o e reduzir a incid\u00eancia de casos graves da doen\u00e7a. Os grupos-alvo definidos pela pasta para receber a dose incluem:<img data-recalc-dims=\"1\" decoding=\"async\" src=\"https:\/\/i0.wp.com\/agenciabrasil.ebc.com.br\/ebc.png?w=696&#038;ssl=1\" style=\"width:1px; height:1px; display:inline;\"\/><img data-recalc-dims=\"1\" decoding=\"async\" src=\"https:\/\/i0.wp.com\/agenciabrasil.ebc.com.br\/ebc.gif?w=696&#038;ssl=1\" style=\"width:1px; height:1px; display:inline;\"\/><\/p>\n<p>&#8211; crian\u00e7as de 6 meses a menores de 6 anos (5 anos, 11 meses e 29 dias);<\/p>\n<p>&#8211; trabalhadores da sa\u00fade;<\/p>\n<p>&#8211; gestantes;<\/p>\n<p>&#8211; professores do ensino b\u00e1sico e do ensino superior;<\/p>\n<p>&#8211; povos ind\u00edgenas;<\/p>\n<p>&#8211; idosos com 60 anos ou mais;<\/p>\n<p>&#8211; pessoas em situa\u00e7\u00e3o de rua;<\/p>\n<p>&#8211; profissionais das for\u00e7as de seguran\u00e7a e salvamento;<\/p>\n<p>&#8211; profissionais das For\u00e7as Armadas;<\/p>\n<p>&#8211; pessoas com doen\u00e7as cr\u00f4nicas n\u00e3o transmiss\u00edveis e outras condi\u00e7\u00f5es cl\u00ednicas especiais;<\/p>\n<p>&#8211; caminhoneiros;<\/p>\n<p>&#8211; trabalhadores do transporte coletivo rodovi\u00e1rio para passageiros urbano e de longo curso;<\/p>\n<p>&#8211; trabalhadores portu\u00e1rios;<\/p>\n<p>&#8211; popula\u00e7\u00e3o privada de liberdade;<\/p>\n<p>&#8211; funcion\u00e1rios do sistema de priva\u00e7\u00e3o de liberdade;<\/p>\n<p>&#8211; adolescentes e jovens de 12 a 21 anos sob medidas socioeducativas.<\/p>\n<p>A Campanha de Vacina\u00e7\u00e3o contra a Influenza na Regi\u00e3o Norte come\u00e7ou no dia 2 de setembro e vai at\u00e9 26 de outubro. A imuniza\u00e7\u00e3o \u00e9 feita anualmente, antes do per\u00edodo de maior circula\u00e7\u00e3o do v\u00edrus, que coincide com o inverno em muitas regi\u00f5es do pa\u00eds. O Norte, entretanto, conta um calend\u00e1rio espec\u00edfico, j\u00e1 que o clima e a circula\u00e7\u00e3o do v\u00edrus diferem do restante do Brasil.<\/p>\n<div class=\"dnd-widget-wrapper context-medio_4colunas type-image atom-align-left\">\n<div class=\"dnd-atom-rendered\"><!-- scald=160611:medio_4colunas {\"additionalClasses\":\"\"} --><br \/>\n            <img data-recalc-dims=\"1\" decoding=\"async\" src=\"https:\/\/i0.wp.com\/imagens.ebc.com.br\/1ruOkA_OZK24M7LkkjpTjF4497A%3D\/365x0\/smart\/https%3A\/\/agenciabrasil.ebc.com.br\/sites\/default\/files\/thumbnails\/image\/movimentacao_de_idosos_no_posto_da_612_sul_para_vacinacao_contra_influenza2403209965.jpg?w=696&#038;ssl=1\" alt=\"Movimenta\u00e7\u00e3o de idosos no posto da 612 Sul para Vacina\u00e7\u00e3o contra Influenza\" title=\"Marcello Casal JrAg\u00eancia Brasil\"\/><br \/>\n        <img data-recalc-dims=\"1\" decoding=\"async\" src=\"https:\/\/i0.wp.com\/imagens.ebc.com.br\/1ruOkA_OZK24M7LkkjpTjF4497A%3D\/365x0\/smart\/https%3A\/\/agenciabrasil.ebc.com.br\/sites\/default\/files\/thumbnails\/image\/movimentacao_de_idosos_no_posto_da_612_sul_para_vacinacao_contra_influenza2403209965.jpg?w=696&#038;ssl=1\" alt=\"Movimenta\u00e7\u00e3o de idosos no posto da 612 Sul para Vacina\u00e7\u00e3o contra Influenza\" title=\"Marcello Casal JrAg\u00eancia Brasil\"\/><br \/>\n    <!-- END scald=160611 --><\/div>\n<div class=\"dnd-caption-wrapper\">\n<p>\u00a0Vacina\u00e7\u00e3o contra Influenza. Foto:\u00a0<strong>Marcello Casal JrAg\u00eancia Brasil<\/strong><!--END copyright=160611--><\/p>\n<\/div>\n<\/div>\n<p>Em nota, o minist\u00e9rio informou que adquiriu cerca de 6,6 milh\u00f5es de doses contra a influenza trivalente para garantir a vacina\u00e7\u00e3o da popula\u00e7\u00e3o-alvo. \u201cAl\u00e9m de proteger contra a gripe, a vacina\u00e7\u00e3o tamb\u00e9m ajuda a reduzir a sobrecarga no sistema de sa\u00fade, que pode ser agravada pela ocorr\u00eancia simult\u00e2nea de outras doen\u00e7as respirat\u00f3rias como a covid-19\u201d.<\/p>\n<p>\u201cA vacina\u00e7\u00e3o \u00e9 considerada a melhor estrat\u00e9gia de preven\u00e7\u00e3o contra a influenza e tem capacidade de promover imunidade durante o per\u00edodo de maior circula\u00e7\u00e3o do v\u00edrus, reduzindo o agravamento da doen\u00e7a, as interna\u00e7\u00f5es e o n\u00famero de \u00f3bitos\u201d, destacou a pasta.<\/p>\n<p>Ainda de acordo com o comunicado, a vacina contra a influenza pode ser administrada junto com outros imunizantes do Calend\u00e1rio Nacional de Vacina\u00e7\u00e3o e tamb\u00e9m com outros medicamentos, \u201cprocedendo-se \u00e0s administra\u00e7\u00f5es com seringas e agulhas diferentes em locais anat\u00f4micos distintos\u201d.<\/p>\n<p>A meta \u00e9 imunizar pelo menos 90% de cada um dos grupos priorit\u00e1rios. At\u00e9 o momento, a Regi\u00e3o Norte aplicou apenas pouco mais de 829 mil doses, com uma estimativa total de 6,5 milh\u00f5es de pessoas a serem vacinadas ao longo da campanha.<\/p>\n<h2>Gripe<\/h2>\n<p>A gripe \u00e9 uma infec\u00e7\u00e3o aguda do sistema respirat\u00f3rio, provocada pelo v\u00edrus Influenza, com grande potencial de transmiss\u00e3o. Existem quatro tipos de v\u00edrus: A, B, C e D. Os v\u00edrus Influenza A e B s\u00e3o respons\u00e1veis por epidemias sazonais, sendo o Influenza A respons\u00e1vel pelas grandes pandemias.<\/p>\n<p>      <!-- Relacionada --><\/p>\n<p>            <!-- Relacionada -->\n    <\/div>\n<p><br \/>\n<br \/><a href=\"https:\/\/agenciabrasil.ebc.com.br\/saude\/noticia\/2024-09\/regiao-norte-tem-dia-d-de-vacinacao-contra-influenza-neste-sabado\" rel=\"noopener\">Ag\u00eancia Brasil <\/a><\/p>\n","protected":false},"excerpt":{"rendered":"<p>Estados da Regi\u00e3o Norte do pa\u00eds realizam neste s\u00e1bado (28) o Dia D de Mobiliza\u00e7\u00e3o da Campanha de Vacina\u00e7\u00e3o contra a Influenza. A proposta, de acordo com o Minist\u00e9rio da Sa\u00fade, \u00e9 imunizar a popula\u00e7\u00e3o e reduzir a incid\u00eancia de casos graves da doen\u00e7a. Os grupos-alvo definidos pela pasta para receber a dose incluem: &#8211; [&hellip;]<\/p>\n","protected":false},"author":1,"featured_media":14860,"comment_status":"open","ping_status":"open","sticky":false,"template":"","format":"standard","meta":{"_jetpack_newsletter_access":"","_jetpack_dont_email_post_to_subs":false,"_jetpack_newsletter_tier_id":0,"_jetpack_memberships_contains_paywalled_content":false,"_mbp_banners":[],"_jetpack_feature_clip_id":0,"_jetpack_memberships_contains_paid_content":false,"footnotes":"","jetpack_publicize_message":"","jetpack_publicize_feature_enabled":true,"jetpack_social_post_already_shared":true,"jetpack_social_options":{"image_generator_settings":{"template":"highway","default_image_id":0,"font":"","enabled":false},"version":2},"jetpack_post_was_ever_published":false},"categories":[15],"tags":[],"class_list":["post-14859","post","type-post","status-publish","format-standard","has-post-thumbnail","category-saude"],"jetpack_publicize_connections":[],"jetpack-related-posts":[],"jetpack_shortlink":"https:\/\/wp.me\/p7Eq1F-3RF","jetpack_sharing_enabled":true,"jetpack_featured_media_url":"https:\/\/i0.wp.com\/guialimeira.com.br\/news\/wp-content\/uploads\/2024\/09\/img_2099.jpg?fit=1600%2C800&ssl=1","_links":{"self":[{"href":"https:\/\/guialimeira.com.br\/news\/wp-json\/wp\/v2\/posts\/14859","targetHints":{"allow":["GET"]}}],"collection":[{"href":"https:\/\/guialimeira.com.br\/news\/wp-json\/wp\/v2\/posts"}],"about":[{"href":"https:\/\/guialimeira.com.br\/news\/wp-json\/wp\/v2\/types\/post"}],"author":[{"embeddable":true,"href":"https:\/\/guialimeira.com.br\/news\/wp-json\/wp\/v2\/users\/1"}],"replies":[{"embeddable":true,"href":"https:\/\/guialimeira.com.br\/news\/wp-json\/wp\/v2\/comments?post=14859"}],"version-history":[{"count":0,"href":"https:\/\/guialimeira.com.br\/news\/wp-json\/wp\/v2\/posts\/14859\/revisions"}],"wp:featuredmedia":[{"embeddable":true,"href":"https:\/\/guialimeira.com.br\/news\/wp-json\/wp\/v2\/media\/14860"}],"wp:attachment":[{"href":"https:\/\/guialimeira.com.br\/news\/wp-json\/wp\/v2\/media?parent=14859"}],"wp:term":[{"taxonomy":"category","embeddable":true,"href":"https:\/\/guialimeira.com.br\/news\/wp-json\/wp\/v2\/categories?post=14859"},{"taxonomy":"post_tag","embeddable":true,"href":"https:\/\/guialimeira.com.br\/news\/wp-json\/wp\/v2\/tags?post=14859"}],"curies":[{"name":"wp","href":"https:\/\/api.w.org\/{rel}","templated":true}]}}