{"id":14856,"date":"2024-09-28T12:29:46","date_gmt":"2024-09-28T15:29:46","guid":{"rendered":"https:\/\/guialimeira.com.br\/2024\/09\/28\/ministros-de-financas-e-saude-do-g20-declaram-apoio-no-combate-a-mpox\/"},"modified":"2024-09-28T12:29:46","modified_gmt":"2024-09-28T15:29:46","slug":"ministros-de-financas-e-saude-do-g20-declaram-apoio-no-combate-a-mpox","status":"publish","type":"post","link":"https:\/\/guialimeira.com.br\/news\/ministros-de-financas-e-saude-do-g20-declaram-apoio-no-combate-a-mpox\/","title":{"rendered":"Ministros de Finan\u00e7as e Sa\u00fade do G20 declaram apoio no combate \u00e0 Mpox"},"content":{"rendered":"<p> <br \/>\n<\/p>\n<div>\n<p>Em resposta aos apelos de assist\u00eancia do Centro Africano de Controle e Preven\u00e7\u00e3o de Doen\u00e7as (\u00c1frica CDC, na sigla em ingl\u00eas) e da Organiza\u00e7\u00e3o Mundial da Sa\u00fade (OMS), os ministros de Finan\u00e7as e Sa\u00fade do G20 divulgaram uma declara\u00e7\u00e3o sobre o surto de Mpox e a necessidade de a\u00e7\u00f5es conjuntas para o combate \u00e0 doen\u00e7a.<img data-recalc-dims=\"1\" decoding=\"async\" src=\"https:\/\/i0.wp.com\/agenciabrasil.ebc.com.br\/ebc.png?w=696&#038;ssl=1\" style=\"width:1px; height:1px; display:inline;\"\/><img data-recalc-dims=\"1\" decoding=\"async\" src=\"https:\/\/i0.wp.com\/agenciabrasil.ebc.com.br\/ebc.gif?w=696&#038;ssl=1\" style=\"width:1px; height:1px; display:inline;\"\/><\/p>\n<p>\u201cN\u00f3s, em estreita coordena\u00e7\u00e3o com o \u00c1frica CDC e a OMS, estamos comprometidos em proteger a sa\u00fade e a vida da popula\u00e7\u00e3o africana e prevenir a dissemina\u00e7\u00e3o adicional do Mpox. Estamos particularmente preocupados com o impacto significativo j\u00e1 causado por este surto, especialmente em crian\u00e7as (60% dos casos) e pessoas vivendo com HIV\/AIDS, que est\u00e3o enfrentando os piores desfechos\u201d, apontaram os ministros na declara\u00e7\u00e3o.<\/p>\n<p>O documento divulgado, nesta sexta-feira (27), ressalta ainda a influ\u00eancia que o G20 pode exercer para realizar a\u00e7\u00f5es concretas.\u201cEstamos convencidos de que o papel de lideran\u00e7a do G20 na coordena\u00e7\u00e3o econ\u00f4mica internacional, particularmente na promo\u00e7\u00e3o de a\u00e7\u00f5es coletivas e na avalia\u00e7\u00e3o e enfrentamento de emerg\u00eancias de sa\u00fade com impacto transfronteiri\u00e7o, pode proporcionar a\u00e7\u00f5es concretas para complementar os pap\u00e9is centrais de coordena\u00e7\u00e3o desempenhados pela OMS e pelo Africa CDC na resposta a esta emerg\u00eancia de sa\u00fade p\u00fablica. Nesse sentido, a JFHTF pode alavancar a expertise e a experi\u00eancia acumuladas para contribuir com a resposta a Mpox\u201d, indicaram no documento.<\/p>\n<h2>Medidas<\/h2>\n<p>Entre as medidas propostas na declara\u00e7\u00e3o, os ministros indicaram o apoio aos esfor\u00e7os coordenados da OMS e do Africa CDC, em combina\u00e7\u00e3o com os governos africanos, para responder ao surto de Mpox; al\u00e9m do apoio \u00e0 OMS e ao Banco Mundial na cria\u00e7\u00e3o e divulga\u00e7\u00e3o de um rastreador global de financiamento para a resposta \u00e0 doen\u00e7a.<\/p>\n<p>Al\u00e9m disso, querem a avalia\u00e7\u00e3o do impacto econ\u00f4mico dos pa\u00edses mais atingidos pela Mpox por meio da aplica\u00e7\u00e3o do Quadro de Vulnerabilidades e Riscos Pand\u00eamicos \u00e0 Sa\u00fade, Social e Econ\u00f4mica (FEVR); e a identifica\u00e7\u00e3o e o compartilhamento ativo dos resultados das lacunas espec\u00edficas de financiamento e necessidades na resposta \u00e0 doen\u00e7a, comparando as necessidades estimadas pela OMS e pelo Africa CDC com os compromissos de financiamento existentes.<\/p>\n<p>Por fim, propuseram a defini\u00e7\u00e3o de etapas necess\u00e1rias para acessar os recursos financeiros existentes.<\/p>\n<p>Na vis\u00e3o do ministro da Fazenda do Brasil, Fernando Haddad, a publica\u00e7\u00e3o da declara\u00e7\u00e3o mostra a prioridade geral da presid\u00eancia brasileira do G20, que \u00e9 o enfrentamento das desigualdades:<\/p>\n<blockquote>\n<p>\u201c\u00c9 particularmente importante estarmos ao lado de nossos irm\u00e3os e irm\u00e3s africanos durante esses tempos desafiadores, al\u00e9m de mostrar que as a\u00e7\u00f5es do G20 est\u00e3o sintonizadas com os desafios humanos imediatos.\u201d<\/p>\n<\/blockquote>\n<h2>Pandemia<\/h2>\n<p>A declara\u00e7\u00e3o resulta das li\u00e7\u00f5es aprendidas no combate \u00e0 pandemia de covid-19 que permitiram a cria\u00e7\u00e3o de novos marcos institucionais, entre eles, a For\u00e7a-Tarefa Conjunta de Finan\u00e7as e Sa\u00fade do G20 (JFHTF, na sigla em ingl\u00eas).<\/p>\n<p>\u201cComo plataforma dedicada \u00e0 coordena\u00e7\u00e3o da preven\u00e7\u00e3o, prepara\u00e7\u00e3o e resposta (PPR) a pandemias, a JFHTF est\u00e1 em uma posi\u00e7\u00e3o \u00fanica para oferecer apoio complementar aos esfor\u00e7os em andamento liderados pelo Africa CDC\u201d, informa o <a href=\"https:\/\/www.g20.org\/pt-br\/noticias\/ministros-de-financas-e-saude-do-g20-divulgam-declaracao-sobre-a-resposta-ao-surto-de-mpox\" target=\"_blank\" rel=\"noopener\">texto publicado no <em>site<\/em><\/a> do G20 Brasil 2024.<\/p>\n<p>O documento apontou ainda que os relat\u00f3rios t\u00e9cnicos ser\u00e3o revisados pelos ministros na Reuni\u00e3o Ministerial Conjunta de Finan\u00e7as e Sa\u00fade, que ocorrer\u00e1 em 31 de outubro, no Rio de Janeiro.<\/p>\n<p>A embaixadora e coordenadora da Trilha de Finan\u00e7as do G20, Tatiana Rosito, destacou que \u201ca declara\u00e7\u00e3o fornece o mandato para que o G20 entregue resultados concretos, reafirmando sua relev\u00e2ncia e capacidade de responder a crises globais.&#8221;<\/p>\n<h2>Mpox<\/h2>\n<p>Causada pelo v\u00edrus monkeypox, a doen\u00e7a pode se espalhar entre pessoas e, ocasionalmente, do ambiente para pessoas, por meio de objetos e superf\u00edcies que foram tocados por um paciente infectado. Em regi\u00f5es onde o v\u00edrus est\u00e1 presente entre animais selvagens, a doen\u00e7a tamb\u00e9m pode ser transmitida para humanos que tenham contato com os animais infectados.<\/p>\n<p>      <!-- Relacionada --><\/p>\n<p>            <!-- Relacionada -->\n    <\/div>\n<p><br \/>\n<br \/><a href=\"https:\/\/agenciabrasil.ebc.com.br\/saude\/noticia\/2024-09\/ministros-de-financas-e-saude-do-g20-declaram-apoio-no-combate-mpox\" rel=\"noopener\">Ag\u00eancia Brasil <\/a><\/p>\n","protected":false},"excerpt":{"rendered":"<p>Em resposta aos apelos de assist\u00eancia do Centro Africano de Controle e Preven\u00e7\u00e3o de Doen\u00e7as (\u00c1frica CDC, na sigla em ingl\u00eas) e da Organiza\u00e7\u00e3o Mundial da Sa\u00fade (OMS), os ministros de Finan\u00e7as e Sa\u00fade do G20 divulgaram uma declara\u00e7\u00e3o sobre o surto de Mpox e a necessidade de a\u00e7\u00f5es conjuntas para o combate \u00e0 doen\u00e7a. [&hellip;]<\/p>\n","protected":false},"author":1,"featured_media":12756,"comment_status":"open","ping_status":"open","sticky":false,"template":"","format":"standard","meta":{"_jetpack_newsletter_access":"","_jetpack_dont_email_post_to_subs":false,"_jetpack_newsletter_tier_id":0,"_jetpack_memberships_contains_paywalled_content":false,"_mbp_banners":[],"_jetpack_feature_clip_id":0,"_jetpack_memberships_contains_paid_content":false,"footnotes":"","jetpack_publicize_message":"","jetpack_publicize_feature_enabled":true,"jetpack_social_post_already_shared":true,"jetpack_social_options":{"image_generator_settings":{"template":"highway","default_image_id":0,"font":"","enabled":false},"version":2},"jetpack_post_was_ever_published":false},"categories":[15],"tags":[],"class_list":["post-14856","post","type-post","status-publish","format-standard","has-post-thumbnail","category-saude"],"jetpack_publicize_connections":[],"jetpack-related-posts":[],"jetpack_shortlink":"https:\/\/wp.me\/p7Eq1F-3RC","jetpack_sharing_enabled":true,"jetpack_featured_media_url":"https:\/\/i0.wp.com\/guialimeira.com.br\/news\/wp-content\/uploads\/2024\/08\/2024-08-20t135719z_1736913444_rc2pj9addr69_rtrmadp_3_health-mpox.jpg?fit=1600%2C800&ssl=1","_links":{"self":[{"href":"https:\/\/guialimeira.com.br\/news\/wp-json\/wp\/v2\/posts\/14856","targetHints":{"allow":["GET"]}}],"collection":[{"href":"https:\/\/guialimeira.com.br\/news\/wp-json\/wp\/v2\/posts"}],"about":[{"href":"https:\/\/guialimeira.com.br\/news\/wp-json\/wp\/v2\/types\/post"}],"author":[{"embeddable":true,"href":"https:\/\/guialimeira.com.br\/news\/wp-json\/wp\/v2\/users\/1"}],"replies":[{"embeddable":true,"href":"https:\/\/guialimeira.com.br\/news\/wp-json\/wp\/v2\/comments?post=14856"}],"version-history":[{"count":0,"href":"https:\/\/guialimeira.com.br\/news\/wp-json\/wp\/v2\/posts\/14856\/revisions"}],"wp:featuredmedia":[{"embeddable":true,"href":"https:\/\/guialimeira.com.br\/news\/wp-json\/wp\/v2\/media\/12756"}],"wp:attachment":[{"href":"https:\/\/guialimeira.com.br\/news\/wp-json\/wp\/v2\/media?parent=14856"}],"wp:term":[{"taxonomy":"category","embeddable":true,"href":"https:\/\/guialimeira.com.br\/news\/wp-json\/wp\/v2\/categories?post=14856"},{"taxonomy":"post_tag","embeddable":true,"href":"https:\/\/guialimeira.com.br\/news\/wp-json\/wp\/v2\/tags?post=14856"}],"curies":[{"name":"wp","href":"https:\/\/api.w.org\/{rel}","templated":true}]}}