{"id":1485,"date":"2024-04-11T21:07:47","date_gmt":"2024-04-12T00:07:47","guid":{"rendered":"https:\/\/guialimeira.com.br\/2024\/04\/11\/agu-envia-ao-stf-parecer-sobre-acao-contra-acordo-da-braskem\/"},"modified":"2024-04-11T21:07:47","modified_gmt":"2024-04-12T00:07:47","slug":"agu-envia-ao-stf-parecer-sobre-acao-contra-acordo-da-braskem","status":"publish","type":"post","link":"https:\/\/guialimeira.com.br\/news\/agu-envia-ao-stf-parecer-sobre-acao-contra-acordo-da-braskem\/","title":{"rendered":"AGU envia ao STF parecer sobre a\u00e7\u00e3o contra acordo da Braskem"},"content":{"rendered":"<p> <br \/>\n<\/p>\n<div>\n<p>A Advocacia-Geral da Uni\u00e3o (AGU) enviou nesta quinta-feira (11) ao Supremo Tribunal Federal (STF) parecer sobre a a\u00e7\u00e3o na qual o governo de Alagoas contesta a legalidade do acordo feito entre a prefeitura de Macei\u00f3 e a mineradora Braskem para ressarcimento do R$ 1,7 bilh\u00e3o pelos preju\u00edzos causados pela extra\u00e7\u00e3o de sal-gema na capital alagoana.<img data-recalc-dims=\"1\" decoding=\"async\" src=\"https:\/\/i0.wp.com\/agenciabrasil.ebc.com.br\/ebc.png?w=696&#038;ssl=1\" style=\"width:1px; height:1px; display:inline;\"\/><img data-recalc-dims=\"1\" decoding=\"async\" src=\"https:\/\/i0.wp.com\/agenciabrasil.ebc.com.br\/ebc.gif?w=696&#038;ssl=1\" style=\"width:1px; height:1px; display:inline;\"\/><\/p>\n<p>Apesar de opinar pela rejei\u00e7\u00e3o da a\u00e7\u00e3o por motivos processuais, a AGU defende que o acordo deve garantir que entidades e pessoas prejudicadas pelo desastre ambiental e que n\u00e3o participaram do acordo podem reivindicar seus direitos na Justi\u00e7a.<\/p>\n<p>O parecer tamb\u00e9m sustenta que a mineradora n\u00e3o pode obter ganhos financeiros com os im\u00f3veis danificados pelo desastre e que foram transferidos a partir do acordo.<\/p>\n<p>&#8220;A leitura conjugada das cl\u00e1usulas impugnadas nesta a\u00e7\u00e3o direta com o arcabou\u00e7o antes referido leve \u00e0 conclus\u00e3o de que n\u00e3o houve quita\u00e7\u00e3o ampla, geral ou irrestrita dos danos provocados pela Braskem, assim tamb\u00e9m que a transfer\u00eancia de propriedade n\u00e3o lhe franqueou, em nenhum momento, a explora\u00e7\u00e3o lucrativa dos im\u00f3veis&#8221;, argumentou a AGU.<\/p>\n<p>O governo de Alagoas alega que o acordo impede a integral repara\u00e7\u00e3o dos afetados pela minera\u00e7\u00e3o de sal-gema no estado. Al\u00e9m disso, o governo questiona trechos que autorizam a empresa a se tornar propriet\u00e1ria de terrenos e continuar a explorar a regi\u00e3o devastada.<\/p>\n<p>Os acordos foram assinados pela Braskem em 2019, 2020 e 2022 com os seguintes \u00f3rg\u00e3os: Minist\u00e9rio P\u00fablico Federal, Minist\u00e9rio P\u00fablico de Alagoas, Defensoria P\u00fablica da Uni\u00e3o, Defensoria P\u00fablica de Alagoas e prefeitura de Macei\u00f3.<\/p>\n<\/p><\/div>\n<p><br \/>\n<br \/><a href=\"https:\/\/agenciabrasil.ebc.com.br\/justica\/noticia\/2024-04\/agu-envia-ao-stf-parecer-sobre-acao-contra-acordo-da-braskem\" rel=\"noopener\">Ag\u00eancia Brasil<\/a><\/p>\n","protected":false},"excerpt":{"rendered":"<p>A Advocacia-Geral da Uni\u00e3o (AGU) enviou nesta quinta-feira (11) ao Supremo Tribunal Federal (STF) parecer sobre a a\u00e7\u00e3o na qual o governo de Alagoas contesta a legalidade do acordo feito entre a prefeitura de Macei\u00f3 e a mineradora Braskem para ressarcimento do R$ 1,7 bilh\u00e3o pelos preju\u00edzos causados pela extra\u00e7\u00e3o de sal-gema na capital alagoana. [&hellip;]<\/p>\n","protected":false},"author":1,"featured_media":1486,"comment_status":"open","ping_status":"open","sticky":false,"template":"","format":"standard","meta":{"_jetpack_newsletter_access":"","_jetpack_dont_email_post_to_subs":false,"_jetpack_newsletter_tier_id":0,"_jetpack_memberships_contains_paywalled_content":false,"_mbp_banners":[],"_jetpack_feature_clip_id":0,"_jetpack_memberships_contains_paid_content":false,"footnotes":"","jetpack_publicize_message":"","jetpack_publicize_feature_enabled":true,"jetpack_social_post_already_shared":true,"jetpack_social_options":{"image_generator_settings":{"template":"highway","default_image_id":0,"font":"","enabled":false},"version":2},"jetpack_post_was_ever_published":false},"categories":[22],"tags":[],"class_list":["post-1485","post","type-post","status-publish","format-standard","has-post-thumbnail","category-nacional"],"jetpack_publicize_connections":[],"jetpack-related-posts":[],"jetpack_shortlink":"https:\/\/wp.me\/p7Eq1F-nX","jetpack_sharing_enabled":true,"jetpack_featured_media_url":"https:\/\/i0.wp.com\/guialimeira.com.br\/news\/wp-content\/uploads\/2024\/04\/ja_0682.jpg?fit=1600%2C800&ssl=1","_links":{"self":[{"href":"https:\/\/guialimeira.com.br\/news\/wp-json\/wp\/v2\/posts\/1485","targetHints":{"allow":["GET"]}}],"collection":[{"href":"https:\/\/guialimeira.com.br\/news\/wp-json\/wp\/v2\/posts"}],"about":[{"href":"https:\/\/guialimeira.com.br\/news\/wp-json\/wp\/v2\/types\/post"}],"author":[{"embeddable":true,"href":"https:\/\/guialimeira.com.br\/news\/wp-json\/wp\/v2\/users\/1"}],"replies":[{"embeddable":true,"href":"https:\/\/guialimeira.com.br\/news\/wp-json\/wp\/v2\/comments?post=1485"}],"version-history":[{"count":0,"href":"https:\/\/guialimeira.com.br\/news\/wp-json\/wp\/v2\/posts\/1485\/revisions"}],"wp:featuredmedia":[{"embeddable":true,"href":"https:\/\/guialimeira.com.br\/news\/wp-json\/wp\/v2\/media\/1486"}],"wp:attachment":[{"href":"https:\/\/guialimeira.com.br\/news\/wp-json\/wp\/v2\/media?parent=1485"}],"wp:term":[{"taxonomy":"category","embeddable":true,"href":"https:\/\/guialimeira.com.br\/news\/wp-json\/wp\/v2\/categories?post=1485"},{"taxonomy":"post_tag","embeddable":true,"href":"https:\/\/guialimeira.com.br\/news\/wp-json\/wp\/v2\/tags?post=1485"}],"curies":[{"name":"wp","href":"https:\/\/api.w.org\/{rel}","templated":true}]}}