{"id":14827,"date":"2024-09-27T18:11:40","date_gmt":"2024-09-27T21:11:40","guid":{"rendered":"https:\/\/guialimeira.com.br\/2024\/09\/27\/agencia-brasil-e-radioagencia-sao-finalistas-em-premio-de-saude-sbim\/"},"modified":"2024-09-27T18:11:40","modified_gmt":"2024-09-27T21:11:40","slug":"agencia-brasil-e-radioagencia-sao-finalistas-em-premio-de-saude-sbim","status":"publish","type":"post","link":"https:\/\/guialimeira.com.br\/news\/agencia-brasil-e-radioagencia-sao-finalistas-em-premio-de-saude-sbim\/","title":{"rendered":"Ag\u00eancia Brasil e Radioag\u00eancia s\u00e3o finalistas em pr\u00eamio de sa\u00fade Sbim"},"content":{"rendered":"<p> <br \/>\n<\/p>\n<div>\n<p>A <a href=\"https:\/\/agenciabrasil.ebc.com.br\/\" target=\"_blank\" rel=\"noopener\">Ag\u00eancia Brasil<\/a>, a <a href=\"https:\/\/agenciabrasil.ebc.com.br\/radioagencia-nacional\/\" target=\"_blank\" rel=\"noopener\">Radioag\u00eancia Nacional<\/a> e a <a href=\"https:\/\/radios.ebc.com.br\/\" target=\"_blank\" rel=\"noopener\">R\u00e1dio Nacional<\/a>, ve\u00edculos da <a href=\"https:\/\/www.ebc.com.br\/\" target=\"_blank\" rel=\"noopener\">Empresa Brasil de Comunica\u00e7\u00e3o (EBC)<\/a>, foram selecionados como finalistas em duas categorias do VI Pr\u00eamio SBIm de Jornalismo em Sa\u00fade, promovido pela <a href=\"https:\/\/sbim.org.br\/\" target=\"_blank\" rel=\"noopener\">Sociedade Brasileira de Imuniza\u00e7\u00f5es (SBIm)<\/a> com apoio da <a href=\"https:\/\/www.paho.org\/pt\/brasil\" target=\"_blank\" rel=\"noopener\">Organiza\u00e7\u00e3o Pan-Americana da Sa\u00fade (OPAS)<\/a>.<img data-recalc-dims=\"1\" decoding=\"async\" src=\"https:\/\/i0.wp.com\/agenciabrasil.ebc.com.br\/ebc.png?w=696&#038;ssl=1\" style=\"width:1px; height:1px; display:inline;\"\/><img data-recalc-dims=\"1\" decoding=\"async\" src=\"https:\/\/i0.wp.com\/agenciabrasil.ebc.com.br\/ebc.gif?w=696&#038;ssl=1\" style=\"width:1px; height:1px; display:inline;\"\/><\/p>\n<p>Na categoria Texto para internet, a<strong> Ag\u00eancia Brasil<\/strong> \u00e9 uma das tr\u00eas finalistas com a reportagem <a href=\"http:\/\/agenciabrasil.ebc.com.br\/saude\/noticia\/2023-09\/racismo-afasta-negros-e-indigenas-da-vacinacao\" target=\"_blank\" rel=\"noopener\">Racismo afasta negros e ind\u00edgenas da vacina\u00e7\u00e3o<\/a>. O trabalho tem reportagem de Vinicius Lisboa e edi\u00e7\u00e3o de Juliana Andrade e encerrou a s\u00e9rie especial <a href=\"https:\/\/agenciabrasil.ebc.com.br\/tags\/50-anos-de-vacinas-para-todos\" target=\"_blank\" rel=\"noopener\">50 anos de Vacinas para Todos<\/a>, que homenageou as cinco d\u00e9cadas do Programa Nacional de Imuniza\u00e7\u00f5es (PNI) e analisou em mais de 30 mat\u00e9rias seus desafios, vit\u00f3rias e futuro.<\/p>\n<p>&#8220;O Programa Nacional de Imuniza\u00e7\u00f5es, com o tamanho e o sucesso que tem, \u00e9 a principal conquista civilizat\u00f3ria do povo brasileiro. Fizemos um grande esfor\u00e7o para pautar seus desafios e conquistas no ano passado, e \u00e9 muito gratificante ver esse trabalho ser reconhecido por institui\u00e7\u00f5es com tanta credibilidade&#8221;, disse Lisboa.<\/p>\n<div class=\"dnd-widget-wrapper context-medio_4colunas type-image atom-align-left\">\n<div class=\"dnd-atom-rendered\"><!-- scald=355149:medio_4colunas {\"additionalClasses\":\"\"} --><br \/>\n            <img data-recalc-dims=\"1\" decoding=\"async\" src=\"https:\/\/i0.wp.com\/imagens.ebc.com.br\/2B3KnXPrHKj1322HB2_--t31bIQ%3D\/365x0\/smart\/https%3A\/\/agenciabrasil.ebc.com.br\/sites\/default\/files\/thumbnails\/image\/capa_lateral_site_sala_de_vacina_-_ep_5.jpg?w=696&#038;ssl=1\" alt=\"Sala de Vacina - Capa Lateral Ep. 5- Arte: EBC\" title=\"Arte: EBC\"\/><br \/>\n        <img data-recalc-dims=\"1\" decoding=\"async\" src=\"https:\/\/i0.wp.com\/imagens.ebc.com.br\/2B3KnXPrHKj1322HB2_--t31bIQ%3D\/365x0\/smart\/https%3A\/\/agenciabrasil.ebc.com.br\/sites\/default\/files\/thumbnails\/image\/capa_lateral_site_sala_de_vacina_-_ep_5.jpg?w=696&#038;ssl=1\" alt=\"Sala de Vacina - Capa Lateral Ep. 5- Arte: EBC\" title=\"Arte: EBC\"\/><br \/>\n    <!-- END scald=355149 --><\/div>\n<\/div>\n<p>O<a href=\"https:\/\/agenciabrasil.ebc.com.br\/radioagencia-nacional\/tags\/sala-de-vacina\" target=\"_blank\" rel=\"noopener\"> podcast Sala de Vacina<\/a>, da <strong>Radioag\u00eancia Nacional<\/strong>, foi escolhido como finalista na categoria \u00c1udio e v\u00eddeo. Com cinco epis\u00f3dios, dispon\u00edveis no Spotify, YouTube e no site da <a href=\"https:\/\/radioagencianacional.ebc.com.br\/\" target=\"_blank\" rel=\"noopener\">Radioag\u00eancia<\/a>, o trabalho liderado pelas jornalistas T\u00e2mara Freire e Sumaia Vilela explica como as vacinas funcionam, os avan\u00e7os que proporcionaram e tamb\u00e9m os desafios para que continuem a salvar vidas.<\/p>\n<p>&#8220;A desinforma\u00e7\u00e3o anti-vacina \u00e9 um dos maiores problemas de sa\u00fade p\u00fablica atualmente. O podcast explica como as vacinas foram criadas, porque elas s\u00e3o seguras e como elas mudaram a hist\u00f3ria mundial, al\u00e9m de alertar pra cat\u00e1strofe causada pela diminui\u00e7\u00e3o dos \u00edndices. \u00c9 uma honra ter esse trabalho reconhecido pela Sociedade Brasileira de Imuniza\u00e7\u00f5es&#8221;, conta T\u00e2mara Freire.<\/p>\n<p>O trabalho tamb\u00e9m teve a colabora\u00e7\u00e3o de Vinicius Lisboa, Jailton Sodr\u00e9, Beatriz Arcoverde, Tony Vilela, Liliane Farias, Raissa Saraiva, Caroline Ramos, Lorena Veras, Daniel Hiroshi, Felipe Leits, Fernando Miranda e outros profissionais da equipe de opera\u00e7\u00e3o de \u00e1udio e interpreta\u00e7\u00e3o em libras da <strong>EBC<\/strong>.<\/p>\n<p>A premia\u00e7\u00e3o ser\u00e1 realizada em S\u00e3o Paulo, na pr\u00f3xima sexta-feira (4), quando ser\u00e1 conhecida a ordem de classifica\u00e7\u00e3o dos tr\u00eas trabalhos de cada categoria.<\/p>\n<p>      <!-- Relacionada --><\/p>\n<p>            <!-- Relacionada -->\n    <\/div>\n<p><br \/>\n<br \/><a href=\"https:\/\/agenciabrasil.ebc.com.br\/saude\/noticia\/2024-09\/agencia-brasil-e-radioagencia-sao-finalistas-em-premio-de-saude-sbim\" rel=\"noopener\">Ag\u00eancia Brasil <\/a><\/p>\n","protected":false},"excerpt":{"rendered":"<p>A Ag\u00eancia Brasil, a Radioag\u00eancia Nacional e a R\u00e1dio Nacional, ve\u00edculos da Empresa Brasil de Comunica\u00e7\u00e3o (EBC), foram selecionados como finalistas em duas categorias do VI Pr\u00eamio SBIm de Jornalismo em Sa\u00fade, promovido pela Sociedade Brasileira de Imuniza\u00e7\u00f5es (SBIm) com apoio da Organiza\u00e7\u00e3o Pan-Americana da Sa\u00fade (OPAS). Na categoria Texto para internet, a Ag\u00eancia Brasil [&hellip;]<\/p>\n","protected":false},"author":1,"featured_media":14828,"comment_status":"open","ping_status":"open","sticky":false,"template":"","format":"standard","meta":{"_jetpack_newsletter_access":"","_jetpack_dont_email_post_to_subs":false,"_jetpack_newsletter_tier_id":0,"_jetpack_memberships_contains_paywalled_content":false,"_mbp_banners":[],"_jetpack_feature_clip_id":0,"_jetpack_memberships_contains_paid_content":false,"footnotes":"","jetpack_publicize_message":"","jetpack_publicize_feature_enabled":true,"jetpack_social_post_already_shared":true,"jetpack_social_options":{"image_generator_settings":{"template":"highway","default_image_id":0,"font":"","enabled":false},"version":2},"jetpack_post_was_ever_published":false},"categories":[15],"tags":[],"class_list":["post-14827","post","type-post","status-publish","format-standard","has-post-thumbnail","category-saude"],"jetpack_publicize_connections":[],"jetpack-related-posts":[],"jetpack_shortlink":"https:\/\/wp.me\/p7Eq1F-3R9","jetpack_sharing_enabled":true,"jetpack_featured_media_url":"https:\/\/i0.wp.com\/guialimeira.com.br\/news\/wp-content\/uploads\/2024\/09\/vacinacao_criancas_indigenas_aldeia_jaragua_kwaray_djekupe_rvrsa_abr_20220118_0051.jpg?fit=1600%2C800&ssl=1","_links":{"self":[{"href":"https:\/\/guialimeira.com.br\/news\/wp-json\/wp\/v2\/posts\/14827","targetHints":{"allow":["GET"]}}],"collection":[{"href":"https:\/\/guialimeira.com.br\/news\/wp-json\/wp\/v2\/posts"}],"about":[{"href":"https:\/\/guialimeira.com.br\/news\/wp-json\/wp\/v2\/types\/post"}],"author":[{"embeddable":true,"href":"https:\/\/guialimeira.com.br\/news\/wp-json\/wp\/v2\/users\/1"}],"replies":[{"embeddable":true,"href":"https:\/\/guialimeira.com.br\/news\/wp-json\/wp\/v2\/comments?post=14827"}],"version-history":[{"count":0,"href":"https:\/\/guialimeira.com.br\/news\/wp-json\/wp\/v2\/posts\/14827\/revisions"}],"wp:featuredmedia":[{"embeddable":true,"href":"https:\/\/guialimeira.com.br\/news\/wp-json\/wp\/v2\/media\/14828"}],"wp:attachment":[{"href":"https:\/\/guialimeira.com.br\/news\/wp-json\/wp\/v2\/media?parent=14827"}],"wp:term":[{"taxonomy":"category","embeddable":true,"href":"https:\/\/guialimeira.com.br\/news\/wp-json\/wp\/v2\/categories?post=14827"},{"taxonomy":"post_tag","embeddable":true,"href":"https:\/\/guialimeira.com.br\/news\/wp-json\/wp\/v2\/tags?post=14827"}],"curies":[{"name":"wp","href":"https:\/\/api.w.org\/{rel}","templated":true}]}}