{"id":14803,"date":"2024-09-26T19:56:45","date_gmt":"2024-09-26T22:56:45","guid":{"rendered":"https:\/\/guialimeira.com.br\/2024\/09\/26\/jovem-de-16-anos-morre-no-libano-dizem-familiares\/"},"modified":"2024-09-26T19:56:45","modified_gmt":"2024-09-26T22:56:45","slug":"jovem-de-16-anos-morre-no-libano-dizem-familiares","status":"publish","type":"post","link":"https:\/\/guialimeira.com.br\/news\/jovem-de-16-anos-morre-no-libano-dizem-familiares\/","title":{"rendered":"Jovem de 16 anos morre no L\u00edbano, dizem familiares"},"content":{"rendered":"<p> <br \/>\n<\/p>\n<div>\n<p>Os bombardeios israelenses no L\u00edbano podem ter feito uma nova v\u00edtima brasileira. Familiares de uma adolescente de 16 anos denunciaram a morte da jovem em entrevistas \u00e0 imprensa.<img data-recalc-dims=\"1\" decoding=\"async\" src=\"https:\/\/i0.wp.com\/agenciabrasil.ebc.com.br\/ebc.png?w=696&#038;ssl=1\" style=\"width:1px; height:1px; display:inline;\"\/><img data-recalc-dims=\"1\" decoding=\"async\" src=\"https:\/\/i0.wp.com\/agenciabrasil.ebc.com.br\/ebc.gif?w=696&#038;ssl=1\" style=\"width:1px; height:1px; display:inline;\"\/><\/p>\n<p>Depois de uma fuga da \u00e1rea sob ataque, ela teria voltado para a regi\u00e3o onde mora para buscar material escolar e roupas. De acordo com um tio, o pai da jovem tamb\u00e9m morreu no local.<\/p>\n<p>O Minist\u00e9rio das Rela\u00e7\u00f5es Exteriores ainda n\u00e3o confirma as mortes. Apesar de o aeroporto de Beirute estar aberto para voos comerciais, o governo brasileiro estuda a demanda de aux\u00edlio para a retirada de brasileiros do L\u00edbano.<\/p>\n<p>Na quarta-feira (25), um adolescente de 15 anos morreu ap\u00f3s uma s\u00e9rie de bombardeios de tropas israelenses.\u00a0Ali Kamal Abdallah foi atingido no Vale do Beqaa, a 30 quil\u00f4metros de Beirute.<\/p>\n<p>O pai do adolescente \u00e9 paraguaio e tamb\u00e9m morreu nas explos\u00f5es. A embaixada do Brasil no L\u00edbano presta assist\u00eancia \u00e0 fam\u00edlia.<\/p>\n<h2>Rep\u00fadio<\/h2>\n<p>Em coletiva de imprensa ap\u00f3s\u00a0na 79\u00aa Assembleia Geral das Na\u00e7\u00f5es Unidas (ONU), em Nova York, <a href=\"https:\/\/agenciabrasil.ebc.com.br\/internacional\/noticia\/2024-09\/lula-condena-conflito-entre-israel-e-o-hezbollah-no-libano\" target=\"_blank\" rel=\"noopener\">o presidente Luiz In\u00e1cio Lula da Silva condenou o conflito<\/a> entre Israel e o Hezbollah no L\u00edbano.<\/p>\n<p>\u201c \u00c9 o maior n\u00famero de mortos desde a guerra civil que durou entre 1975 e 1990. \u00c9 importante lembrar tamb\u00e9m que morreram 94 mulheres e 50 crian\u00e7as, 2.058 pessoas feridas e 10 mil pessoas for\u00e7adas a recuar e esvaziar suas casas\u201d, disse Lula.<\/p>\n<p><a href=\"https:\/\/tvbrasil.ebc.com.br\/reporter-brasil\/2024\/09\/brasileira-no-libano-ultima-semana-aqui-foi-terrivel?_gl=1*t9wbba*_ga*NTc5ODExMTgyLjE3MTk5MzcyNzg.*_ga_TGW7R30M20*MTcyNzM4NTQ0OS4xMTcuMS4xNzI3Mzg2MTk4LjUyLjAuMA..\" target=\"_blank\" rel=\"noopener\">&gt;&gt; Assista na TV Brasil: Brasileira no L\u00edbano conta sobre o terror da \u00faltima semana<\/a><\/p>\n<p>Na segunda-feira (23), <a href=\"https:\/\/tvbrasil.ebc.com.br\/reporter-brasil\/2024\/09\/governo-acompanha-situacao-de-brasileiros-no-libano?_gl=1*1459fa0*_ga*NTc5ODExMTgyLjE3MTk5MzcyNzg.*_ga_TGW7R30M20*MTcyNzM4NTQ0OS4xMTcuMS4xNzI3Mzg3MTQ4LjYwLjAuMA..\" target=\"_blank\" rel=\"noopener\">o governo brasileiro condenou \u201cnos mais fortes termos\u201d\u00a0<\/a>os cont\u00ednuos ataques a\u00e9reos israelenses contra \u00e1reas civis em Beirute, no Sul do L\u00edbano (foto) e no Vale do Beqaa. O <a href=\"https:\/\/www.google.com\/url?sa=t&amp;source=web&amp;rct=j&amp;opi=89978449&amp;url=https:\/\/www.gov.br\/mre\/pt-br&amp;ved=2ahUKEwijqbefzOGIAxUNu5UCHbf_JLkQFnoECAoQAQ&amp;usg=AOvVaw3-PJGwpUxyrQuTac7LzeE-\" target=\"_blank\" rel=\"noopener\">Minist\u00e9rio das Rela\u00e7\u00f5es Exteriores<\/a> tamb\u00e9m recomendou aos brasileiros que deixassem a \u00e1rea conflagrada.<\/p>\n<p>Israel e o grupo Hezbollah, do L\u00edbano, t\u00eam trocado tiros atrav\u00e9s da fronteira desde o in\u00edcio da atual guerra em Gaza no ano passado, detonada ap\u00f3s um ataque do Hamas, aliado do Hezbollah, mas Israel intensificou sua campanha militar na \u00faltima semana.<\/p>\n<h2>Assist\u00eancia\u00a0<\/h2>\n<p>Segundo o Itamaraty, a embaixada do Brasil em Beirute continua prestando assist\u00eancia e fornecendo as orienta\u00e7\u00f5es devidas \u00e0 comunidade brasileira, com a qual mant\u00e9m contato permanente.<\/p>\n<p>Em caso de necessidade, recomenda-se entrar em contato com o plant\u00e3o consular do Itamaraty por meio do n\u00famero +55 (61) 98260-0610 (WhatsApp).<\/p>\n<p>      <!-- Relacionada --><\/p>\n<p>            <!-- Relacionada -->\n    <\/div>\n<p><br \/>\n<br \/><a href=\"https:\/\/agenciabrasil.ebc.com.br\/internacional\/noticia\/2024-09\/jovem-de-16-anos-morre-no-libano-dizem-familiares\" rel=\"noopener\">Ag\u00eancia Brasil <\/a><\/p>\n","protected":false},"excerpt":{"rendered":"<p>Os bombardeios israelenses no L\u00edbano podem ter feito uma nova v\u00edtima brasileira. Familiares de uma adolescente de 16 anos denunciaram a morte da jovem em entrevistas \u00e0 imprensa. Depois de uma fuga da \u00e1rea sob ataque, ela teria voltado para a regi\u00e3o onde mora para buscar material escolar e roupas. De acordo com um tio, [&hellip;]<\/p>\n","protected":false},"author":1,"featured_media":14695,"comment_status":"open","ping_status":"open","sticky":false,"template":"","format":"standard","meta":{"_jetpack_newsletter_access":"","_jetpack_dont_email_post_to_subs":false,"_jetpack_newsletter_tier_id":0,"_jetpack_memberships_contains_paywalled_content":false,"_mbp_banners":[],"_jetpack_feature_clip_id":0,"_jetpack_memberships_contains_paid_content":false,"footnotes":"","jetpack_publicize_message":"","jetpack_publicize_feature_enabled":true,"jetpack_social_post_already_shared":true,"jetpack_social_options":{"image_generator_settings":{"template":"highway","default_image_id":0,"font":"","enabled":false},"version":2},"jetpack_post_was_ever_published":false},"categories":[25],"tags":[],"class_list":["post-14803","post","type-post","status-publish","format-standard","has-post-thumbnail","category-internacional"],"jetpack_publicize_connections":[],"jetpack-related-posts":[],"jetpack_shortlink":"https:\/\/wp.me\/p7Eq1F-3QL","jetpack_sharing_enabled":true,"jetpack_featured_media_url":"https:\/\/i0.wp.com\/guialimeira.com.br\/news\/wp-content\/uploads\/2024\/09\/2024-09-23t183428z_1_lynxmpek8m0n2_rtroptp_4_israel-palestinians-lebanon.jpg?fit=1600%2C800&ssl=1","_links":{"self":[{"href":"https:\/\/guialimeira.com.br\/news\/wp-json\/wp\/v2\/posts\/14803","targetHints":{"allow":["GET"]}}],"collection":[{"href":"https:\/\/guialimeira.com.br\/news\/wp-json\/wp\/v2\/posts"}],"about":[{"href":"https:\/\/guialimeira.com.br\/news\/wp-json\/wp\/v2\/types\/post"}],"author":[{"embeddable":true,"href":"https:\/\/guialimeira.com.br\/news\/wp-json\/wp\/v2\/users\/1"}],"replies":[{"embeddable":true,"href":"https:\/\/guialimeira.com.br\/news\/wp-json\/wp\/v2\/comments?post=14803"}],"version-history":[{"count":0,"href":"https:\/\/guialimeira.com.br\/news\/wp-json\/wp\/v2\/posts\/14803\/revisions"}],"wp:featuredmedia":[{"embeddable":true,"href":"https:\/\/guialimeira.com.br\/news\/wp-json\/wp\/v2\/media\/14695"}],"wp:attachment":[{"href":"https:\/\/guialimeira.com.br\/news\/wp-json\/wp\/v2\/media?parent=14803"}],"wp:term":[{"taxonomy":"category","embeddable":true,"href":"https:\/\/guialimeira.com.br\/news\/wp-json\/wp\/v2\/categories?post=14803"},{"taxonomy":"post_tag","embeddable":true,"href":"https:\/\/guialimeira.com.br\/news\/wp-json\/wp\/v2\/tags?post=14803"}],"curies":[{"name":"wp","href":"https:\/\/api.w.org\/{rel}","templated":true}]}}