{"id":14786,"date":"2024-09-26T14:23:44","date_gmt":"2024-09-26T17:23:44","guid":{"rendered":"https:\/\/guialimeira.com.br\/?p=14786"},"modified":"2024-09-26T14:23:46","modified_gmt":"2024-09-26T17:23:46","slug":"suzano-e-pacto-global-com-apoio-da-oit-lancam-iniciativa-para-promover-a-garantia-dos-direitos-humanos-no-setor-florestal","status":"publish","type":"post","link":"https:\/\/guialimeira.com.br\/news\/suzano-e-pacto-global-com-apoio-da-oit-lancam-iniciativa-para-promover-a-garantia-dos-direitos-humanos-no-setor-florestal\/","title":{"rendered":"Suzano e Pacto Global, com apoio da OIT, lan\u00e7am iniciativa para promover a garantia dos direitos humanos no setor florestal"},"content":{"rendered":"\n<p class=\"wp-block-paragraph\"><em>Parceria, que tem como objetivo estimular a implementa\u00e7\u00e3o da devida dilig\u00eancia em direitos humanos e a promo\u00e7\u00e3o do trabalho decente, foi lan\u00e7ada no \u2018SDGs in Brazil 2024\u2019, em Nova York<\/em><\/p>\n\n\n\n<p class=\"wp-block-paragraph\">A Suzano e o Pacto Global da ONU \u2013 Rede Brasil, com apoio da Organiza\u00e7\u00e3o Internacional do Trabalho (OIT),&nbsp;lan\u00e7am iniciativa que tem como objetivo promover a garantia dos direitos humanos e o trabalho decente no setor florestal. Criada para estimular a implementa\u00e7\u00e3o da devida dilig\u00eancia, a promo\u00e7\u00e3o e conscientiza\u00e7\u00e3o da oferta de trabalho em condi\u00e7\u00f5es adequadas, bem como melhorar a escuta e assist\u00eancia de trabalhadores e trabalhadoras do setor florestal, a iniciativa foi oficializada durante o \u2018SDGs in Brazil 2024\u2019. Considerado o maior encontro de sustentabilidade corporativa do mundo, o evento acontece na sede da Organiza\u00e7\u00e3o das Na\u00e7\u00f5es Unidades (ONU), em Nova York.<\/p>\n\n\n\n<p class=\"wp-block-paragraph\">A parceria visa promover uma colabora\u00e7\u00e3o intersetorial para fortalecer a garantia de direitos humanos na Suzano, em sua cadeia de valor e no setor florestal brasileiro. A mobiliza\u00e7\u00e3o refor\u00e7a o alinhamento da Suzano aos Princ\u00edpios Orientadores da ONU e ao Corporate Sustainability Due Diligence Directive (CSDDD), normativa europeia, que exige a\u00e7\u00f5es concretas das organiza\u00e7\u00f5es e seus respectivos setores para a garantia dos direitos humanos.<\/p>\n\n\n\n<p class=\"wp-block-paragraph\">\u201cNecess\u00e1rio agradecer a parceria com a Suzano e a OIT nesse processo de engajamento e constru\u00e7\u00e3o da agenda conjunta olhando para o tema de direitos humanos e promo\u00e7\u00e3o do trabalho decente. Essa constru\u00e7\u00e3o com a Suzano \u00e9 muito s\u00f3lida, e nasce ap\u00f3s quase um ano de conversas da empresa com a equipe do Pacto Global, com organiza\u00e7\u00f5es internacionais, para entendermos qual \u00e9 o real desafio da agenda e como a gente consegue realmente mobilizar o setor empresarial para ter uma transforma\u00e7\u00e3o de trabalho decente na cadeia da silvicultura. E o Pacto Global vai lan\u00e7ar em breve um grupo setorial com um foco em direitos humanos, que ser\u00e1 liderado pela Suzano, e dados os desafios dessa pauta e de meio ambiente, que estamos enfrentando cada vez mais no Brasil, precisamos de empresas l\u00edderes engajando e promovendo realmente uma transforma\u00e7\u00e3o setorial\u201d, defende Carlo Pereira, CEO do Pacto Global da ONU \u2013 Rede Brasil.<\/p>\n\n\n\n<p class=\"wp-block-paragraph\">No \u00e2mbito do Pacto Global Brasil, em parceria com a Suzano, ser\u00e1 formado um Grupo de Trabalho Florestal para potencializar o impacto e promover uma mobiliza\u00e7\u00e3o setorial que abordar\u00e1, de forma colaborativa, desafios comuns e solu\u00e7\u00f5es para quest\u00f5es regionais relevantes. Inicialmente, a iniciativa priorizar\u00e1 os estados da Bahia, do Esp\u00edrito Santo e de Minas Gerais. O objetivo \u00e9 transformar a atividade econ\u00f4mica local em um exemplo de sustentabilidade social e um modelo de transforma\u00e7\u00e3o positiva.<\/p>\n\n\n\n<p class=\"wp-block-paragraph\">\u201cA Suzano, que j\u00e1 possui uma forte atua\u00e7\u00e3o em sustentabilidade de direitos humanos, tem atuado para potencializar condi\u00e7\u00f5es de trabalho seguras e justas, assegurando o cumprimento e devida dilig\u00eancia dos direitos humanos n\u00e3o somente dentro da companhia, mas na cadeia de valor florestal. Por entendermos que esses direitos s\u00e3o al\u00e9m de uma responsabilidade, um elemento essencial para o futuro da nossa sociedade, estamos empenhados em engajar mais<em>&nbsp;players<\/em>&nbsp;nessa agenda\u2019\u2019, afirma Fernando Bertolucci, Vice-Presidente de Sustentabilidade, Tecnologia e Inova\u00e7\u00e3o da Suzano. Entre as a\u00e7\u00f5es previstas, a Suzano tamb\u00e9m capacitar\u00e1 colaboradores e colaboradoras, al\u00e9m de fornecedores florestais, para garantir que todos(as) estejam alinhados(as) com os princ\u00edpios de direitos humanos.<\/p>\n\n\n\n<p class=\"wp-block-paragraph\"><strong>Trabalho decente \u00e9 o eixo do projeto<\/strong><\/p>\n\n\n\n<p class=\"wp-block-paragraph\">O trabalho decente \u00e9 um elemento central para alcan\u00e7ar os Objetivos de Desenvolvimento Sustent\u00e1vel (ODS) da Agenda 2030 das Na\u00e7\u00f5es Unidas, em especial o ODS 8. Em seu primeiro eixo, o Projeto atuar\u00e1 para fortalecer as capacidades da cadeia produtiva para implementar a Devida Dilig\u00eancia em Direitos Humanos (DDDH), promover o trabalho decente e combater o trabalho an\u00e1logo \u00e0 escravid\u00e3o.<\/p>\n\n\n\n<p class=\"wp-block-paragraph\">A partir da cria\u00e7\u00e3o do Grupo de Trabalho, ser\u00e1 fundamentado o Pacto Setorial pela Sustentabilidade Social e pelo Trabalho Decente na cadeia florestal, coordenado pelo Pacto Global, em conjunto com a OIT e contando com a lideran\u00e7a da Suzano e atores-chave do setor florestal. Para subsidiar a atua\u00e7\u00e3o do GT, ser\u00e1 institu\u00eddo um processo cuidadoso e sistem\u00e1tico para identificar, prevenir, mitigar e acompanhar os poss\u00edveis impactos em direitos humanos da cadeia de valor da Suzano, que indicar\u00e1 um plano de concretiza\u00e7\u00e3o da Pol\u00edtica Corporativa de Direitos Humanos. As recomenda\u00e7\u00f5es do diagn\u00f3stico ir\u00e3o subsidiar a implementa\u00e7\u00e3o da devida dilig\u00eancia no setor florestal.<\/p>\n\n\n\n<p class=\"wp-block-paragraph\">Al\u00e9m disso, ser\u00e1 desenvolvido um diagn\u00f3stico dos aspectos de direitos humanos no fornecimento de m\u00e3o de obra no setor florestal. Com base nesse processo, ser\u00e3o selecionadas regi\u00f5es priorit\u00e1rias entre os estados de Minas Gerais, Esp\u00edrito Santo e Bahia para implementar um processo de escuta para os trabalhadores e trabalhadoras do setor, capaz de oferecer remedia\u00e7\u00e3o justa atrav\u00e9s do di\u00e1logo social.<\/p>\n\n\n\n<p class=\"wp-block-paragraph\"><strong><u>Sobre o Pacto Global da ONU<\/u><\/strong><\/p>\n\n\n\n<p class=\"wp-block-paragraph\">Como uma iniciativa especial do Secret\u00e1rio-Geral da ONU, o Pacto Global das Na\u00e7\u00f5es Unidas \u00e9 uma convoca\u00e7\u00e3o para que as empresas de todo o mundo alinhem suas opera\u00e7\u00f5es e estrat\u00e9gias a dez princ\u00edpios universais nas \u00e1reas de direitos humanos, trabalho, meio ambiente e anticorrup\u00e7\u00e3o. Lan\u00e7ado em 2000, o Pacto Global orienta e apoia a comunidade empresarial global no avan\u00e7o das metas e valores da ONU por meio de pr\u00e1ticas corporativas respons\u00e1veis. Tem mais de 20 mil participantes distribu\u00eddos em 62 redes que cobrem 77 pa\u00edses, sendo a maior iniciativa de sustentabilidade corporativa do mundo. H\u00e1 ainda 5 Hubs em diferentes regi\u00f5es do mundo e mais 14 gerentes regionais respons\u00e1veis pelo processo de implementa\u00e7\u00e3o em mais 20 pa\u00edses. Para mais informa\u00e7\u00f5es, siga @globalcompact nas m\u00eddias sociais e visite nosso website em&nbsp;<a href=\"http:\/\/www.unglobalcompact.org\/\" target=\"_blank\" rel=\"noreferrer noopener\">www.unglobalcompact.org<\/a><\/p>\n\n\n\n<p class=\"wp-block-paragraph\"><strong><u>O Pacto Global da ONU \u2013 Rede Brasil&nbsp;<\/u><\/strong>foi criado em 2003 e, hoje, \u00e9 a segunda maior rede local do mundo, com mais de 2 mil participantes. Os mais de 50 projetos conduzidos no pa\u00eds abrangem, principalmente, os temas: \u00c1gua e Saneamento, Alimentos e Agricultura, Energia e Clima, Direitos Humanos e Trabalho, Anticorrup\u00e7\u00e3o, Engajamento e Comunica\u00e7\u00e3o. Para mais informa\u00e7\u00f5es, siga @pactoglobalonubr nas m\u00eddias sociais e visite nosso website em&nbsp;<a href=\"http:\/\/www.pactoglobal.org.br\/\" target=\"_blank\" rel=\"noreferrer noopener\">www.pactoglobal.org.br<\/a><\/p>\n\n\n\n<p class=\"wp-block-paragraph\"><strong><u>Sobre a Suzano<\/u><\/strong><\/p>\n\n\n\n<p class=\"wp-block-paragraph\">A&nbsp;<a href=\"http:\/\/www.suzano.com.br\/\" target=\"_blank\" rel=\"noreferrer noopener\"><strong>Suzano<\/strong><\/a>&nbsp;\u00e9 a maior produtora mundial de celulose, uma das maiores produtoras de pap\u00e9is da Am\u00e9rica Latina, l\u00edder no segmento de papel higi\u00eanico no Brasil e refer\u00eancia no desenvolvimento de solu\u00e7\u00f5es sustent\u00e1veis e inovadoras a partir de mat\u00e9ria-prima de fonte renov\u00e1vel. Nossos produtos e solu\u00e7\u00f5es est\u00e3o presentes na vida de mais de 2 bilh\u00f5es de pessoas, abastecem mais de 100 pa\u00edses e incluem celulose, pap\u00e9is para imprimir e escrever, pap\u00e9is para embalagens, copos e canudos, pap\u00e9is sanit\u00e1rios e produtos absorventes, al\u00e9m de novos bioprodutos desenvolvidos para atender a demanda global. A inova\u00e7\u00e3o e a sustentabilidade orientam nosso prop\u00f3sito de \u201cRenovar a vida a partir da \u00e1rvore\u201d e nosso trabalho no enfrentamento dos desafios da sociedade e do planeta. Com 100 anos de hist\u00f3ria, temos a\u00e7\u00f5es nas bolsas do Brasil (SUZB3) e dos Estados Unidos (SUZ). Saiba mais na p\u00e1gina&nbsp;<a href=\"http:\/\/www.suzano.com.br\/\" target=\"_blank\" rel=\"noreferrer noopener\">www.suzano.com.br<\/a><\/p>\n","protected":false},"excerpt":{"rendered":"<p>Parceria, que tem como objetivo estimular a implementa\u00e7\u00e3o da devida dilig\u00eancia em direitos humanos e a promo\u00e7\u00e3o do trabalho decente, foi lan\u00e7ada no \u2018SDGs in Brazil 2024\u2019, em Nova York A Suzano e o Pacto Global da ONU \u2013 Rede Brasil, com apoio da Organiza\u00e7\u00e3o Internacional do Trabalho (OIT),&nbsp;lan\u00e7am iniciativa que tem como objetivo promover [&hellip;]<\/p>\n","protected":false},"author":2,"featured_media":14787,"comment_status":"open","ping_status":"open","sticky":false,"template":"","format":"standard","meta":{"_jetpack_newsletter_access":"","_jetpack_dont_email_post_to_subs":false,"_jetpack_newsletter_tier_id":0,"_jetpack_memberships_contains_paywalled_content":false,"_mbp_banners":[],"_jetpack_feature_clip_id":0,"_jetpack_memberships_contains_paid_content":false,"footnotes":"","jetpack_publicize_message":"","jetpack_publicize_feature_enabled":true,"jetpack_social_post_already_shared":true,"jetpack_social_options":{"image_generator_settings":{"template":"highway","default_image_id":0,"font":"","enabled":false},"version":2},"jetpack_post_was_ever_published":false},"categories":[1],"tags":[],"class_list":["post-14786","post","type-post","status-publish","format-standard","has-post-thumbnail","category-geral"],"jetpack_publicize_connections":[],"jetpack-related-posts":[],"jetpack_shortlink":"https:\/\/wp.me\/p7Eq1F-3Qu","jetpack_sharing_enabled":true,"jetpack_featured_media_url":"https:\/\/i0.wp.com\/guialimeira.com.br\/news\/wp-content\/uploads\/2024\/09\/PARCERIA-SUZANO_OIT.jpg?fit=800%2C600&ssl=1","_links":{"self":[{"href":"https:\/\/guialimeira.com.br\/news\/wp-json\/wp\/v2\/posts\/14786","targetHints":{"allow":["GET"]}}],"collection":[{"href":"https:\/\/guialimeira.com.br\/news\/wp-json\/wp\/v2\/posts"}],"about":[{"href":"https:\/\/guialimeira.com.br\/news\/wp-json\/wp\/v2\/types\/post"}],"author":[{"embeddable":true,"href":"https:\/\/guialimeira.com.br\/news\/wp-json\/wp\/v2\/users\/2"}],"replies":[{"embeddable":true,"href":"https:\/\/guialimeira.com.br\/news\/wp-json\/wp\/v2\/comments?post=14786"}],"version-history":[{"count":1,"href":"https:\/\/guialimeira.com.br\/news\/wp-json\/wp\/v2\/posts\/14786\/revisions"}],"predecessor-version":[{"id":14788,"href":"https:\/\/guialimeira.com.br\/news\/wp-json\/wp\/v2\/posts\/14786\/revisions\/14788"}],"wp:featuredmedia":[{"embeddable":true,"href":"https:\/\/guialimeira.com.br\/news\/wp-json\/wp\/v2\/media\/14787"}],"wp:attachment":[{"href":"https:\/\/guialimeira.com.br\/news\/wp-json\/wp\/v2\/media?parent=14786"}],"wp:term":[{"taxonomy":"category","embeddable":true,"href":"https:\/\/guialimeira.com.br\/news\/wp-json\/wp\/v2\/categories?post=14786"},{"taxonomy":"post_tag","embeddable":true,"href":"https:\/\/guialimeira.com.br\/news\/wp-json\/wp\/v2\/tags?post=14786"}],"curies":[{"name":"wp","href":"https:\/\/api.w.org\/{rel}","templated":true}]}}