{"id":14772,"date":"2024-09-25T20:33:42","date_gmt":"2024-09-25T23:33:42","guid":{"rendered":"https:\/\/guialimeira.com.br\/2024\/09\/25\/adolescente-brasileiro-morre-no-libano-apos-bombardeio-israelense\/"},"modified":"2024-09-25T20:33:42","modified_gmt":"2024-09-25T23:33:42","slug":"adolescente-brasileiro-morre-no-libano-apos-bombardeio-israelense","status":"publish","type":"post","link":"https:\/\/guialimeira.com.br\/news\/adolescente-brasileiro-morre-no-libano-apos-bombardeio-israelense\/","title":{"rendered":"Adolescente brasileiro morre no L\u00edbano ap\u00f3s bombardeio israelense"},"content":{"rendered":"<p> <br \/>\n<\/p>\n<div>\n<p>O conflito no Oriente M\u00e9dio fez um v\u00edtima brasileira nesta quarta-feira (25). Um adolescente de 15 anos morreu no L\u00edbano ap\u00f3s uma s\u00e9rie de bombardeios de tropas israelenses.\u00a0Ali Kamal Abdallah foi atingido no Vale do Beqaa, a 30 quil\u00f4metros de Beirute.<img data-recalc-dims=\"1\" decoding=\"async\" src=\"https:\/\/i0.wp.com\/agenciabrasil.ebc.com.br\/ebc.png?w=696&#038;ssl=1\" style=\"width:1px; height:1px; display:inline;\"\/><img data-recalc-dims=\"1\" decoding=\"async\" src=\"https:\/\/i0.wp.com\/agenciabrasil.ebc.com.br\/ebc.gif?w=696&#038;ssl=1\" style=\"width:1px; height:1px; display:inline;\"\/><\/p>\n<p>O pai do adolescente \u00e9 paraguaio e tamb\u00e9m morreu nas explos\u00f5es. A embaixada do Brasil no L\u00edbano est\u00e1 em contato com a fam\u00edlia.<\/p>\n<p>Mais cedo, <a href=\"https:\/\/agenciabrasil.ebc.com.br\/internacional\/noticia\/2024-09\/lula-condena-conflito-entre-israel-e-o-hezbollah-no-libano\" target=\"_blank\" rel=\"noopener\"> o presidente Luiz In\u00e1cio Lula da Silva condenou o conflito entre Israel e o Hezbollah no L\u00edbano<\/a>. Lula concedeu entrevista \u00e0 imprensa ap\u00f3s \u00faltimo compromisso na 79\u00aa Assembleia Geral das Na\u00e7\u00f5es Unidas (ONU), em Nova York.<\/p>\n<p>\u201c\u00c9 importante a gente lembrar que no L\u00edbano o total de mortos \u00e9 620 pessoas. \u00c9 o maior n\u00famero de mortos desde a guerra civil que durou entre 1975 e 1990. \u00c9 importante lembrar tamb\u00e9m que morreram 94 mulheres e 50 crian\u00e7as, 2.058 pessoas feridas e 10 mil pessoas for\u00e7adas a recuar e esvaziar suas casas\u201d, disse Lula.<\/p>\n<p><a href=\"https:\/\/tvbrasil.ebc.com.br\/reporter-brasil\/2024\/09\/brasileira-no-libano-ultima-semana-aqui-foi-terrivel\" target=\"_blank\" rel=\"noopener\">&gt;&gt; Assista na TV Brasil: Brasileira no L\u00edbano conta sobre o terror da \u00faltima semana<\/a><\/p>\n<h2>Rep\u00fadio<\/h2>\n<p>Na segunda-feira (23),<a href=\"https:\/\/tvbrasil.ebc.com.br\/reporter-brasil\/2024\/09\/governo-acompanha-situacao-de-brasileiros-no-libano\" target=\"_blank\" rel=\"noopener\"> o governo brasileiro condenou \u201cnos mais fortes termos\u201d\u00a0os cont\u00ednuos ataques a\u00e9reos israelenses <\/a>contra \u00e1reas civis em Beirute, no Sul do L\u00edbano (foto) e no Vale do Beqaa. O Minist\u00e9rio das Rela\u00e7\u00f5es Exteriores tamb\u00e9m recomendou aos brasileiros que deixassem a \u00e1rea conflagrada. O aeroporto de Beirute continua aberto, mas o governo avalia a necessidade de uma opera\u00e7\u00e3o de repatria\u00e7\u00e3o.<\/p>\n<p>Israel e o grupo Hezbollah, do L\u00edbano, t\u00eam trocado tiros atrav\u00e9s da fronteira desde o in\u00edcio da atual guerra em Gaza no ano passado, detonada ap\u00f3s um ataque do Hamas, aliado do Hezbollah, mas Israel intensificou sua campanha militar na \u00faltima semana.<\/p>\n<p><a href=\"https:\/\/www.gov.br\/mre\/pt-br\/canais_atendimento\/imprensa\/notas-a-imprensa\/ataques-israelenses-ao-libano\" target=\"_blank\" rel=\"noopener\">Em nota<\/a>, o Itamaraty lamentou as declara\u00e7\u00f5es de autoridades israelenses em favor de opera\u00e7\u00f5es militares e da ocupa\u00e7\u00e3o de parte do territ\u00f3rio liban\u00eas e expressou \u201cgrave preocupa\u00e7\u00e3o\u201d diante das exorta\u00e7\u00f5es do governo israelense para que civis libaneses evacuem suas resid\u00eancias naquelas regi\u00f5es.<\/p>\n<p>\u201cO Brasil renova o apelo \u00e0s partes envolvidas para que cessem, imediatamente, os ataques, de forma a interromper a preocupante escalada de tens\u00f5es, que amea\u00e7a conduzir a regi\u00e3o a conflito de amplas propor\u00e7\u00f5es, com severo impacto negativo sobre popula\u00e7\u00f5es civis\u201d.<\/p>\n<h2>Assist\u00eancia\u00a0<\/h2>\n<p>Segundo o Itamaraty, a embaixada do Brasil em Beirute continua prestando assist\u00eancia e fornecendo as orienta\u00e7\u00f5es devidas \u00e0 comunidade brasileira, com a qual mant\u00e9m contato permanente.<\/p>\n<p>Em caso de necessidade, recomenda-se entrar em contato com o plant\u00e3o consular do Itamaraty por meio do n\u00famero +55 (61) 98260-0610 (WhatsApp).<\/p>\n<p>      <!-- Relacionada --><\/p>\n<p>            <!-- Relacionada -->\n    <\/div>\n<p><br \/>\n<br \/><a href=\"https:\/\/agenciabrasil.ebc.com.br\/internacional\/noticia\/2024-09\/adolescente-brasileiro-morre-no-libano-apos-bombardeio-israelense\" rel=\"noopener\">Ag\u00eancia Brasil <\/a><\/p>\n","protected":false},"excerpt":{"rendered":"<p>O conflito no Oriente M\u00e9dio fez um v\u00edtima brasileira nesta quarta-feira (25). Um adolescente de 15 anos morreu no L\u00edbano ap\u00f3s uma s\u00e9rie de bombardeios de tropas israelenses.\u00a0Ali Kamal Abdallah foi atingido no Vale do Beqaa, a 30 quil\u00f4metros de Beirute. O pai do adolescente \u00e9 paraguaio e tamb\u00e9m morreu nas explos\u00f5es. A embaixada do [&hellip;]<\/p>\n","protected":false},"author":1,"featured_media":14773,"comment_status":"open","ping_status":"open","sticky":false,"template":"","format":"standard","meta":{"_jetpack_newsletter_access":"","_jetpack_dont_email_post_to_subs":false,"_jetpack_newsletter_tier_id":0,"_jetpack_memberships_contains_paywalled_content":false,"_mbp_banners":[],"_jetpack_feature_clip_id":0,"_jetpack_memberships_contains_paid_content":false,"footnotes":"","jetpack_publicize_message":"","jetpack_publicize_feature_enabled":true,"jetpack_social_post_already_shared":true,"jetpack_social_options":{"image_generator_settings":{"template":"highway","default_image_id":0,"font":"","enabled":false},"version":2},"jetpack_post_was_ever_published":false},"categories":[25],"tags":[],"class_list":["post-14772","post","type-post","status-publish","format-standard","has-post-thumbnail","category-internacional"],"jetpack_publicize_connections":[],"jetpack-related-posts":[],"jetpack_shortlink":"https:\/\/wp.me\/p7Eq1F-3Qg","jetpack_sharing_enabled":true,"jetpack_featured_media_url":"https:\/\/i0.wp.com\/guialimeira.com.br\/news\/wp-content\/uploads\/2024\/09\/2024-09-25t183134z_1_lynxmpek8o0qj_rtroptp_4_israel-palestinians-lebanon.jpg?fit=1600%2C800&ssl=1","_links":{"self":[{"href":"https:\/\/guialimeira.com.br\/news\/wp-json\/wp\/v2\/posts\/14772","targetHints":{"allow":["GET"]}}],"collection":[{"href":"https:\/\/guialimeira.com.br\/news\/wp-json\/wp\/v2\/posts"}],"about":[{"href":"https:\/\/guialimeira.com.br\/news\/wp-json\/wp\/v2\/types\/post"}],"author":[{"embeddable":true,"href":"https:\/\/guialimeira.com.br\/news\/wp-json\/wp\/v2\/users\/1"}],"replies":[{"embeddable":true,"href":"https:\/\/guialimeira.com.br\/news\/wp-json\/wp\/v2\/comments?post=14772"}],"version-history":[{"count":0,"href":"https:\/\/guialimeira.com.br\/news\/wp-json\/wp\/v2\/posts\/14772\/revisions"}],"wp:featuredmedia":[{"embeddable":true,"href":"https:\/\/guialimeira.com.br\/news\/wp-json\/wp\/v2\/media\/14773"}],"wp:attachment":[{"href":"https:\/\/guialimeira.com.br\/news\/wp-json\/wp\/v2\/media?parent=14772"}],"wp:term":[{"taxonomy":"category","embeddable":true,"href":"https:\/\/guialimeira.com.br\/news\/wp-json\/wp\/v2\/categories?post=14772"},{"taxonomy":"post_tag","embeddable":true,"href":"https:\/\/guialimeira.com.br\/news\/wp-json\/wp\/v2\/tags?post=14772"}],"curies":[{"name":"wp","href":"https:\/\/api.w.org\/{rel}","templated":true}]}}