{"id":14770,"date":"2024-09-25T20:27:41","date_gmt":"2024-09-25T23:27:41","guid":{"rendered":"https:\/\/guialimeira.com.br\/2024\/09\/25\/marcas-de-azeite-e-coco-ralado-sao-proibidas-pela-anvisa\/"},"modified":"2024-09-25T20:27:41","modified_gmt":"2024-09-25T23:27:41","slug":"marcas-de-azeite-e-coco-ralado-sao-proibidas-pela-anvisa","status":"publish","type":"post","link":"https:\/\/guialimeira.com.br\/news\/marcas-de-azeite-e-coco-ralado-sao-proibidas-pela-anvisa\/","title":{"rendered":"Marcas de azeite e coco ralado s\u00e3o proibidas pela Anvisa"},"content":{"rendered":"<p> <br \/>\n<\/p>\n<div>\n<p>A importa\u00e7\u00e3o e distribui\u00e7\u00e3o de azeites das marcas Serrano e Cordilheira \u2013 extra virgem, com 0,5% de acidez &#8211; por empresas de proced\u00eancia desconhecida no Brasil levaram a Ag\u00eancia Nacional de Vigil\u00e2ncia Sanit\u00e1ria (Anvisa) a proibir a venda dos dois produtos no pa\u00eds.<img data-recalc-dims=\"1\" decoding=\"async\" src=\"https:\/\/i0.wp.com\/agenciabrasil.ebc.com.br\/ebc.png?w=696&#038;ssl=1\" style=\"width:1px; height:1px; display:inline;\"\/><img data-recalc-dims=\"1\" decoding=\"async\" src=\"https:\/\/i0.wp.com\/agenciabrasil.ebc.com.br\/ebc.gif?w=696&#038;ssl=1\" style=\"width:1px; height:1px; display:inline;\"\/><\/p>\n<p>A <a href=\"https:\/\/www.in.gov.br\/en\/web\/dou\/-\/resolucao-re-n-3.508-de-20-de-setembro-de-2024-586200358\" target=\"_blank\" rel=\"noopener\">resolu\u00e7\u00e3o\u00a0n\u00ba 3.508<\/a>, de 20 de setembro, foi publicada ontem (24) no Di\u00e1rio Oficial da Uni\u00e3o, e trouxe tamb\u00e9m a suspens\u00e3o da comercializa\u00e7\u00e3o de um lote de coco ralado da marca Coco &amp; Cia.<\/p>\n<p>A proibi\u00e7\u00e3o da fabrica\u00e7\u00e3o, da propaganda e do uso dos azeites ocorreu porque os produtos foram importados por empresas sem o Cadastro Nacional de Pessoas Jur\u00eddicas (CNPJ), portanto, desconhecidas no pa\u00eds. De acordo com a\u00a0Anvisa, a falta de identifica\u00e7\u00e3o n\u00e3o permite garantir a seguran\u00e7a e a qualidade dos produtos.<\/p>\n<p>A Anvisa tamb\u00e9m suspendeu a comercializa\u00e7\u00e3o e determinou o recolhimento do lote 030424158 de coco ralado da marca Coco &amp; Cia. Conforme a ag\u00eancia, foi registrada no produto a presen\u00e7a de di\u00f3xido de enxofre, um conservante, acima do permitido.<\/p>\n<p>A Coco &amp; Cia, em nota, afirmou ter sido surpreendida pela decis\u00e3o da Anvisa. A fabricante disse que j\u00e1 havia recolhido o pedido por conta pr\u00f3pria, em 29 de julho, assim que recebeu o comunicado da ag\u00eancia.<\/p>\n<p>&#8220;A inconformidade estava presente apenas no lote j\u00e1 citado, que foi recolhido e n\u00e3o circula mais no mercado. Lamentamos o ocorrido e n\u00e3o compreendemos o porqu\u00ea da Resolu\u00e7\u00e3o \u2013 RE N\u00ba 3.508 ter sido divulgada meses ap\u00f3s o ocorrido ser resolvido&#8221;, destacou o comunicado da empresa.<\/p>\n<p>A <strong>Ag\u00eancia Brasil <\/strong>n\u00e3o conseguiu contato com as marcas Serrano e Cordilheira, mas mant\u00e9m o espa\u00e7o aberto para inclus\u00e3o do posicionamento.\u00a0<\/p>\n<p>      <!-- Relacionada --><\/p>\n<p>            <!-- Relacionada -->\n    <\/div>\n<p><br \/>\n<br \/><a href=\"https:\/\/agenciabrasil.ebc.com.br\/saude\/noticia\/2024-09\/marcas-de-azeite-e-coco-ralado-sao-proibidas-pela-anvisa\" rel=\"noopener\">Ag\u00eancia Brasil <\/a><\/p>\n","protected":false},"excerpt":{"rendered":"<p>A importa\u00e7\u00e3o e distribui\u00e7\u00e3o de azeites das marcas Serrano e Cordilheira \u2013 extra virgem, com 0,5% de acidez &#8211; por empresas de proced\u00eancia desconhecida no Brasil levaram a Ag\u00eancia Nacional de Vigil\u00e2ncia Sanit\u00e1ria (Anvisa) a proibir a venda dos dois produtos no pa\u00eds. A resolu\u00e7\u00e3o\u00a0n\u00ba 3.508, de 20 de setembro, foi publicada ontem (24) no [&hellip;]<\/p>\n","protected":false},"author":1,"featured_media":14771,"comment_status":"open","ping_status":"open","sticky":false,"template":"","format":"standard","meta":{"_jetpack_newsletter_access":"","_jetpack_dont_email_post_to_subs":false,"_jetpack_newsletter_tier_id":0,"_jetpack_memberships_contains_paywalled_content":false,"_mbp_banners":[],"_jetpack_feature_clip_id":0,"_jetpack_memberships_contains_paid_content":false,"footnotes":"","jetpack_publicize_message":"","jetpack_publicize_feature_enabled":true,"jetpack_social_post_already_shared":true,"jetpack_social_options":{"image_generator_settings":{"template":"highway","default_image_id":0,"font":"","enabled":false},"version":2},"jetpack_post_was_ever_published":false},"categories":[15],"tags":[],"class_list":["post-14770","post","type-post","status-publish","format-standard","has-post-thumbnail","category-saude"],"jetpack_publicize_connections":[],"jetpack-related-posts":[],"jetpack_shortlink":"https:\/\/wp.me\/p7Eq1F-3Qe","jetpack_sharing_enabled":true,"jetpack_featured_media_url":"https:\/\/i0.wp.com\/guialimeira.com.br\/news\/wp-content\/uploads\/2024\/09\/freepik.jpg?fit=1600%2C800&ssl=1","_links":{"self":[{"href":"https:\/\/guialimeira.com.br\/news\/wp-json\/wp\/v2\/posts\/14770","targetHints":{"allow":["GET"]}}],"collection":[{"href":"https:\/\/guialimeira.com.br\/news\/wp-json\/wp\/v2\/posts"}],"about":[{"href":"https:\/\/guialimeira.com.br\/news\/wp-json\/wp\/v2\/types\/post"}],"author":[{"embeddable":true,"href":"https:\/\/guialimeira.com.br\/news\/wp-json\/wp\/v2\/users\/1"}],"replies":[{"embeddable":true,"href":"https:\/\/guialimeira.com.br\/news\/wp-json\/wp\/v2\/comments?post=14770"}],"version-history":[{"count":0,"href":"https:\/\/guialimeira.com.br\/news\/wp-json\/wp\/v2\/posts\/14770\/revisions"}],"wp:featuredmedia":[{"embeddable":true,"href":"https:\/\/guialimeira.com.br\/news\/wp-json\/wp\/v2\/media\/14771"}],"wp:attachment":[{"href":"https:\/\/guialimeira.com.br\/news\/wp-json\/wp\/v2\/media?parent=14770"}],"wp:term":[{"taxonomy":"category","embeddable":true,"href":"https:\/\/guialimeira.com.br\/news\/wp-json\/wp\/v2\/categories?post=14770"},{"taxonomy":"post_tag","embeddable":true,"href":"https:\/\/guialimeira.com.br\/news\/wp-json\/wp\/v2\/tags?post=14770"}],"curies":[{"name":"wp","href":"https:\/\/api.w.org\/{rel}","templated":true}]}}