{"id":14769,"date":"2024-09-25T19:26:44","date_gmt":"2024-09-25T22:26:44","guid":{"rendered":"https:\/\/guialimeira.com.br\/2024\/09\/25\/bahia-registra-seis-casos-de-botulismo-com-duas-mortes-confirmadas\/"},"modified":"2024-09-25T19:26:44","modified_gmt":"2024-09-25T22:26:44","slug":"bahia-registra-seis-casos-de-botulismo-com-duas-mortes-confirmadas","status":"publish","type":"post","link":"https:\/\/guialimeira.com.br\/news\/bahia-registra-seis-casos-de-botulismo-com-duas-mortes-confirmadas\/","title":{"rendered":"Bahia registra seis casos de botulismo, com duas mortes confirmadas"},"content":{"rendered":"<p> <br \/>\n<\/p>\n<div>\n<p>Uma doen\u00e7a rara e grave preocupa a popula\u00e7\u00e3o baiana. Nesta quarta-feira (25), a Vigil\u00e2ncia Epidemiol\u00f3gica da Bahia confirmou o sexto caso de botulismo no estado desde janeiro de 2024.<img data-recalc-dims=\"1\" decoding=\"async\" src=\"https:\/\/i0.wp.com\/agenciabrasil.ebc.com.br\/ebc.png?w=696&#038;ssl=1\" style=\"width:1px; height:1px; display:inline;\"\/><img data-recalc-dims=\"1\" decoding=\"async\" src=\"https:\/\/i0.wp.com\/agenciabrasil.ebc.com.br\/ebc.gif?w=696&#038;ssl=1\" style=\"width:1px; height:1px; display:inline;\"\/><\/p>\n<p>Duas pessoas morreram, tr\u00eas ainda est\u00e3o hospitalizadas e apenas um paciente teve alta. Elas s\u00e3o dos munic\u00edpios de Salvador, Campo Formoso, Senhor do Bonfim e C\u00edcero Dantas.<\/p>\n<p>A principal suspeita \u00e9 de que infec\u00e7\u00e3o se deu por meio da ingest\u00e3o de mortadela de frango contaminada.<\/p>\n<p>Em 2023, foram registrados dois casos de botulismo na Bahia, sendo ambos em Feira de Santana.<\/p>\n<p>Em<a href=\"https:\/\/www.saude.ba.gov.br\/2024\/09\/25\/atualizacao-dos-casos-de-botulismo-na-bahia\/\" target=\"_blank\" rel=\"noopener\"> v\u00eddeo divulgado no site<\/a> da Secretaria de Sa\u00fade do Estado da Bahia, a coordenadora de Doen\u00e7as e Agravos Transmiss\u00edveis, Eleuzina Falc\u00e3o, ressaltou que por se tratar de uma doen\u00e7a grave, um caso j\u00e1 seria considerado surto. Ela pede que a popula\u00e7\u00e3o fique atenta aos sintomas, especialmente a uma eventual paralisa muscular repentina.<\/p>\n<p>&#8220;\u00c9 fundamental tamb\u00e9m redobrar o cuidado com alimentos e bebidas. Verificar prazo de validade, selo de qualidade, lata estufada, vidros emba\u00e7ados&#8221;, alerta Eleuzina.<\/p>\n<p>De acordo com o<a href=\"https:\/\/www.gov.br\/saude\/pt-br\/assuntos\/saude-de-a-a-z\/b\/botulismo\" target=\"_blank\" rel=\"noopener\"> gloss\u00e1rio do Minist\u00e9rio da Sa\u00fade<\/a>, o botulismo \u00e9 uma doen\u00e7a neuroparal\u00edtica grave, rara, n\u00e3o contagiosa, causada pela a\u00e7\u00e3o de uma potente toxina produzida pela bact\u00e9ria\u00a0Clostridium botulinum (C botulinum). O agente etiol\u00f3gico entra no organismo por meio de ferimentos ou pela ingest\u00e3o de alimentos contaminados que n\u00e3o t\u00eam produ\u00e7\u00e3o e\/ou conserva\u00e7\u00e3o adequada.<\/p>\n<p>Sua notifica\u00e7\u00e3o \u00e9 compuls\u00f3ria e imediata\u00a0(em at\u00e9 24 horas)\u00a0para que as a\u00e7\u00f5es de vigil\u00e2ncia sejam realizadas em tempo de prevenir outros casos.\u00a0A doen\u00e7a pode levar \u00e0 morte\u00a0por paralisia da musculatura respirat\u00f3ria.<\/p>\n<p>      <!-- Relacionada --><\/p>\n<p>            <!-- Relacionada -->\n    <\/div>\n<p><br \/>\n<br \/><a href=\"https:\/\/agenciabrasil.ebc.com.br\/saude\/noticia\/2024-09\/bahia-registra-seis-casos-de-botulismo-com-duas-mortes-confirmadas\" rel=\"noopener\">Ag\u00eancia Brasil <\/a><\/p>\n","protected":false},"excerpt":{"rendered":"<p>Uma doen\u00e7a rara e grave preocupa a popula\u00e7\u00e3o baiana. Nesta quarta-feira (25), a Vigil\u00e2ncia Epidemiol\u00f3gica da Bahia confirmou o sexto caso de botulismo no estado desde janeiro de 2024. Duas pessoas morreram, tr\u00eas ainda est\u00e3o hospitalizadas e apenas um paciente teve alta. Elas s\u00e3o dos munic\u00edpios de Salvador, Campo Formoso, Senhor do Bonfim e C\u00edcero [&hellip;]<\/p>\n","protected":false},"author":1,"featured_media":269,"comment_status":"open","ping_status":"open","sticky":false,"template":"","format":"standard","meta":{"_jetpack_newsletter_access":"","_jetpack_dont_email_post_to_subs":false,"_jetpack_newsletter_tier_id":0,"_jetpack_memberships_contains_paywalled_content":false,"_mbp_banners":[],"_jetpack_feature_clip_id":0,"_jetpack_memberships_contains_paid_content":false,"footnotes":"","jetpack_publicize_message":"","jetpack_publicize_feature_enabled":true,"jetpack_social_post_already_shared":true,"jetpack_social_options":{"image_generator_settings":{"template":"highway","default_image_id":0,"font":"","enabled":false},"version":2},"jetpack_post_was_ever_published":false},"categories":[15],"tags":[],"class_list":["post-14769","post","type-post","status-publish","format-standard","has-post-thumbnail","category-saude"],"jetpack_publicize_connections":[],"jetpack-related-posts":[],"jetpack_shortlink":"https:\/\/wp.me\/p7Eq1F-3Qd","jetpack_sharing_enabled":true,"jetpack_featured_media_url":"https:\/\/i0.wp.com\/guialimeira.com.br\/news\/wp-content\/uploads\/2024\/03\/thumb_1200x600_agbrasil.png?fit=1200%2C600&ssl=1","_links":{"self":[{"href":"https:\/\/guialimeira.com.br\/news\/wp-json\/wp\/v2\/posts\/14769","targetHints":{"allow":["GET"]}}],"collection":[{"href":"https:\/\/guialimeira.com.br\/news\/wp-json\/wp\/v2\/posts"}],"about":[{"href":"https:\/\/guialimeira.com.br\/news\/wp-json\/wp\/v2\/types\/post"}],"author":[{"embeddable":true,"href":"https:\/\/guialimeira.com.br\/news\/wp-json\/wp\/v2\/users\/1"}],"replies":[{"embeddable":true,"href":"https:\/\/guialimeira.com.br\/news\/wp-json\/wp\/v2\/comments?post=14769"}],"version-history":[{"count":0,"href":"https:\/\/guialimeira.com.br\/news\/wp-json\/wp\/v2\/posts\/14769\/revisions"}],"wp:featuredmedia":[{"embeddable":true,"href":"https:\/\/guialimeira.com.br\/news\/wp-json\/wp\/v2\/media\/269"}],"wp:attachment":[{"href":"https:\/\/guialimeira.com.br\/news\/wp-json\/wp\/v2\/media?parent=14769"}],"wp:term":[{"taxonomy":"category","embeddable":true,"href":"https:\/\/guialimeira.com.br\/news\/wp-json\/wp\/v2\/categories?post=14769"},{"taxonomy":"post_tag","embeddable":true,"href":"https:\/\/guialimeira.com.br\/news\/wp-json\/wp\/v2\/tags?post=14769"}],"curies":[{"name":"wp","href":"https:\/\/api.w.org\/{rel}","templated":true}]}}