{"id":14767,"date":"2024-09-25T18:31:47","date_gmt":"2024-09-25T21:31:47","guid":{"rendered":"https:\/\/guialimeira.com.br\/2024\/09\/25\/lula-condena-conflito-entre-israel-e-o-hezbollah-no-libano\/"},"modified":"2024-09-25T18:31:47","modified_gmt":"2024-09-25T21:31:47","slug":"lula-condena-conflito-entre-israel-e-o-hezbollah-no-libano","status":"publish","type":"post","link":"https:\/\/guialimeira.com.br\/news\/lula-condena-conflito-entre-israel-e-o-hezbollah-no-libano\/","title":{"rendered":"Lula condena conflito entre Israel e o Hezbollah no L\u00edbano"},"content":{"rendered":"<p> <br \/>\n<\/p>\n<div>\n<p>Em seu \u00faltimo compromisso na 79\u00aa Assembleia Geral das Na\u00e7\u00f5es Unidas (ONU), em Nova York, nesta quarta-feira (25) o presidente Luiz In\u00e1cio Lula da Silva condenou o conflito entre Israel e o Hezbollah no L\u00edbano.<img data-recalc-dims=\"1\" decoding=\"async\" src=\"https:\/\/i0.wp.com\/agenciabrasil.ebc.com.br\/ebc.png?w=696&#038;ssl=1\" style=\"width:1px; height:1px; display:inline;\"\/><img data-recalc-dims=\"1\" decoding=\"async\" src=\"https:\/\/i0.wp.com\/agenciabrasil.ebc.com.br\/ebc.gif?w=696&#038;ssl=1\" style=\"width:1px; height:1px; display:inline;\"\/><\/p>\n<p>\u201c\u00c9 importante a gente lembrar que no L\u00edbano o total de mortos \u00e9 620 pessoas. \u00c9 o maior n\u00famero de mortos desde a guerra civil que durou entre 1975 e 1990. \u00c9 importante lembrar tamb\u00e9m que morreram 94 mulheres e 50 crian\u00e7as, 2.058 pessoas feridas e 10 mil pessoas for\u00e7adas a recuar e esvaziar suas casas\u201d, disse Lula em coletiva de imprensa.<\/p>\n<p>Ele lembrou que na Cisjord\u00e2nia j\u00e1 morreu muita gente, com 5.700 pessoas feridas.<\/p>\n<p>\u201cAl\u00e9m do que eu chamo de genoc\u00eddio na Faixa de Gaza. \u00c9 importante lembrar que o primeiro-ministro\u00a0Benjamin Netanyahu\u00a0foi julgado pelo Tribunal Internacional que julgou Vladimir Putin e ele est\u00e1 condenado da mesma forma que o Putin. \u00c9 importante lembrar que j\u00e1 foram feitas v\u00e1rias discuss\u00f5es aqui no Conselho de Seguran\u00e7a da ONU, v\u00e1rias tentativas de paz e de cessar-fogo foram aprovadas e que ele n\u00e3o cumpre\u201d, acrescentou.<\/p>\n<p>Para o presidente, os pa\u00edses que d\u00e3o sustenta\u00e7\u00e3o ao discurso do primeiro-ministro\u00a0Netanyahu\u00a0precisam come\u00e7ar a fazer um esfor\u00e7o maior para que esse genoc\u00eddio pare porque o mundo est\u00e1 numa situa\u00e7\u00e3o de um lado cuidando do planeta para ter melhor qualidade de vida e reduzir o g\u00e1s de efeito estufa, e de outro lado os seres humanos se matando.<\/p>\n<blockquote>\n<p>\u201cPortanto eu condeno de forma veemente esse comportamento do governo de Israel que eu tenho certeza que a maioria do povo de Israel n\u00e3o concorda com esse genoc\u00eddio. Tamb\u00e9m estamos brigando para libertar os ref\u00e9ns do Hamas. N\u00e3o tem sentido fazer ref\u00e9ns pessoas inocentes. \u00c9 importante que o Hamas contribua para que haja mais eloqu\u00eancia para liberar os ref\u00e9ns. Eu acho que a humanidade n\u00e3o pode conviver e aceitar como normalidade o que est\u00e1 acontecendo em Israel, na Faixa de Gaza, no L\u00edbano, na Cisjord\u00e2nia\u201d, disse Lula.<\/p>\n<\/blockquote>\n<p>Lula reiterou o posicionamento do Brasil da necessidade de renova\u00e7\u00e3o das Na\u00e7\u00f5es Unidas para que ela possa resolver conflitos que hoje est\u00e3o \u00e0 deriva porque n\u00e3o tem governan\u00e7a global no mundo.<\/p>\n<p>\u201cSe a gente n\u00e3o renovar a ONU, colocando mais representatividade de mais continentes, a geopol\u00edtica de hoje \u00e9 diferente da de 1945, a import\u00e2ncia dos pa\u00edses tamb\u00e9m \u00e9 diferente para mais ou para menos. Ent\u00e3o o que estamos defendendo \u00e9 que haja uma nova geopol\u00edtica para que a gente possa ter a totalidade dos continentes representados na ONU, inclusive no Conselho de Seguran\u00e7a acabando com o direito de veto e aumentando o poder de comando das Na\u00e7\u00f5es Unidas\u201d, afirmou o presidente.<\/p>\n<p>      <!-- Relacionada --><\/p>\n<p>            <!-- Relacionada -->\n    <\/div>\n<p><br \/>\n<br \/><a href=\"https:\/\/agenciabrasil.ebc.com.br\/internacional\/noticia\/2024-09\/lula-condena-conflito-entre-israel-e-o-hezbollah-no-libano\" rel=\"noopener\">Ag\u00eancia Brasil <\/a><\/p>\n","protected":false},"excerpt":{"rendered":"<p>Em seu \u00faltimo compromisso na 79\u00aa Assembleia Geral das Na\u00e7\u00f5es Unidas (ONU), em Nova York, nesta quarta-feira (25) o presidente Luiz In\u00e1cio Lula da Silva condenou o conflito entre Israel e o Hezbollah no L\u00edbano. \u201c\u00c9 importante a gente lembrar que no L\u00edbano o total de mortos \u00e9 620 pessoas. \u00c9 o maior n\u00famero de [&hellip;]<\/p>\n","protected":false},"author":1,"featured_media":14768,"comment_status":"open","ping_status":"open","sticky":false,"template":"","format":"standard","meta":{"_jetpack_newsletter_access":"","_jetpack_dont_email_post_to_subs":false,"_jetpack_newsletter_tier_id":0,"_jetpack_memberships_contains_paywalled_content":false,"_mbp_banners":[],"_jetpack_feature_clip_id":0,"_jetpack_memberships_contains_paid_content":false,"footnotes":"","jetpack_publicize_message":"","jetpack_publicize_feature_enabled":true,"jetpack_social_post_already_shared":true,"jetpack_social_options":{"image_generator_settings":{"template":"highway","default_image_id":0,"font":"","enabled":false},"version":2},"jetpack_post_was_ever_published":false},"categories":[25],"tags":[],"class_list":["post-14767","post","type-post","status-publish","format-standard","has-post-thumbnail","category-internacional"],"jetpack_publicize_connections":[],"jetpack-related-posts":[],"jetpack_shortlink":"https:\/\/wp.me\/p7Eq1F-3Qb","jetpack_sharing_enabled":true,"jetpack_featured_media_url":"https:\/\/i0.wp.com\/guialimeira.com.br\/news\/wp-content\/uploads\/2024\/09\/54021804764_c74b2b9097_o.jpg?fit=1600%2C800&ssl=1","_links":{"self":[{"href":"https:\/\/guialimeira.com.br\/news\/wp-json\/wp\/v2\/posts\/14767","targetHints":{"allow":["GET"]}}],"collection":[{"href":"https:\/\/guialimeira.com.br\/news\/wp-json\/wp\/v2\/posts"}],"about":[{"href":"https:\/\/guialimeira.com.br\/news\/wp-json\/wp\/v2\/types\/post"}],"author":[{"embeddable":true,"href":"https:\/\/guialimeira.com.br\/news\/wp-json\/wp\/v2\/users\/1"}],"replies":[{"embeddable":true,"href":"https:\/\/guialimeira.com.br\/news\/wp-json\/wp\/v2\/comments?post=14767"}],"version-history":[{"count":0,"href":"https:\/\/guialimeira.com.br\/news\/wp-json\/wp\/v2\/posts\/14767\/revisions"}],"wp:featuredmedia":[{"embeddable":true,"href":"https:\/\/guialimeira.com.br\/news\/wp-json\/wp\/v2\/media\/14768"}],"wp:attachment":[{"href":"https:\/\/guialimeira.com.br\/news\/wp-json\/wp\/v2\/media?parent=14767"}],"wp:term":[{"taxonomy":"category","embeddable":true,"href":"https:\/\/guialimeira.com.br\/news\/wp-json\/wp\/v2\/categories?post=14767"},{"taxonomy":"post_tag","embeddable":true,"href":"https:\/\/guialimeira.com.br\/news\/wp-json\/wp\/v2\/tags?post=14767"}],"curies":[{"name":"wp","href":"https:\/\/api.w.org\/{rel}","templated":true}]}}