{"id":14759,"date":"2024-09-25T16:23:40","date_gmt":"2024-09-25T19:23:40","guid":{"rendered":"https:\/\/guialimeira.com.br\/2024\/09\/25\/saude-vai-intensificar-acoes-para-mitigar-efeito-de-queimadas\/"},"modified":"2024-09-25T16:23:40","modified_gmt":"2024-09-25T19:23:40","slug":"saude-vai-intensificar-acoes-para-mitigar-efeito-de-queimadas","status":"publish","type":"post","link":"https:\/\/guialimeira.com.br\/news\/saude-vai-intensificar-acoes-para-mitigar-efeito-de-queimadas\/","title":{"rendered":"Sa\u00fade vai intensificar a\u00e7\u00f5es para mitigar efeito de queimadas"},"content":{"rendered":"<p> <br \/>\n<\/p>\n<div>\n<p>A ministra da Sa\u00fade, N\u00edsia Trindade, anunciou hoje (25) que vai intensificar os trabalhos da Sala de Situa\u00e7\u00e3o Nacional de Emerg\u00eancias Clim\u00e1ticas em Sa\u00fade, diante do atual quadro de secas, queimadas e demais ocorr\u00eancias geradas pelas mudan\u00e7as no clima. A Sala de Situa\u00e7\u00e3o existe desde junho e\u00a0tem como objetivo planejar, organizar, coordenar e controlar as medidas a serem empregadas em momentos de urg\u00eancia.<img data-recalc-dims=\"1\" decoding=\"async\" src=\"https:\/\/i0.wp.com\/agenciabrasil.ebc.com.br\/ebc.png?w=696&#038;ssl=1\" style=\"width:1px; height:1px; display:inline;\"\/><img data-recalc-dims=\"1\" decoding=\"async\" src=\"https:\/\/i0.wp.com\/agenciabrasil.ebc.com.br\/ebc.gif?w=696&#038;ssl=1\" style=\"width:1px; height:1px; display:inline;\"\/><\/p>\n<p>O excesso de fuligem e fuma\u00e7a no ar, associado ao clima seco, pode provocar\u00a0mal-estar a muitas pessoas, em especial crian\u00e7as e idosos. Especialistas t\u00eam apontado <a href=\"https:\/\/agenciabrasil.ebc.com.br\/saude\/noticia\/2024-09\/efeitos-da-fumaca-na-saude-preocupam-especialistas\" target=\"_blank\" rel=\"noopener\">preocupa\u00e7\u00e3o com a sa\u00fade da popula\u00e7\u00e3o<\/a> diante do agravamento dos cen\u00e1rios de seca.\u00a0\u00a0<\/p>\n<p>Segundo a ministra, a partir dos dados obtidos pelo programa Vigiar (Vigil\u00e2ncia em Sa\u00fade Ambiental e Qualidade do AR), o Minist\u00e9rio da Sa\u00fade estabelece as parcerias com os secret\u00e1rios estaduais e municipais de sa\u00fade pelo pa\u00eds.\u00a0<\/p>\n<p>N\u00edsia destacou que, apesar de as recomenda\u00e7\u00f5es do Minist\u00e9rio de Sa\u00fade serem uniformes, existe a necessidade de se observar as especificidades de cada regi\u00e3o. \u201cH\u00e1 uma capilaridade na forma de atuar que precisa ser feita em conjunto com as equipes do estado e dos munic\u00edpios\u201d, disse, durante entrevista do programa <em>Bom dia,\u00a0ministra<\/em>.<\/p>\n<p>A a\u00e7\u00e3o da For\u00e7a Nacional SUS, a postos no apoio aos estados e munic\u00edpios atingidos pelas queimadas, tamb\u00e9m pode ser intensificada principalmente no refor\u00e7o das equipes do programa Sa\u00fade da Fam\u00edlia e nas unidades b\u00e1sicas de sa\u00fade.\u00a0<\/p>\n<h2>Yanomami<\/h2>\n<p>Durante entrevista<em>, <\/em>N\u00edsia destacou ainda a\u00a0amplia\u00e7\u00e3o do n\u00famero\u00a0de m\u00e9dicos no territ\u00f3rio Yanomani, com a contrata\u00e7\u00e3o de 400 profissionais de sa\u00fade, como ginecologistas, obstetras, m\u00e9dicos de fam\u00edlia, pediatras, infectologias, socorristas e sanitaristas. O investimento foi feito em conjunto pela pela Secretaria de Sa\u00fade Ind\u00edgena (Sesai) e a Ag\u00eancia Brasileira de Apoio \u00e0 Gest\u00e3o do SUS (AgSus).<\/p>\n<h2>Arboviroses<\/h2>\n<p>A ministra citou ainda o lan\u00e7amento do plano de a\u00e7\u00e3o para redu\u00e7\u00e3o dos impactos das arboviroses. Segundo ela, a dengue ampliou sua escala de presen\u00e7a chegando hoje a cerca de 200 pa\u00edses. \u201cO Uruguai, por exemplo, teve agora uma primeira epidemia de dengue\u201d, comentou. A inten\u00e7\u00e3o do minist\u00e9rio \u00e9, al\u00e9m das estrat\u00e9gicas tradicionais no combate ao mosquito <em>Aedes Aegypti<\/em> (transmissor da doen\u00e7a),\u00a0utilizar novas tecnologias a partir de estudos cient\u00edficos, como o chamado M\u00e9todo Wolbachia, conduzido pela Funda\u00e7\u00e3o Oswaldo Cruz (Fiocruz).<\/p>\n<p>Trata-se de um m\u00e9todo de liberar os mosquitos com a bact\u00e9ria chamada Wolbachia, que impede o desenvolvimento dos v\u00edrus da dengue, zika e chikungunya e febre amarela no organismo dos insetos, de modo a inibir o cont\u00e1gio em seres humanos a partir das suas picadas.\u00a0<\/p>\n<h2>Ultraprocessados<\/h2>\n<p>A ministra ainda comentou que tem tratado com o ministro da economia, Fernando Haddad, aspectos da reforma tribut\u00e1ria enfatizando a necessidade de aumentar a incid\u00eancia de impostos sobre produtos ultraprocessados e cigarros, prejudiciais \u00e0 sa\u00fade da popula\u00e7\u00e3o.<\/p>\n<p>O programa\u00a0<em>Bom Dia, Ministra<\/em>\u00a0\u00e9 uma produ\u00e7\u00e3o da Secretaria de Comunica\u00e7\u00e3o Social da Presid\u00eancia da Rep\u00fablica (Secom) e da <strong>Empresa Brasil de Comunica\u00e7\u00e3o (EBC)<\/strong>, exibido ao vivo e conta com o formato de entrevista coletiva, com participa\u00e7\u00e3o de rep\u00f3rteres de diversas partes do pa\u00eds.<\/p>\n<p>      <!-- Relacionada --><\/p>\n<p>            <!-- Relacionada -->\n    <\/div>\n<p><br \/>\n<br \/><a href=\"https:\/\/agenciabrasil.ebc.com.br\/saude\/noticia\/2024-09\/saude-vai-intensificar-acoes-para-mitigar-efeito-de-queimadas\" rel=\"noopener\">Ag\u00eancia Brasil <\/a><\/p>\n","protected":false},"excerpt":{"rendered":"<p>A ministra da Sa\u00fade, N\u00edsia Trindade, anunciou hoje (25) que vai intensificar os trabalhos da Sala de Situa\u00e7\u00e3o Nacional de Emerg\u00eancias Clim\u00e1ticas em Sa\u00fade, diante do atual quadro de secas, queimadas e demais ocorr\u00eancias geradas pelas mudan\u00e7as no clima. A Sala de Situa\u00e7\u00e3o existe desde junho e\u00a0tem como objetivo planejar, organizar, coordenar e controlar as [&hellip;]<\/p>\n","protected":false},"author":1,"featured_media":14760,"comment_status":"open","ping_status":"open","sticky":false,"template":"","format":"standard","meta":{"_jetpack_newsletter_access":"","_jetpack_dont_email_post_to_subs":false,"_jetpack_newsletter_tier_id":0,"_jetpack_memberships_contains_paywalled_content":false,"_mbp_banners":[],"_jetpack_feature_clip_id":0,"_jetpack_memberships_contains_paid_content":false,"footnotes":"","jetpack_publicize_message":"","jetpack_publicize_feature_enabled":true,"jetpack_social_post_already_shared":true,"jetpack_social_options":{"image_generator_settings":{"template":"highway","default_image_id":0,"font":"","enabled":false},"version":2},"jetpack_post_was_ever_published":false},"categories":[15],"tags":[],"class_list":["post-14759","post","type-post","status-publish","format-standard","has-post-thumbnail","category-saude"],"jetpack_publicize_connections":[],"jetpack-related-posts":[],"jetpack_shortlink":"https:\/\/wp.me\/p7Eq1F-3Q3","jetpack_sharing_enabled":true,"jetpack_featured_media_url":"https:\/\/i0.wp.com\/guialimeira.com.br\/news\/wp-content\/uploads\/2024\/09\/nisia_trindade02.jpg?fit=1600%2C800&ssl=1","_links":{"self":[{"href":"https:\/\/guialimeira.com.br\/news\/wp-json\/wp\/v2\/posts\/14759","targetHints":{"allow":["GET"]}}],"collection":[{"href":"https:\/\/guialimeira.com.br\/news\/wp-json\/wp\/v2\/posts"}],"about":[{"href":"https:\/\/guialimeira.com.br\/news\/wp-json\/wp\/v2\/types\/post"}],"author":[{"embeddable":true,"href":"https:\/\/guialimeira.com.br\/news\/wp-json\/wp\/v2\/users\/1"}],"replies":[{"embeddable":true,"href":"https:\/\/guialimeira.com.br\/news\/wp-json\/wp\/v2\/comments?post=14759"}],"version-history":[{"count":0,"href":"https:\/\/guialimeira.com.br\/news\/wp-json\/wp\/v2\/posts\/14759\/revisions"}],"wp:featuredmedia":[{"embeddable":true,"href":"https:\/\/guialimeira.com.br\/news\/wp-json\/wp\/v2\/media\/14760"}],"wp:attachment":[{"href":"https:\/\/guialimeira.com.br\/news\/wp-json\/wp\/v2\/media?parent=14759"}],"wp:term":[{"taxonomy":"category","embeddable":true,"href":"https:\/\/guialimeira.com.br\/news\/wp-json\/wp\/v2\/categories?post=14759"},{"taxonomy":"post_tag","embeddable":true,"href":"https:\/\/guialimeira.com.br\/news\/wp-json\/wp\/v2\/tags?post=14759"}],"curies":[{"name":"wp","href":"https:\/\/api.w.org\/{rel}","templated":true}]}}