{"id":1475,"date":"2024-04-11T20:06:47","date_gmt":"2024-04-11T23:06:47","guid":{"rendered":"https:\/\/guialimeira.com.br\/2024\/04\/11\/lula-vai-vetar-proibicao-a-presos-de-visitarem-familiares\/"},"modified":"2024-04-11T20:06:47","modified_gmt":"2024-04-11T23:06:47","slug":"lula-vai-vetar-proibicao-a-presos-de-visitarem-familiares","status":"publish","type":"post","link":"https:\/\/guialimeira.com.br\/news\/lula-vai-vetar-proibicao-a-presos-de-visitarem-familiares\/","title":{"rendered":"Lula vai vetar proibi\u00e7\u00e3o a presos de visitarem familiares"},"content":{"rendered":"<p> <br \/>\n<\/p>\n<div>\n<p>O ministro da Justi\u00e7a e Seguran\u00e7a P\u00fablica, Ricardo Lewandowski, anunciou h\u00e1 pouco que o presidente Luiz In\u00e1cio Lula da Silva vai vetar um \u00fanico ponto do projeto de lei (PL) que acaba com as sa\u00eddas tempor\u00e1rias de presos em feriados e datas comemorativas.<img data-recalc-dims=\"1\" decoding=\"async\" src=\"https:\/\/i0.wp.com\/agenciabrasil.ebc.com.br\/ebc.png?w=696&#038;ssl=1\" style=\"width:1px; height:1px; display:inline;\"\/><img data-recalc-dims=\"1\" decoding=\"async\" src=\"https:\/\/i0.wp.com\/agenciabrasil.ebc.com.br\/ebc.gif?w=696&#038;ssl=1\" style=\"width:1px; height:1px; display:inline;\"\/><\/p>\n<p>Durante entrevista \u00e0 imprensa realizada no Pal\u00e1cio do Planalto, o ministro adiantou que o presidente vai vetar o trecho do PL\u00a0que impede as sa\u00eddas de presos em regime semiaberto para visitarem suas fam\u00edlias. Segundo Lewandowski, o restante da lei ser\u00e1 mantido.<\/p>\n<p>&#8220;Entendemos que a proibi\u00e7\u00e3o de visitas \u00e0s fam\u00edlias dos presos que j\u00e1 se encontram no regime semiaberto atenta contra valores fundamentais da Constitui\u00e7\u00e3o&#8221;, justificou o ministro.<\/p>\n<p>O projeto j\u00e1 passou pelo Senado e foi aprovado pela C\u00e2mara dos Deputados no m\u00eas passado. O prazo para san\u00e7\u00e3o ou veto da Presid\u00eancia da Rep\u00fablica termina nesta quinta-feira (11).<\/p>\n<p>Pela legisla\u00e7\u00e3o atual, os detentos t\u00eam direito de deixar o pres\u00eddio por cinco dias para visitar a fam\u00edlia em feriados, estudar fora ou participar de atividades de ressocializa\u00e7\u00e3o.<\/p>\n<\/p><\/div>\n<p><br \/>\n<br \/><a href=\"https:\/\/agenciabrasil.ebc.com.br\/politica\/noticia\/2024-04\/lula-vai-vetar-proibicao-presos-de-visitarem-familiares\" rel=\"noopener\">Ag\u00eancia Brasil<\/a><\/p>\n","protected":false},"excerpt":{"rendered":"<p>O ministro da Justi\u00e7a e Seguran\u00e7a P\u00fablica, Ricardo Lewandowski, anunciou h\u00e1 pouco que o presidente Luiz In\u00e1cio Lula da Silva vai vetar um \u00fanico ponto do projeto de lei (PL) que acaba com as sa\u00eddas tempor\u00e1rias de presos em feriados e datas comemorativas. Durante entrevista \u00e0 imprensa realizada no Pal\u00e1cio do Planalto, o ministro adiantou [&hellip;]<\/p>\n","protected":false},"author":1,"featured_media":1476,"comment_status":"open","ping_status":"open","sticky":false,"template":"","format":"standard","meta":{"_jetpack_newsletter_access":"","_jetpack_dont_email_post_to_subs":false,"_jetpack_newsletter_tier_id":0,"_jetpack_memberships_contains_paywalled_content":false,"_mbp_banners":[],"_jetpack_feature_clip_id":0,"_jetpack_memberships_contains_paid_content":false,"footnotes":"","jetpack_publicize_message":"","jetpack_publicize_feature_enabled":true,"jetpack_social_post_already_shared":true,"jetpack_social_options":{"image_generator_settings":{"template":"highway","default_image_id":0,"font":"","enabled":false},"version":2},"jetpack_post_was_ever_published":false},"categories":[22],"tags":[],"class_list":["post-1475","post","type-post","status-publish","format-standard","has-post-thumbnail","category-nacional"],"jetpack_publicize_connections":[],"jetpack-related-posts":[],"jetpack_shortlink":"https:\/\/wp.me\/p7Eq1F-nN","jetpack_sharing_enabled":true,"jetpack_featured_media_url":"https:\/\/i0.wp.com\/guialimeira.com.br\/news\/wp-content\/uploads\/2024\/04\/captura_de_tela_2024-04-11_180043ebc-enhance-faceai.jpeg?fit=1600%2C800&ssl=1","_links":{"self":[{"href":"https:\/\/guialimeira.com.br\/news\/wp-json\/wp\/v2\/posts\/1475","targetHints":{"allow":["GET"]}}],"collection":[{"href":"https:\/\/guialimeira.com.br\/news\/wp-json\/wp\/v2\/posts"}],"about":[{"href":"https:\/\/guialimeira.com.br\/news\/wp-json\/wp\/v2\/types\/post"}],"author":[{"embeddable":true,"href":"https:\/\/guialimeira.com.br\/news\/wp-json\/wp\/v2\/users\/1"}],"replies":[{"embeddable":true,"href":"https:\/\/guialimeira.com.br\/news\/wp-json\/wp\/v2\/comments?post=1475"}],"version-history":[{"count":0,"href":"https:\/\/guialimeira.com.br\/news\/wp-json\/wp\/v2\/posts\/1475\/revisions"}],"wp:featuredmedia":[{"embeddable":true,"href":"https:\/\/guialimeira.com.br\/news\/wp-json\/wp\/v2\/media\/1476"}],"wp:attachment":[{"href":"https:\/\/guialimeira.com.br\/news\/wp-json\/wp\/v2\/media?parent=1475"}],"wp:term":[{"taxonomy":"category","embeddable":true,"href":"https:\/\/guialimeira.com.br\/news\/wp-json\/wp\/v2\/categories?post=1475"},{"taxonomy":"post_tag","embeddable":true,"href":"https:\/\/guialimeira.com.br\/news\/wp-json\/wp\/v2\/tags?post=1475"}],"curies":[{"name":"wp","href":"https:\/\/api.w.org\/{rel}","templated":true}]}}